{"id":3428,"date":"2025-12-11T14:50:49","date_gmt":"2025-12-11T13:50:49","guid":{"rendered":"https:\/\/vb-bachstein.de\/wolfsburg\/?p=3428"},"modified":"2025-12-11T15:22:11","modified_gmt":"2025-12-11T14:22:11","slug":"linie-151-153-163-i-165-zamkniecie-b244-miedzy-suderwittingen-i-ohrdorf-06-10-2025-do-odwolania","status":"publish","type":"post","link":"https:\/\/vb-bachstein.de\/wolfsburg\/pl\/linien-151-153-163-und-165-sperrungen-der-b244-zwischen-suderwittingen-und-ohrdorf-06-10-2025-bis-auf-weiteres\/","title":{"rendered":"Linie 151, 153, 163 i 165 | Zamkni\u0119cie B244 mi\u0119dzy Suderwittingen i Ohrdorf: 06.10.2025 do odwo\u0142ania"},"content":{"rendered":"<div class=\"ce-textpic ce-right ce-intext\">\n<div class=\"ce-bodytext\">\n<h2>Nast\u0119pny etap budowy: zamkni\u0119cie drogi mi\u0119dzy Suderwittingen i Ohrdorf<\/h2>\n<p>Opr\u00f3cz zamkni\u0119\u0107, kt\u00f3re obowi\u0105zuj\u0105 od 1 wrze\u015bnia na drodze federalnej 244 mi\u0119dzy Wittingen i Brome, w poniedzia\u0142ek 6 pa\u017adziernika 2025 r. rozpocznie si\u0119 kolejny etap budowy. Odcinek mi\u0119dzy Suderwittingen i Ohrdorf r\u00f3wnie\u017c zostanie ca\u0142kowicie zamkni\u0119ty. Suderwittingen zostanie zatem ca\u0142kowicie odci\u0119te od ruchu przelotowego; tylko lokalni mieszka\u0144cy b\u0119d\u0105 mogli dotrze\u0107 do wioski.<\/p>\n<p>Ograniczenia dotycz\u0105 w r\u00f3wnym stopniu wszystkich u\u017cytkownik\u00f3w dr\u00f3g - zar\u00f3wno transportu prywatnego, jak i lokalnego transportu publicznego. W celu zapewnienia mobilno\u015bci pasa\u017cer\u00f3w, a w szczeg\u00f3lno\u015bci transportu szkolnego w fazie budowy, Verkehrsbetriebe Bachstein opracowa\u0142o dostosowan\u0105 koncepcj\u0119 rozk\u0142adu jazdy w \u015bcis\u0142ej wsp\u00f3\u0142pracy z Regionalverband Gro\u00dfraum Braunschweig (RGB) i powiatem Gifhorn.<\/p>\n<h2>Dywersja<\/h2>\n<p>Linie 151, 153, 163, 165 i przejazdy na specjalne zmiany VW musz\u0105 zosta\u0107 przekierowane na du\u017cym obszarze przez Schneflingen, K\u00fcstorf, Mahnburg, Hagen i Kakerbeck do i z Wittingen.<\/p>\n<h2>Transfer mi\u0119dzy Ohrdorf i K\u00fcstorf oraz dla uczni\u00f3w z Suderwittingen<\/h2>\n<p>Opr\u00f3cz istniej\u0105cego po\u0142\u0105czenia wahad\u0142owego mi\u0119dzy Zasenbeck i Radenbeck, na trasie 163 zostanie uruchomione po\u0142\u0105czenie wahad\u0142owe mi\u0119dzy \u201eOhrdorf, Schule\u201c i \u201eK\u00fcstorf, Ort\u201c. Jest to skoordynowane z po\u0142\u0105czeniami w kierunku Brome i Wittingen. Szczeg\u00f3\u0142owe informacje na temat transportu wahad\u0142owego mo\u017cna znale\u017a\u0107 w rozk\u0142adach jazdy.<\/p>\n<p>Ponadto nast\u0119puj\u0105ce przystanki nie mog\u0105 by\u0107 obs\u0142ugiwane:<\/p>\n<ul>\n<li>\u201eWittingen, po\u0142udnie\u201c<\/li>\n<li>\u201eSuderwittingen, Miejsce\u201c<\/li>\n<li>\u201eSuderwittingen, B244\u201c<\/li>\n<li>\u201eOhrdorf, centrum miasta\u201c<\/li>\n<\/ul>\n<p>Alternatywnie dost\u0119pne s\u0105 przystanki \u201eWittingen, Kakerbecker Stra\u00dfe\u201c i \u201eK\u00fcstorf, Ort\u201c.<\/p>\n<p>Dla uczni\u00f3w z Suderwittingen zostanie zorganizowany dodatkowy transport wahad\u0142owy. Szczeg\u00f3\u0142owe informacje zostan\u0105 przes\u0142ane bezpo\u015brednio do szk\u00f3\u0142\/rodzin przez powiat Gifhorn.<\/p>\n<p>Ograniczenia na trasach 160 i 162, kt\u00f3re obowi\u0105zuj\u0105 od 1 wrze\u015bnia, pozostaj\u0105 w mocy.<\/p>\n<p><strong><a class=\"external-link\" href=\"https:\/\/vb-bachstein.de\/wolfsburg\/plany-jazdy\/\" target=\"_blank\" rel=\"noopener\">Kliknij tutaj, aby zobaczy\u0107 rozk\u0142ady jazdy<\/a><\/strong><\/p>\n<h2 data-end=\"1025\" data-start=\"993\">Zmiany od 1 wrze\u015bnia 2025 r.<\/h2>\n<ul class=\"icons\" data-end=\"2040\" data-start=\"1027\">\n<li data-end=\"1316\" data-start=\"1027\">\n<p data-end=\"1316\" data-start=\"1029\"><strong data-end=\"1056\" data-start=\"1029\">Linie 151, 163 i 165<\/strong><br data-end=\"1059\" data-start=\"1056\" \/>Objazd przez Schneflingen, K\u00fcstorf, Ohrdorf i Suderwittingen i dalej przez Kakerbeck do Wittingen.<br data-end=\"1172\" data-start=\"1169\" \/>\u2192 <strong data-end=\"1215\" data-start=\"1176\">Dodatkowy czas podr\u00f3\u017cy ok. 10 minut<\/strong><br data-end=\"1218\" data-start=\"1215\" \/>\u2192 Rozk\u0142ady jazdy zostan\u0105 odpowiednio dostosowane (niekt\u00f3re zostan\u0105 przyspieszone\/wyd\u0142u\u017cone o 10 minut).<\/p>\n<\/li>\n<li data-end=\"1539\" data-start=\"1318\">\n<p data-end=\"1539\" data-start=\"1320\"><strong data-end=\"1337\" data-start=\"1320\">Miejsce Zasenbeck<\/strong><br data-end=\"1340\" data-start=\"1337\" \/>Ustanowienie <strong data-end=\"1372\" data-start=\"1360\">Wahad\u0142owce<\/strong> dla transportu szkolnego ze zmian\u0105 w Radenbeck.<br data-end=\"1424\" data-start=\"1421\" \/>Poza godzinami lekcyjnymi: <strong data-end=\"1478\" data-start=\"1453\">AnrufLinienTaxi (ALT)<\/strong> w weekendy i \u015bwi\u0119ta z po\u0142\u0105czeniem z lini\u0105 163.<\/p>\n<\/li>\n<li data-end=\"1659\" data-start=\"1541\">\n<p data-end=\"1659\" data-start=\"1543\"><strong data-end=\"1561\" data-start=\"1543\">Wittingen, Po\u0142udnie<\/strong><br data-end=\"1564\" data-start=\"1561\" \/>Przystanek ten zostanie anulowany na etapie budowy. Wymiana: <strong data-end=\"1656\" data-start=\"1623\">Wittingen, Kakerbecker Stra\u00dfe<\/strong>.<\/p>\n<\/li>\n<li data-end=\"1834\" data-start=\"1661\">\n<p data-end=\"1834\" data-start=\"1663\"><strong data-end=\"1676\" data-start=\"1663\">Linia 162<\/strong><br data-end=\"1679\" data-start=\"1676\" \/>Wieczorne wycieczki w dni szkolne i ca\u0142odniowe wycieczki w \u015bwi\u0119ta i soboty s\u0105 organizowane przez <strong data-end=\"1780\" data-start=\"1765\">ALT zast\u0105piony<\/strong>. Nowe czasy po\u0142\u0105cze\u0144 z lini\u0105 160.<\/p>\n<\/li>\n<li data-end=\"2040\" data-start=\"1836\">\n<p data-end=\"2040\" data-start=\"1838\"><strong data-end=\"1860\" data-start=\"1838\">RegioBus linia 160<\/strong><br data-end=\"1863\" data-start=\"1860\" \/>Niekt\u00f3re wieczorne i sobotnie wycieczki zostan\u0105 odwo\u0142ane.<br data-end=\"1912\" data-start=\"1909\" \/>Dostosowanie czas\u00f3w odlot\u00f3w \u2192 <strong data-end=\"1977\" data-start=\"1945\">znormalizowany cykl 2-godzinny<\/strong> w Wolfsburgu i Brome, nieznacznie zauwa\u017calne przez ca\u0142y dzie\u0144.<\/p>\n<\/li>\n<\/ul>\n<h2 data-end=\"2089\" data-start=\"2047\">Informacje dla uczni\u00f3w<\/h2>\n<ul class=\"icons\" data-end=\"2560\" data-start=\"2091\">\n<li data-end=\"2227\" data-start=\"2091\">\n<p data-end=\"2227\" data-start=\"2093\"><strong data-end=\"2118\" data-start=\"2093\">Linia 151, podr\u00f3\u017c 1001<\/strong><br data-end=\"2121\" data-start=\"2118\" \/>Przylot do Wittingen w przysz\u0142o\u015bci o 7:27. \u2192 Alternatywa: <strong data-end=\"2202\" data-start=\"2177\">Linia 165, podr\u00f3\u017c 1403<\/strong>, od 6:36 w Brome.<\/p>\n<\/li>\n<li data-end=\"2395\" data-start=\"2229\">\n<p data-end=\"2395\" data-start=\"2231\"><strong data-end=\"2306\" data-start=\"2231\">Linia 165, podr\u00f3\u017c 1396 (12:55) i linia 163, podr\u00f3\u017c 1367 (13:57)<\/strong><br data-end=\"2309\" data-start=\"2306\" \/>Obie podr\u00f3\u017ce b\u0119d\u0105 <strong data-end=\"2346\" data-start=\"2336\">Parsau<\/strong> przed\u0142u\u017cony \u2192 brak konieczno\u015bci przesiadki w Brome.<\/p>\n<\/li>\n<li data-end=\"2560\" data-start=\"2397\">\n<p data-end=\"2560\" data-start=\"2399\"><strong data-end=\"2454\" data-start=\"2399\">Linia 165, podr\u00f3\u017c 1399 (08:01 z Parsau, szko\u0142a)<\/strong><br data-end=\"2457\" data-start=\"2454\" \/>nie dzia\u0142a ju\u017c przez Zicherie. \u2192 Zast\u0119pstwo: <strong data-end=\"2526\" data-start=\"2501\">Linia 165, podr\u00f3\u017c 1383<\/strong>, od 07:47 w Zicherie, lokalizacja.<\/p>\n<\/li>\n<\/ul>\n<h5 data-end=\"2560\" data-start=\"2399\"><strong><a class=\"external-link\" href=\"https:\/\/vb-bachstein.de\/wolfsburg\/plany-jazdy\/\" target=\"_blank\" rel=\"noopener\">Kliknij tutaj, aby zobaczy\u0107 rozk\u0142ady jazdy<\/a><\/strong><\/h5>\n<\/div>\n<\/div>","protected":false},"excerpt":{"rendered":"<p>Kolejna faza budowy: zamkni\u0119cie odcinka mi\u0119dzy Suderwittingen i Ohrdorf Opr\u00f3cz zamkni\u0119\u0107, kt\u00f3re obowi\u0105zuj\u0105 od 1 wrze\u015bnia na drodze federalnej 244 mi\u0119dzy Wittingen i Brome, w poniedzia\u0142ek 6 pa\u017adziernika 2025 r. rozpocznie si\u0119 kolejna faza budowy. Odcinek mi\u0119dzy Suderwittingen i Ohrdorf r\u00f3wnie\u017c zostanie ca\u0142kowicie zamkni\u0119ty. Suderwittingen zostanie zatem ca\u0142kowicie odci\u0119te od ruchu przelotowego; tylko lokalni mieszka\u0144cy nadal b\u0119d\u0105 mogli dotrze\u0107 do wioski. Ograniczenia dotycz\u0105 w r\u00f3wnym stopniu wszystkich u\u017cytkownik\u00f3w dr\u00f3g - zar\u00f3wno transportu prywatnego, jak i lokalnego transportu publicznego. W celu zapewnienia mobilno\u015bci pasa\u017cer\u00f3w, a w szczeg\u00f3lno\u015bci transportu szkolnego w fazie budowy, Verkehrsbetriebe Bachstein opracowa\u0142o koncepcj\u0119 dostosowanego rozk\u0142adu jazdy w \u015bcis\u0142ej wsp\u00f3\u0142pracy z Regionalverband Gro\u00dfraum Braunschweig (RGB) i powiatem Gifhorn. Linie objazdowe 151, 153, 163, 165 i przejazdy na specjalne zmiany VW b\u0119d\u0105 musia\u0142y zosta\u0107 przekierowane na du\u017cym obszarze przez Schneflingen, K\u00fcstorf, Mahnburg, Hagen i Kakerbeck do i z Wittingen. Po\u0142\u0105czenie wahad\u0142owe mi\u0119dzy Ohrdorf i K\u00fcstorf oraz dla uczni\u00f3w z Suderwittingen Opr\u00f3cz istniej\u0105cego po\u0142\u0105czenia wahad\u0142owego mi\u0119dzy Zasenbeck i Radenbeck, na trasie 163 zostanie uruchomione po\u0142\u0105czenie wahad\u0142owe mi\u0119dzy \u201eOhrdorf, Schule\u201c i \u201eK\u00fcstorf, Ort\u201c. Jest to skoordynowane z po\u0142\u0105czeniami w kierunku Brome i Wittingen. Szczeg\u00f3\u0142owe informacje na temat transportu wahad\u0142owego mo\u017cna znale\u017a\u0107 w rozk\u0142adach jazdy. Ponadto nast\u0119puj\u0105ce przystanki nie mog\u0105 by\u0107 obs\u0142ugiwane: \u201eWittingen, S\u00fcd\u201c \u201eSuderwittingen, Ort\u201c \u201eSuderwittingen, B244\u201c \u201eOhrdorf, Ortsmitte\u201c Alternatywnie dost\u0119pne s\u0105 przystanki \u201eWittingen, Kakerbecker Stra\u00dfe\u201c i \u201eK\u00fcstorf, Ort\u201c. Dla uczni\u00f3w z Suderwittingen zostanie zorganizowany dodatkowy transport wahad\u0142owy. Szczeg\u00f3\u0142owe informacje zostan\u0105 przes\u0142ane bezpo\u015brednio do szk\u00f3\u0142 \/ rodzin przez powiat Gifhorn. Ograniczenia na trasach 160 i 162, kt\u00f3re obowi\u0105zuj\u0105 od 1 wrze\u015bnia, pozostan\u0105 w mocy. Kliknij tutaj, aby zobaczy\u0107 rozk\u0142ady jazdy Zmiany od 1 wrze\u015bnia 2025 r. Linie 151, 163 i 165 Zmiana trasy przez Schneflingen, K\u00fcstorf, Ohrdorf i Suderwittingen i dalej przez Kakerbeck do Wittingen.\u2192 Dodatkowy czas podr\u00f3\u017cy ok. 10 minut\u2192 Rozk\u0142ady jazdy zostan\u0105 odpowiednio dostosowane (niekt\u00f3re przyspieszone\/wyd\u0142u\u017cone o 10 minut). ZasenbeckUstanowienie transportu wahad\u0142owego dla transportu szkolnego z przesiadk\u0105 w Radenbeck.poza godzinami lekcyjnymi: Wezwanie taks\u00f3wki liniowej (ALT) w weekendy i dni \u015bwi\u0105teczne z po\u0142\u0105czeniem z lini\u0105 163.Wittingen, S\u00fcdPrzystanek ten zostanie zlikwidowany na etapie budowy. Zast\u0119pstwo: Wittingen, Kakerbecker Stra\u00dfe. Linia 162Wieczorne podr\u00f3\u017ce w dni szkolne i przez ca\u0142y dzie\u0144 w \u015bwi\u0119ta i soboty zostan\u0105 zast\u0105pione przez ALT. Niekt\u00f3re nowe godziny po\u0142\u0105cze\u0144 z tras\u0105 160. RegioBus trasa 160Niekt\u00f3re wieczorne i sobotnie przejazdy zostan\u0105 anulowane.Dostosowanie godzin odjazd\u00f3w \u2192 jednolity 2-godzinny interwa\u0142 w Wolfsburgu i Brome, przez ca\u0142y dzie\u0144, \u0142atwo zauwa\u017calny. Informacja dla uczni\u00f3w Linia 151, kurs 1001Przyjazd do Wittingen o 7:27 w przysz\u0142o\u015bci. \u2192 Alternatywnie: Linia 165, kurs 1403, od 6:36 w Brome. Linia 165, przejazd 1396 (12:55) i linia 163, przejazd 1367 (13:57)Oba przejazdy s\u0105 przed\u0142u\u017cone do Parsau \u2192 nie ma potrzeby przesiadki w Brome. Linia 165, przejazd 1399 (08:01 z Parsau, Schule) nie kursuje ju\u017c przez Zicherie. \u2192 Zast\u0119pstwo: Linia 165, kurs 1383, od 07:47 w Zicherie, Ort. Kliknij tutaj, aby zobaczy\u0107 rozk\u0142ady jazdy<\/p>","protected":false},"author":4,"featured_media":4003,"comment_status":"open","ping_status":"open","sticky":false,"template":"","format":"standard","meta":{"footnotes":""},"categories":[33],"tags":[],"class_list":["post-3428","post","type-post","status-publish","format-standard","has-post-thumbnail","hentry","category-fahrplanabweichungen"],"yoast_head":"<!-- This site is optimized with the Yoast SEO plugin v27.4 - https:\/\/yoast.com\/product\/yoast-seo-wordpress\/ -->\n<title>Linien 151, 153, 163 und 165 | Sperrungen der B244 zwischen Suderwittingen und Ohrdorf: 06.10.2025 bis auf Weiteres - VB-Wolfsburg<\/title>\n<meta name=\"robots\" content=\"index, follow, max-snippet:-1, max-image-preview:large, max-video-preview:-1\" \/>\n<link rel=\"canonical\" href=\"https:\/\/vb-bachstein.de\/wolfsburg\/linie-151-153-163-i-165-zamkniecie-b244-miedzy-suderwittingen-i-ohrdorf-06-10-2025-do-odwolania\/\" \/>\n<meta property=\"og:locale\" content=\"pl_PL\" \/>\n<meta property=\"og:type\" content=\"article\" \/>\n<meta property=\"og:title\" content=\"Linien 151, 153, 163 und 165 | Sperrungen der B244 zwischen Suderwittingen und Ohrdorf: 06.10.2025 bis auf Weiteres - VB-Wolfsburg\" \/>\n<meta property=\"og:description\" content=\"N\u00e4chster Bauabschnitt: Sperrung zwischen Suderwittingen und Ohrdorf Neben den bereits seit dem 1. September bestehenden Sperrungen im Verlauf der Bundesstra\u00dfe 244 zwischen Wittingen und Brome beginnt ab Montag, 6. Oktober 2025 ein weiterer Bauabschnitt. Dabei wird zus\u00e4tzlich die Strecke zwischen Suderwittingen und Ohrdorf voll gesperrt. Suderwittingen ist damit vollst\u00e4ndig vom Durchgangsverkehr abgeschnitten, lediglich Anlieger k\u00f6nnen den Ort weiterhin erreichen. Die Einschr\u00e4nkungen betreffen alle Verkehrsteilnehmer gleicherma\u00dfen \u2013 sowohl den Individualverkehr als auch den \u00f6ffentlichen Nahverkehr. Um die Mobilit\u00e4t der Fahrg\u00e4ste und insbesondere die Sch\u00fclerbef\u00f6rderung w\u00e4hrend der Bauphase sicherzustellen, haben die Verkehrsbetriebe Bachstein in enger Abstimmung mit dem Regionalverband Gro\u00dfraum Braunschweig (RGB) sowie dem Landkreis Gifhorn ein angepasstes Fahrplankonzept erarbeitet. Umleitung Die Linien 151, 153, 163, 165 sowie die Fahrten zu den VW-Sonderschichten m\u00fcssen weitr\u00e4umig \u00fcber Schneflingen, K\u00fcstorf, Mahnburg, Hagen und Kakerbeck von und nach Wittingen umgeleitet werden. Shuttleverkehr zwischen Ohrdorf und K\u00fcstorf sowie f\u00fcr Sch\u00fclerinnen und Sch\u00fcler aus Suderwittingen Neben dem bestehenden Shuttleverkehr zwischen Zasenbeck und Radenbeck, wird ein Shuttleverkehr auf der Linie 163 zwischen \u201eOhrdorf, Schule\u201c und \u201eK\u00fcstorf, Ort\u201c eingerichtet. Dieser ist auf die Anschlussfahrten in Richtung Brome und Wittingen abgestimmt. Detaillierte Informationen zum Shuttleverkehr sind den Fahrpl\u00e4nen zu entnehmen. Weiterhin k\u00f6nnen die folgenden Haltestellen nicht bedient werden: \u201eWittingen, S\u00fcd\u201c \u201eSuderwittingen, Ort\u201c \u201eSuderwittingen, B244\u201c \u201eOhrdorf, Ortsmitte\u201c Ersatzweise stehen die Haltestellen \u201eWittingen, Kakerbecker Stra\u00dfe\u201c und \u201eK\u00fcstorf, Ort\u201c zu Verf\u00fcgung. F\u00fcr die Bef\u00f6rderung der Sch\u00fclerinnen und Sch\u00fcler aus Suderwittingen wird ein weiterer Shuttleverkehr eingerichtet. Detaillierte Informationen erfolgen durch den Landkreis Gifhorn direkt an die Schulen \/ Familien. Die bereits seit dem 1. September geltenden Einschr\u00e4nkungen auf den Linien 160 und 162 bleiben weiterhin bestehen. Hier gehts zu den Fahrpl\u00e4nen \u00c4nderungen seit dem 1. September 2025 Linien 151, 163 und 165Umleitung \u00fcber Schneflingen, K\u00fcstorf, Ohrdorf und Suderwittingen sowie weiter \u00fcber Kakerbeck nach Wittingen.\u2192 Zus\u00e4tzliche Fahrzeit ca. 10 Minuten\u2192 Fahrpl\u00e4ne werden entsprechend angepasst (teilweise Vorverlegung\/Verl\u00e4ngerung um 10 Minuten). Ort ZasenbeckEinrichtung eines Shuttles f\u00fcr den Sch\u00fclerverkehr mit Umstieg in Radenbeck.Au\u00dferhalb der Schulzeiten: AnrufLinienTaxi (ALT) an Wochenenden und Ferientagen mit Anschluss an Linie 163. Wittingen, S\u00fcdDiese Haltestelle entf\u00e4llt w\u00e4hrend der Bauphase. Ersatz: Wittingen, Kakerbecker Stra\u00dfe. Linie 162Abendfahrten an Schultagen sowie ganztags an Ferientagen und Samstagen werden durch ALT ersetzt. Teilweise neue Zeiten f\u00fcr Anschl\u00fcsse an Linie 160. RegioBus-Linie 160Einige Abend- und Samstagsfahrten entfallen.Anpassung der Abfahrtszeiten \u2192 einheitlicher 2-Stunden-Takt in Wolfsburg und Brome, den ganzen Tag \u00fcber, leicht merkbar. Hinweise f\u00fcr Sch\u00fclerinnen und Sch\u00fcler Linie 151, Fahrt 1001Ankunft in Wittingen k\u00fcnftig 7:27 Uhr. \u2192 Alternative: Linie 165, Fahrt 1403, ab 6:36 Uhr in Brome. Linie 165, Fahrt 1396 (12:55 Uhr) und Linie 163, Fahrt 1367 (13:57 Uhr)Beide Fahrten werden bis Parsau verl\u00e4ngert \u2192 kein Umstieg mehr in Brome n\u00f6tig. Linie 165, Fahrt 1399 (08:01 Uhr ab Parsau, Schule)f\u00e4hrt nicht mehr \u00fcber Zicherie. \u2192 Ersatz: Linie 165, Fahrt 1383, ab 07:47 Uhr in Zicherie, Ort. Hier geht\u00b4s zu den Fahrpl\u00e4nen\" \/>\n<meta property=\"og:url\" content=\"https:\/\/vb-bachstein.de\/wolfsburg\/linie-151-153-163-i-165-zamkniecie-b244-miedzy-suderwittingen-i-ohrdorf-06-10-2025-do-odwolania\/\" \/>\n<meta property=\"og:site_name\" content=\"VB-Wolfsburg\" \/>\n<meta property=\"article:published_time\" content=\"2025-12-11T13:50:49+00:00\" \/>\n<meta property=\"article:modified_time\" content=\"2025-12-11T14:22:11+00:00\" \/>\n<meta name=\"author\" content=\"sprager\" \/>\n<meta name=\"twitter:card\" content=\"summary_large_image\" \/>\n<meta name=\"twitter:label1\" content=\"Napisane przez\" \/>\n\t<meta name=\"twitter:data1\" content=\"sprager\" \/>\n\t<meta name=\"twitter:label2\" content=\"Szacowany czas czytania\" \/>\n\t<meta name=\"twitter:data2\" content=\"3 minuty\" \/>\n<script type=\"application\/ld+json\" class=\"yoast-schema-graph\">{\"@context\":\"https:\\\/\\\/schema.org\",\"@graph\":[{\"@type\":\"Article\",\"@id\":\"https:\\\/\\\/vb-bachstein.de\\\/wolfsburg\\\/linien-151-153-163-und-165-sperrungen-der-b244-zwischen-suderwittingen-und-ohrdorf-06-10-2025-bis-auf-weiteres\\\/#article\",\"isPartOf\":{\"@id\":\"https:\\\/\\\/vb-bachstein.de\\\/wolfsburg\\\/linien-151-153-163-und-165-sperrungen-der-b244-zwischen-suderwittingen-und-ohrdorf-06-10-2025-bis-auf-weiteres\\\/\"},\"author\":{\"name\":\"sprager\",\"@id\":\"https:\\\/\\\/vb-bachstein.de\\\/wolfsburg\\\/#\\\/schema\\\/person\\\/b008f998d49926c8ddca013e5a810139\"},\"headline\":\"Linien 151, 153, 163 und 165 | Sperrungen der B244 zwischen Suderwittingen und Ohrdorf: 06.10.2025 bis auf Weiteres\",\"datePublished\":\"2025-12-11T13:50:49+00:00\",\"dateModified\":\"2025-12-11T14:22:11+00:00\",\"mainEntityOfPage\":{\"@id\":\"https:\\\/\\\/vb-bachstein.de\\\/wolfsburg\\\/linien-151-153-163-und-165-sperrungen-der-b244-zwischen-suderwittingen-und-ohrdorf-06-10-2025-bis-auf-weiteres\\\/\"},\"wordCount\":493,\"commentCount\":0,\"publisher\":{\"@id\":\"https:\\\/\\\/vb-bachstein.de\\\/wolfsburg\\\/#organization\"},\"image\":{\"@id\":\"https:\\\/\\\/vb-bachstein.de\\\/wolfsburg\\\/linien-151-153-163-und-165-sperrungen-der-b244-zwischen-suderwittingen-und-ohrdorf-06-10-2025-bis-auf-weiteres\\\/#primaryimage\"},\"thumbnailUrl\":\"https:\\\/\\\/vb-bachstein.de\\\/wolfsburg\\\/wp-content\\\/uploads\\\/sites\\\/14\\\/header-subsite_stoerungen-vb.jpg\",\"articleSection\":[\"Fahrplanabweichungen\"],\"inLanguage\":\"pl-PL\",\"potentialAction\":[{\"@type\":\"CommentAction\",\"name\":\"Comment\",\"target\":[\"https:\\\/\\\/vb-bachstein.de\\\/wolfsburg\\\/linien-151-153-163-und-165-sperrungen-der-b244-zwischen-suderwittingen-und-ohrdorf-06-10-2025-bis-auf-weiteres\\\/#respond\"]}]},{\"@type\":\"WebPage\",\"@id\":\"https:\\\/\\\/vb-bachstein.de\\\/wolfsburg\\\/linien-151-153-163-und-165-sperrungen-der-b244-zwischen-suderwittingen-und-ohrdorf-06-10-2025-bis-auf-weiteres\\\/\",\"url\":\"https:\\\/\\\/vb-bachstein.de\\\/wolfsburg\\\/linien-151-153-163-und-165-sperrungen-der-b244-zwischen-suderwittingen-und-ohrdorf-06-10-2025-bis-auf-weiteres\\\/\",\"name\":\"Linien 151, 153, 163 und 165 | Sperrungen der B244 zwischen Suderwittingen und Ohrdorf: 06.10.2025 bis auf Weiteres - VB-Wolfsburg\",\"isPartOf\":{\"@id\":\"https:\\\/\\\/vb-bachstein.de\\\/wolfsburg\\\/#website\"},\"primaryImageOfPage\":{\"@id\":\"https:\\\/\\\/vb-bachstein.de\\\/wolfsburg\\\/linien-151-153-163-und-165-sperrungen-der-b244-zwischen-suderwittingen-und-ohrdorf-06-10-2025-bis-auf-weiteres\\\/#primaryimage\"},\"image\":{\"@id\":\"https:\\\/\\\/vb-bachstein.de\\\/wolfsburg\\\/linien-151-153-163-und-165-sperrungen-der-b244-zwischen-suderwittingen-und-ohrdorf-06-10-2025-bis-auf-weiteres\\\/#primaryimage\"},\"thumbnailUrl\":\"https:\\\/\\\/vb-bachstein.de\\\/wolfsburg\\\/wp-content\\\/uploads\\\/sites\\\/14\\\/header-subsite_stoerungen-vb.jpg\",\"datePublished\":\"2025-12-11T13:50:49+00:00\",\"dateModified\":\"2025-12-11T14:22:11+00:00\",\"breadcrumb\":{\"@id\":\"https:\\\/\\\/vb-bachstein.de\\\/wolfsburg\\\/linien-151-153-163-und-165-sperrungen-der-b244-zwischen-suderwittingen-und-ohrdorf-06-10-2025-bis-auf-weiteres\\\/#breadcrumb\"},\"inLanguage\":\"pl-PL\",\"potentialAction\":[{\"@type\":\"ReadAction\",\"target\":[\"https:\\\/\\\/vb-bachstein.de\\\/wolfsburg\\\/linien-151-153-163-und-165-sperrungen-der-b244-zwischen-suderwittingen-und-ohrdorf-06-10-2025-bis-auf-weiteres\\\/\"]}]},{\"@type\":\"ImageObject\",\"inLanguage\":\"pl-PL\",\"@id\":\"https:\\\/\\\/vb-bachstein.de\\\/wolfsburg\\\/linien-151-153-163-und-165-sperrungen-der-b244-zwischen-suderwittingen-und-ohrdorf-06-10-2025-bis-auf-weiteres\\\/#primaryimage\",\"url\":\"https:\\\/\\\/vb-bachstein.de\\\/wolfsburg\\\/wp-content\\\/uploads\\\/sites\\\/14\\\/header-subsite_stoerungen-vb.jpg\",\"contentUrl\":\"https:\\\/\\\/vb-bachstein.de\\\/wolfsburg\\\/wp-content\\\/uploads\\\/sites\\\/14\\\/header-subsite_stoerungen-vb.jpg\"},{\"@type\":\"BreadcrumbList\",\"@id\":\"https:\\\/\\\/vb-bachstein.de\\\/wolfsburg\\\/linien-151-153-163-und-165-sperrungen-der-b244-zwischen-suderwittingen-und-ohrdorf-06-10-2025-bis-auf-weiteres\\\/#breadcrumb\",\"itemListElement\":[{\"@type\":\"ListItem\",\"position\":1,\"name\":\"Startseite\",\"item\":\"https:\\\/\\\/vb-bachstein.de\\\/wolfsburg\\\/\"},{\"@type\":\"ListItem\",\"position\":2,\"name\":\"Linien 151, 153, 163 und 165 | Sperrungen der B244 zwischen Suderwittingen und Ohrdorf: 06.10.2025 bis auf Weiteres\"}]},{\"@type\":\"WebSite\",\"@id\":\"https:\\\/\\\/vb-bachstein.de\\\/wolfsburg\\\/#website\",\"url\":\"https:\\\/\\\/vb-bachstein.de\\\/wolfsburg\\\/\",\"name\":\"VB-Wolfsburg\",\"description\":\"\",\"publisher\":{\"@id\":\"https:\\\/\\\/vb-bachstein.de\\\/wolfsburg\\\/#organization\"},\"potentialAction\":[{\"@type\":\"SearchAction\",\"target\":{\"@type\":\"EntryPoint\",\"urlTemplate\":\"https:\\\/\\\/vb-bachstein.de\\\/wolfsburg\\\/?s={search_term_string}\"},\"query-input\":{\"@type\":\"PropertyValueSpecification\",\"valueRequired\":true,\"valueName\":\"search_term_string\"}}],\"inLanguage\":\"pl-PL\"},{\"@type\":\"Organization\",\"@id\":\"https:\\\/\\\/vb-bachstein.de\\\/wolfsburg\\\/#organization\",\"name\":\"VB-Wolfsburg\",\"url\":\"https:\\\/\\\/vb-bachstein.de\\\/wolfsburg\\\/\",\"logo\":{\"@type\":\"ImageObject\",\"inLanguage\":\"pl-PL\",\"@id\":\"https:\\\/\\\/vb-bachstein.de\\\/wolfsburg\\\/#\\\/schema\\\/logo\\\/image\\\/\",\"url\":\"https:\\\/\\\/vb-bachstein.de\\\/wolfsburg\\\/wp-content\\\/uploads\\\/sites\\\/14\\\/vb-bachstein_logo.svg\",\"contentUrl\":\"https:\\\/\\\/vb-bachstein.de\\\/wolfsburg\\\/wp-content\\\/uploads\\\/sites\\\/14\\\/vb-bachstein_logo.svg\",\"caption\":\"VB-Wolfsburg\"},\"image\":{\"@id\":\"https:\\\/\\\/vb-bachstein.de\\\/wolfsburg\\\/#\\\/schema\\\/logo\\\/image\\\/\"}},{\"@type\":\"Person\",\"@id\":\"https:\\\/\\\/vb-bachstein.de\\\/wolfsburg\\\/#\\\/schema\\\/person\\\/b008f998d49926c8ddca013e5a810139\",\"name\":\"sprager\",\"image\":{\"@type\":\"ImageObject\",\"inLanguage\":\"pl-PL\",\"@id\":\"https:\\\/\\\/secure.gravatar.com\\\/avatar\\\/c9f4904d5ee6846a305eba03c67dfde589dc71ebb212f17ea973f97cbdd5f980?s=96&d=mm&r=g\",\"url\":\"https:\\\/\\\/secure.gravatar.com\\\/avatar\\\/c9f4904d5ee6846a305eba03c67dfde589dc71ebb212f17ea973f97cbdd5f980?s=96&d=mm&r=g\",\"contentUrl\":\"https:\\\/\\\/secure.gravatar.com\\\/avatar\\\/c9f4904d5ee6846a305eba03c67dfde589dc71ebb212f17ea973f97cbdd5f980?s=96&d=mm&r=g\",\"caption\":\"sprager\"},\"url\":\"https:\\\/\\\/vb-bachstein.de\\\/wolfsburg\\\/pl\\\/author\\\/sprager\\\/\"}]}<\/script>\n<!-- \/ Yoast SEO plugin. -->","yoast_head_json":{"title":"Linie 151, 153, 163 i 165 | Zamkni\u0119cie B244 mi\u0119dzy Suderwittingen i Ohrdorf: 06.10.2025 do odwo\u0142ania - VB-Wolfsburg","robots":{"index":"index","follow":"follow","max-snippet":"max-snippet:-1","max-image-preview":"max-image-preview:large","max-video-preview":"max-video-preview:-1"},"canonical":"https:\/\/vb-bachstein.de\/wolfsburg\/linie-151-153-163-i-165-zamkniecie-b244-miedzy-suderwittingen-i-ohrdorf-06-10-2025-do-odwolania\/","og_locale":"pl_PL","og_type":"article","og_title":"Linien 151, 153, 163 und 165 | Sperrungen der B244 zwischen Suderwittingen und Ohrdorf: 06.10.2025 bis auf Weiteres - VB-Wolfsburg","og_description":"N\u00e4chster Bauabschnitt: Sperrung zwischen Suderwittingen und Ohrdorf Neben den bereits seit dem 1. September bestehenden Sperrungen im Verlauf der Bundesstra\u00dfe 244 zwischen Wittingen und Brome beginnt ab Montag, 6. Oktober 2025 ein weiterer Bauabschnitt. Dabei wird zus\u00e4tzlich die Strecke zwischen Suderwittingen und Ohrdorf voll gesperrt. Suderwittingen ist damit vollst\u00e4ndig vom Durchgangsverkehr abgeschnitten, lediglich Anlieger k\u00f6nnen den Ort weiterhin erreichen. Die Einschr\u00e4nkungen betreffen alle Verkehrsteilnehmer gleicherma\u00dfen \u2013 sowohl den Individualverkehr als auch den \u00f6ffentlichen Nahverkehr. Um die Mobilit\u00e4t der Fahrg\u00e4ste und insbesondere die Sch\u00fclerbef\u00f6rderung w\u00e4hrend der Bauphase sicherzustellen, haben die Verkehrsbetriebe Bachstein in enger Abstimmung mit dem Regionalverband Gro\u00dfraum Braunschweig (RGB) sowie dem Landkreis Gifhorn ein angepasstes Fahrplankonzept erarbeitet. Umleitung Die Linien 151, 153, 163, 165 sowie die Fahrten zu den VW-Sonderschichten m\u00fcssen weitr\u00e4umig \u00fcber Schneflingen, K\u00fcstorf, Mahnburg, Hagen und Kakerbeck von und nach Wittingen umgeleitet werden. Shuttleverkehr zwischen Ohrdorf und K\u00fcstorf sowie f\u00fcr Sch\u00fclerinnen und Sch\u00fcler aus Suderwittingen Neben dem bestehenden Shuttleverkehr zwischen Zasenbeck und Radenbeck, wird ein Shuttleverkehr auf der Linie 163 zwischen \u201eOhrdorf, Schule\u201c und \u201eK\u00fcstorf, Ort\u201c eingerichtet. Dieser ist auf die Anschlussfahrten in Richtung Brome und Wittingen abgestimmt. Detaillierte Informationen zum Shuttleverkehr sind den Fahrpl\u00e4nen zu entnehmen. Weiterhin k\u00f6nnen die folgenden Haltestellen nicht bedient werden: \u201eWittingen, S\u00fcd\u201c \u201eSuderwittingen, Ort\u201c \u201eSuderwittingen, B244\u201c \u201eOhrdorf, Ortsmitte\u201c Ersatzweise stehen die Haltestellen \u201eWittingen, Kakerbecker Stra\u00dfe\u201c und \u201eK\u00fcstorf, Ort\u201c zu Verf\u00fcgung. F\u00fcr die Bef\u00f6rderung der Sch\u00fclerinnen und Sch\u00fcler aus Suderwittingen wird ein weiterer Shuttleverkehr eingerichtet. Detaillierte Informationen erfolgen durch den Landkreis Gifhorn direkt an die Schulen \/ Familien. Die bereits seit dem 1. September geltenden Einschr\u00e4nkungen auf den Linien 160 und 162 bleiben weiterhin bestehen. Hier gehts zu den Fahrpl\u00e4nen \u00c4nderungen seit dem 1. September 2025 Linien 151, 163 und 165Umleitung \u00fcber Schneflingen, K\u00fcstorf, Ohrdorf und Suderwittingen sowie weiter \u00fcber Kakerbeck nach Wittingen.\u2192 Zus\u00e4tzliche Fahrzeit ca. 10 Minuten\u2192 Fahrpl\u00e4ne werden entsprechend angepasst (teilweise Vorverlegung\/Verl\u00e4ngerung um 10 Minuten). Ort ZasenbeckEinrichtung eines Shuttles f\u00fcr den Sch\u00fclerverkehr mit Umstieg in Radenbeck.Au\u00dferhalb der Schulzeiten: AnrufLinienTaxi (ALT) an Wochenenden und Ferientagen mit Anschluss an Linie 163. Wittingen, S\u00fcdDiese Haltestelle entf\u00e4llt w\u00e4hrend der Bauphase. Ersatz: Wittingen, Kakerbecker Stra\u00dfe. Linie 162Abendfahrten an Schultagen sowie ganztags an Ferientagen und Samstagen werden durch ALT ersetzt. Teilweise neue Zeiten f\u00fcr Anschl\u00fcsse an Linie 160. RegioBus-Linie 160Einige Abend- und Samstagsfahrten entfallen.Anpassung der Abfahrtszeiten \u2192 einheitlicher 2-Stunden-Takt in Wolfsburg und Brome, den ganzen Tag \u00fcber, leicht merkbar. Hinweise f\u00fcr Sch\u00fclerinnen und Sch\u00fcler Linie 151, Fahrt 1001Ankunft in Wittingen k\u00fcnftig 7:27 Uhr. \u2192 Alternative: Linie 165, Fahrt 1403, ab 6:36 Uhr in Brome. Linie 165, Fahrt 1396 (12:55 Uhr) und Linie 163, Fahrt 1367 (13:57 Uhr)Beide Fahrten werden bis Parsau verl\u00e4ngert \u2192 kein Umstieg mehr in Brome n\u00f6tig. Linie 165, Fahrt 1399 (08:01 Uhr ab Parsau, Schule)f\u00e4hrt nicht mehr \u00fcber Zicherie. \u2192 Ersatz: Linie 165, Fahrt 1383, ab 07:47 Uhr in Zicherie, Ort. Hier geht\u00b4s zu den Fahrpl\u00e4nen","og_url":"https:\/\/vb-bachstein.de\/wolfsburg\/linie-151-153-163-i-165-zamkniecie-b244-miedzy-suderwittingen-i-ohrdorf-06-10-2025-do-odwolania\/","og_site_name":"VB-Wolfsburg","article_published_time":"2025-12-11T13:50:49+00:00","article_modified_time":"2025-12-11T14:22:11+00:00","author":"sprager","twitter_card":"summary_large_image","twitter_misc":{"Napisane przez":"sprager","Szacowany czas czytania":"3 minuty"},"schema":{"@context":"https:\/\/schema.org","@graph":[{"@type":"Article","@id":"https:\/\/vb-bachstein.de\/wolfsburg\/linien-151-153-163-und-165-sperrungen-der-b244-zwischen-suderwittingen-und-ohrdorf-06-10-2025-bis-auf-weiteres\/#article","isPartOf":{"@id":"https:\/\/vb-bachstein.de\/wolfsburg\/linien-151-153-163-und-165-sperrungen-der-b244-zwischen-suderwittingen-und-ohrdorf-06-10-2025-bis-auf-weiteres\/"},"author":{"name":"sprager","@id":"https:\/\/vb-bachstein.de\/wolfsburg\/#\/schema\/person\/b008f998d49926c8ddca013e5a810139"},"headline":"Linien 151, 153, 163 und 165 | Sperrungen der B244 zwischen Suderwittingen und Ohrdorf: 06.10.2025 bis auf Weiteres","datePublished":"2025-12-11T13:50:49+00:00","dateModified":"2025-12-11T14:22:11+00:00","mainEntityOfPage":{"@id":"https:\/\/vb-bachstein.de\/wolfsburg\/linien-151-153-163-und-165-sperrungen-der-b244-zwischen-suderwittingen-und-ohrdorf-06-10-2025-bis-auf-weiteres\/"},"wordCount":493,"commentCount":0,"publisher":{"@id":"https:\/\/vb-bachstein.de\/wolfsburg\/#organization"},"image":{"@id":"https:\/\/vb-bachstein.de\/wolfsburg\/linien-151-153-163-und-165-sperrungen-der-b244-zwischen-suderwittingen-und-ohrdorf-06-10-2025-bis-auf-weiteres\/#primaryimage"},"thumbnailUrl":"https:\/\/vb-bachstein.de\/wolfsburg\/wp-content\/uploads\/sites\/14\/header-subsite_stoerungen-vb.jpg","articleSection":["Fahrplanabweichungen"],"inLanguage":"pl-PL","potentialAction":[{"@type":"CommentAction","name":"Comment","target":["https:\/\/vb-bachstein.de\/wolfsburg\/linien-151-153-163-und-165-sperrungen-der-b244-zwischen-suderwittingen-und-ohrdorf-06-10-2025-bis-auf-weiteres\/#respond"]}]},{"@type":"WebPage","@id":"https:\/\/vb-bachstein.de\/wolfsburg\/linien-151-153-163-und-165-sperrungen-der-b244-zwischen-suderwittingen-und-ohrdorf-06-10-2025-bis-auf-weiteres\/","url":"https:\/\/vb-bachstein.de\/wolfsburg\/linien-151-153-163-und-165-sperrungen-der-b244-zwischen-suderwittingen-und-ohrdorf-06-10-2025-bis-auf-weiteres\/","name":"Linie 151, 153, 163 i 165 | Zamkni\u0119cie B244 mi\u0119dzy Suderwittingen i Ohrdorf: 06.10.2025 do odwo\u0142ania - VB-Wolfsburg","isPartOf":{"@id":"https:\/\/vb-bachstein.de\/wolfsburg\/#website"},"primaryImageOfPage":{"@id":"https:\/\/vb-bachstein.de\/wolfsburg\/linien-151-153-163-und-165-sperrungen-der-b244-zwischen-suderwittingen-und-ohrdorf-06-10-2025-bis-auf-weiteres\/#primaryimage"},"image":{"@id":"https:\/\/vb-bachstein.de\/wolfsburg\/linien-151-153-163-und-165-sperrungen-der-b244-zwischen-suderwittingen-und-ohrdorf-06-10-2025-bis-auf-weiteres\/#primaryimage"},"thumbnailUrl":"https:\/\/vb-bachstein.de\/wolfsburg\/wp-content\/uploads\/sites\/14\/header-subsite_stoerungen-vb.jpg","datePublished":"2025-12-11T13:50:49+00:00","dateModified":"2025-12-11T14:22:11+00:00","breadcrumb":{"@id":"https:\/\/vb-bachstein.de\/wolfsburg\/linien-151-153-163-und-165-sperrungen-der-b244-zwischen-suderwittingen-und-ohrdorf-06-10-2025-bis-auf-weiteres\/#breadcrumb"},"inLanguage":"pl-PL","potentialAction":[{"@type":"ReadAction","target":["https:\/\/vb-bachstein.de\/wolfsburg\/linien-151-153-163-und-165-sperrungen-der-b244-zwischen-suderwittingen-und-ohrdorf-06-10-2025-bis-auf-weiteres\/"]}]},{"@type":"ImageObject","inLanguage":"pl-PL","@id":"https:\/\/vb-bachstein.de\/wolfsburg\/linien-151-153-163-und-165-sperrungen-der-b244-zwischen-suderwittingen-und-ohrdorf-06-10-2025-bis-auf-weiteres\/#primaryimage","url":"https:\/\/vb-bachstein.de\/wolfsburg\/wp-content\/uploads\/sites\/14\/header-subsite_stoerungen-vb.jpg","contentUrl":"https:\/\/vb-bachstein.de\/wolfsburg\/wp-content\/uploads\/sites\/14\/header-subsite_stoerungen-vb.jpg"},{"@type":"BreadcrumbList","@id":"https:\/\/vb-bachstein.de\/wolfsburg\/linien-151-153-163-und-165-sperrungen-der-b244-zwischen-suderwittingen-und-ohrdorf-06-10-2025-bis-auf-weiteres\/#breadcrumb","itemListElement":[{"@type":"ListItem","position":1,"name":"Startseite","item":"https:\/\/vb-bachstein.de\/wolfsburg\/"},{"@type":"ListItem","position":2,"name":"Linien 151, 153, 163 und 165 | Sperrungen der B244 zwischen Suderwittingen und Ohrdorf: 06.10.2025 bis auf Weiteres"}]},{"@type":"WebSite","@id":"https:\/\/vb-bachstein.de\/wolfsburg\/#website","url":"https:\/\/vb-bachstein.de\/wolfsburg\/","name":"VB-Wolfsburg","description":"","publisher":{"@id":"https:\/\/vb-bachstein.de\/wolfsburg\/#organization"},"potentialAction":[{"@type":"SearchAction","target":{"@type":"EntryPoint","urlTemplate":"https:\/\/vb-bachstein.de\/wolfsburg\/?s={search_term_string}"},"query-input":{"@type":"PropertyValueSpecification","valueRequired":true,"valueName":"search_term_string"}}],"inLanguage":"pl-PL"},{"@type":"Organization","@id":"https:\/\/vb-bachstein.de\/wolfsburg\/#organization","name":"VB-Wolfsburg","url":"https:\/\/vb-bachstein.de\/wolfsburg\/","logo":{"@type":"ImageObject","inLanguage":"pl-PL","@id":"https:\/\/vb-bachstein.de\/wolfsburg\/#\/schema\/logo\/image\/","url":"https:\/\/vb-bachstein.de\/wolfsburg\/wp-content\/uploads\/sites\/14\/vb-bachstein_logo.svg","contentUrl":"https:\/\/vb-bachstein.de\/wolfsburg\/wp-content\/uploads\/sites\/14\/vb-bachstein_logo.svg","caption":"VB-Wolfsburg"},"image":{"@id":"https:\/\/vb-bachstein.de\/wolfsburg\/#\/schema\/logo\/image\/"}},{"@type":"Person","@id":"https:\/\/vb-bachstein.de\/wolfsburg\/#\/schema\/person\/b008f998d49926c8ddca013e5a810139","name":"sprager","image":{"@type":"ImageObject","inLanguage":"pl-PL","@id":"https:\/\/secure.gravatar.com\/avatar\/c9f4904d5ee6846a305eba03c67dfde589dc71ebb212f17ea973f97cbdd5f980?s=96&d=mm&r=g","url":"https:\/\/secure.gravatar.com\/avatar\/c9f4904d5ee6846a305eba03c67dfde589dc71ebb212f17ea973f97cbdd5f980?s=96&d=mm&r=g","contentUrl":"https:\/\/secure.gravatar.com\/avatar\/c9f4904d5ee6846a305eba03c67dfde589dc71ebb212f17ea973f97cbdd5f980?s=96&d=mm&r=g","caption":"sprager"},"url":"https:\/\/vb-bachstein.de\/wolfsburg\/pl\/author\/sprager\/"}]}},"_links":{"self":[{"href":"https:\/\/vb-bachstein.de\/wolfsburg\/pl\/wp-json\/wp\/v2\/posts\/3428","targetHints":{"allow":["GET"]}}],"collection":[{"href":"https:\/\/vb-bachstein.de\/wolfsburg\/pl\/wp-json\/wp\/v2\/posts"}],"about":[{"href":"https:\/\/vb-bachstein.de\/wolfsburg\/pl\/wp-json\/wp\/v2\/types\/post"}],"author":[{"embeddable":true,"href":"https:\/\/vb-bachstein.de\/wolfsburg\/pl\/wp-json\/wp\/v2\/users\/4"}],"replies":[{"embeddable":true,"href":"https:\/\/vb-bachstein.de\/wolfsburg\/pl\/wp-json\/wp\/v2\/comments?post=3428"}],"version-history":[{"count":0,"href":"https:\/\/vb-bachstein.de\/wolfsburg\/pl\/wp-json\/wp\/v2\/posts\/3428\/revisions"}],"wp:featuredmedia":[{"embeddable":true,"href":"https:\/\/vb-bachstein.de\/wolfsburg\/pl\/wp-json\/"}],"wp:attachment":[{"href":"https:\/\/vb-bachstein.de\/wolfsburg\/pl\/wp-json\/wp\/v2\/media?parent=3428"}],"wp:term":[{"taxonomy":"category","embeddable":true,"href":"https:\/\/vb-bachstein.de\/wolfsburg\/pl\/wp-json\/wp\/v2\/categories?post=3428"},{"taxonomy":"post_tag","embeddable":true,"href":"https:\/\/vb-bachstein.de\/wolfsburg\/pl\/wp-json\/wp\/v2\/tags?post=3428"}],"curies":[{"name":"wp","href":"https:\/\/api.w.org\/{rel}","templated":true}]}}