{"id":3422,"date":"2026-01-29T10:37:15","date_gmt":"2026-01-29T09:37:15","guid":{"rendered":"https:\/\/vb-bachstein.de\/wolfsburg\/?p=3422"},"modified":"2026-01-29T11:07:09","modified_gmt":"2026-01-29T10:07:09","slug":"reorganizujemy-polaczenia-autobusowe-miedzy-wittingen-brome-i-wolfsburgiem-od-2026-roku","status":"publish","type":"post","link":"https:\/\/vb-bachstein.de\/wolfsburg\/pl\/wir-gestalten-den-busverkehr-zwischen-wittingen-brome-und-wolfsburg-ab-2026-neu\/","title":{"rendered":"Od 2026 r. reorganizujemy po\u0142\u0105czenia autobusowe mi\u0119dzy Wittingen, Brome i Wolfsburgiem."},"content":{"rendered":"<p>Aby lokalny transport publiczny w Twoim regionie by\u0142 bardziej atrakcyjny i niezawodny, planujemy nowe trasy od 2026 roku - dla lepszych po\u0142\u0105cze\u0144 i przejrzystych rozk\u0142ad\u00f3w jazdy. <a class=\"external-link\" href=\"https:\/\/vb-bachstein.de\/wolfsburg\/mobilnosc\/nowy-plan-z-wittingen-przez-brome-do-wolfsburga\/\" target=\"_blank\" rel=\"noopener\">Oto nasze najwa\u017cniejsze cele<\/a>.<\/p>","protected":false},"excerpt":{"rendered":"<p>Aby lokalny transport publiczny w Twoim regionie by\u0142 bardziej atrakcyjny i niezawodny, planujemy nowe trasy od 2026 roku - dla lepszych po\u0142\u0105cze\u0144 i przejrzystych rozk\u0142ad\u00f3w jazdy. Oto nasze najwa\u017cniejsze cele.<\/p>","protected":false},"author":4,"featured_media":3285,"comment_status":"open","ping_status":"open","sticky":false,"template":"","format":"standard","meta":{"footnotes":""},"categories":[1],"tags":[],"class_list":["post-3422","post","type-post","status-publish","format-standard","has-post-thumbnail","hentry","category-news"],"yoast_head":"<!-- This site is optimized with the Yoast SEO plugin v27.4 - https:\/\/yoast.com\/product\/yoast-seo-wordpress\/ -->\n<title>Wir gestalten den Busverkehr zwischen Wittingen, Brome und Wolfsburg ab 2026 neu - VB-Wolfsburg<\/title>\n<meta name=\"robots\" content=\"index, follow, max-snippet:-1, max-image-preview:large, max-video-preview:-1\" \/>\n<link rel=\"canonical\" href=\"https:\/\/vb-bachstein.de\/wolfsburg\/reorganizujemy-polaczenia-autobusowe-miedzy-wittingen-brome-i-wolfsburgiem-od-2026-roku\/\" \/>\n<meta property=\"og:locale\" content=\"pl_PL\" \/>\n<meta property=\"og:type\" content=\"article\" \/>\n<meta property=\"og:title\" content=\"Wir gestalten den Busverkehr zwischen Wittingen, Brome und Wolfsburg ab 2026 neu - VB-Wolfsburg\" \/>\n<meta property=\"og:description\" content=\"Um den \u00f6ffentlichen Nahverkehr in deiner Region attraktiver und verl\u00e4sslicher zu machen, planen wir ab 2026 neue Linienf\u00fchrungen \u2013 f\u00fcr bessere Anschl\u00fcsse und klare Fahrpl\u00e4ne. Hier findest unsere wichtigsten Ziele dabei.\" \/>\n<meta property=\"og:url\" content=\"https:\/\/vb-bachstein.de\/wolfsburg\/reorganizujemy-polaczenia-autobusowe-miedzy-wittingen-brome-i-wolfsburgiem-od-2026-roku\/\" \/>\n<meta property=\"og:site_name\" content=\"VB-Wolfsburg\" \/>\n<meta property=\"article:published_time\" content=\"2026-01-29T09:37:15+00:00\" \/>\n<meta property=\"article:modified_time\" content=\"2026-01-29T10:07:09+00:00\" \/>\n<meta name=\"author\" content=\"sprager\" \/>\n<meta name=\"twitter:card\" content=\"summary_large_image\" \/>\n<meta name=\"twitter:label1\" content=\"Napisane przez\" \/>\n\t<meta name=\"twitter:data1\" content=\"sprager\" \/>\n\t<meta name=\"twitter:label2\" content=\"Szacowany czas czytania\" \/>\n\t<meta name=\"twitter:data2\" content=\"1 minuta\" \/>\n<script type=\"application\/ld+json\" class=\"yoast-schema-graph\">{\"@context\":\"https:\\\/\\\/schema.org\",\"@graph\":[{\"@type\":\"Article\",\"@id\":\"https:\\\/\\\/vb-bachstein.de\\\/wolfsburg\\\/wir-gestalten-den-busverkehr-zwischen-wittingen-brome-und-wolfsburg-ab-2026-neu\\\/#article\",\"isPartOf\":{\"@id\":\"https:\\\/\\\/vb-bachstein.de\\\/wolfsburg\\\/wir-gestalten-den-busverkehr-zwischen-wittingen-brome-und-wolfsburg-ab-2026-neu\\\/\"},\"author\":{\"name\":\"sprager\",\"@id\":\"https:\\\/\\\/vb-bachstein.de\\\/wolfsburg\\\/#\\\/schema\\\/person\\\/b008f998d49926c8ddca013e5a810139\"},\"headline\":\"Wir gestalten den Busverkehr zwischen Wittingen, Brome und Wolfsburg ab 2026 neu\",\"datePublished\":\"2026-01-29T09:37:15+00:00\",\"dateModified\":\"2026-01-29T10:07:09+00:00\",\"mainEntityOfPage\":{\"@id\":\"https:\\\/\\\/vb-bachstein.de\\\/wolfsburg\\\/wir-gestalten-den-busverkehr-zwischen-wittingen-brome-und-wolfsburg-ab-2026-neu\\\/\"},\"wordCount\":45,\"commentCount\":0,\"publisher\":{\"@id\":\"https:\\\/\\\/vb-bachstein.de\\\/wolfsburg\\\/#organization\"},\"image\":{\"@id\":\"https:\\\/\\\/vb-bachstein.de\\\/wolfsburg\\\/wir-gestalten-den-busverkehr-zwischen-wittingen-brome-und-wolfsburg-ab-2026-neu\\\/#primaryimage\"},\"thumbnailUrl\":\"https:\\\/\\\/vb-bachstein.de\\\/wolfsburg\\\/wp-content\\\/uploads\\\/sites\\\/14\\\/vb-bachstein_home-3-scaled.jpg\",\"articleSection\":[\"News\"],\"inLanguage\":\"pl-PL\",\"potentialAction\":[{\"@type\":\"CommentAction\",\"name\":\"Comment\",\"target\":[\"https:\\\/\\\/vb-bachstein.de\\\/wolfsburg\\\/wir-gestalten-den-busverkehr-zwischen-wittingen-brome-und-wolfsburg-ab-2026-neu\\\/#respond\"]}]},{\"@type\":\"WebPage\",\"@id\":\"https:\\\/\\\/vb-bachstein.de\\\/wolfsburg\\\/wir-gestalten-den-busverkehr-zwischen-wittingen-brome-und-wolfsburg-ab-2026-neu\\\/\",\"url\":\"https:\\\/\\\/vb-bachstein.de\\\/wolfsburg\\\/wir-gestalten-den-busverkehr-zwischen-wittingen-brome-und-wolfsburg-ab-2026-neu\\\/\",\"name\":\"Wir gestalten den Busverkehr zwischen Wittingen, Brome und Wolfsburg ab 2026 neu - VB-Wolfsburg\",\"isPartOf\":{\"@id\":\"https:\\\/\\\/vb-bachstein.de\\\/wolfsburg\\\/#website\"},\"primaryImageOfPage\":{\"@id\":\"https:\\\/\\\/vb-bachstein.de\\\/wolfsburg\\\/wir-gestalten-den-busverkehr-zwischen-wittingen-brome-und-wolfsburg-ab-2026-neu\\\/#primaryimage\"},\"image\":{\"@id\":\"https:\\\/\\\/vb-bachstein.de\\\/wolfsburg\\\/wir-gestalten-den-busverkehr-zwischen-wittingen-brome-und-wolfsburg-ab-2026-neu\\\/#primaryimage\"},\"thumbnailUrl\":\"https:\\\/\\\/vb-bachstein.de\\\/wolfsburg\\\/wp-content\\\/uploads\\\/sites\\\/14\\\/vb-bachstein_home-3-scaled.jpg\",\"datePublished\":\"2026-01-29T09:37:15+00:00\",\"dateModified\":\"2026-01-29T10:07:09+00:00\",\"breadcrumb\":{\"@id\":\"https:\\\/\\\/vb-bachstein.de\\\/wolfsburg\\\/wir-gestalten-den-busverkehr-zwischen-wittingen-brome-und-wolfsburg-ab-2026-neu\\\/#breadcrumb\"},\"inLanguage\":\"pl-PL\",\"potentialAction\":[{\"@type\":\"ReadAction\",\"target\":[\"https:\\\/\\\/vb-bachstein.de\\\/wolfsburg\\\/wir-gestalten-den-busverkehr-zwischen-wittingen-brome-und-wolfsburg-ab-2026-neu\\\/\"]}]},{\"@type\":\"ImageObject\",\"inLanguage\":\"pl-PL\",\"@id\":\"https:\\\/\\\/vb-bachstein.de\\\/wolfsburg\\\/wir-gestalten-den-busverkehr-zwischen-wittingen-brome-und-wolfsburg-ab-2026-neu\\\/#primaryimage\",\"url\":\"https:\\\/\\\/vb-bachstein.de\\\/wolfsburg\\\/wp-content\\\/uploads\\\/sites\\\/14\\\/vb-bachstein_home-3-scaled.jpg\",\"contentUrl\":\"https:\\\/\\\/vb-bachstein.de\\\/wolfsburg\\\/wp-content\\\/uploads\\\/sites\\\/14\\\/vb-bachstein_home-3-scaled.jpg\"},{\"@type\":\"BreadcrumbList\",\"@id\":\"https:\\\/\\\/vb-bachstein.de\\\/wolfsburg\\\/wir-gestalten-den-busverkehr-zwischen-wittingen-brome-und-wolfsburg-ab-2026-neu\\\/#breadcrumb\",\"itemListElement\":[{\"@type\":\"ListItem\",\"position\":1,\"name\":\"Startseite\",\"item\":\"https:\\\/\\\/vb-bachstein.de\\\/wolfsburg\\\/\"},{\"@type\":\"ListItem\",\"position\":2,\"name\":\"Wir gestalten den Busverkehr zwischen Wittingen, Brome und Wolfsburg ab 2026 neu\"}]},{\"@type\":\"WebSite\",\"@id\":\"https:\\\/\\\/vb-bachstein.de\\\/wolfsburg\\\/#website\",\"url\":\"https:\\\/\\\/vb-bachstein.de\\\/wolfsburg\\\/\",\"name\":\"VB-Wolfsburg\",\"description\":\"\",\"publisher\":{\"@id\":\"https:\\\/\\\/vb-bachstein.de\\\/wolfsburg\\\/#organization\"},\"potentialAction\":[{\"@type\":\"SearchAction\",\"target\":{\"@type\":\"EntryPoint\",\"urlTemplate\":\"https:\\\/\\\/vb-bachstein.de\\\/wolfsburg\\\/?s={search_term_string}\"},\"query-input\":{\"@type\":\"PropertyValueSpecification\",\"valueRequired\":true,\"valueName\":\"search_term_string\"}}],\"inLanguage\":\"pl-PL\"},{\"@type\":\"Organization\",\"@id\":\"https:\\\/\\\/vb-bachstein.de\\\/wolfsburg\\\/#organization\",\"name\":\"VB-Wolfsburg\",\"url\":\"https:\\\/\\\/vb-bachstein.de\\\/wolfsburg\\\/\",\"logo\":{\"@type\":\"ImageObject\",\"inLanguage\":\"pl-PL\",\"@id\":\"https:\\\/\\\/vb-bachstein.de\\\/wolfsburg\\\/#\\\/schema\\\/logo\\\/image\\\/\",\"url\":\"https:\\\/\\\/vb-bachstein.de\\\/wolfsburg\\\/wp-content\\\/uploads\\\/sites\\\/14\\\/vb-bachstein_logo.svg\",\"contentUrl\":\"https:\\\/\\\/vb-bachstein.de\\\/wolfsburg\\\/wp-content\\\/uploads\\\/sites\\\/14\\\/vb-bachstein_logo.svg\",\"caption\":\"VB-Wolfsburg\"},\"image\":{\"@id\":\"https:\\\/\\\/vb-bachstein.de\\\/wolfsburg\\\/#\\\/schema\\\/logo\\\/image\\\/\"}},{\"@type\":\"Person\",\"@id\":\"https:\\\/\\\/vb-bachstein.de\\\/wolfsburg\\\/#\\\/schema\\\/person\\\/b008f998d49926c8ddca013e5a810139\",\"name\":\"sprager\",\"image\":{\"@type\":\"ImageObject\",\"inLanguage\":\"pl-PL\",\"@id\":\"https:\\\/\\\/secure.gravatar.com\\\/avatar\\\/c9f4904d5ee6846a305eba03c67dfde589dc71ebb212f17ea973f97cbdd5f980?s=96&d=mm&r=g\",\"url\":\"https:\\\/\\\/secure.gravatar.com\\\/avatar\\\/c9f4904d5ee6846a305eba03c67dfde589dc71ebb212f17ea973f97cbdd5f980?s=96&d=mm&r=g\",\"contentUrl\":\"https:\\\/\\\/secure.gravatar.com\\\/avatar\\\/c9f4904d5ee6846a305eba03c67dfde589dc71ebb212f17ea973f97cbdd5f980?s=96&d=mm&r=g\",\"caption\":\"sprager\"},\"url\":\"https:\\\/\\\/vb-bachstein.de\\\/wolfsburg\\\/pl\\\/author\\\/sprager\\\/\"}]}<\/script>\n<!-- \/ Yoast SEO plugin. -->","yoast_head_json":{"title":"Reorganizujemy po\u0142\u0105czenia autobusowe mi\u0119dzy Wittingen, Brome i Wolfsburgiem od 2026 roku - VB-Wolfsburg","robots":{"index":"index","follow":"follow","max-snippet":"max-snippet:-1","max-image-preview":"max-image-preview:large","max-video-preview":"max-video-preview:-1"},"canonical":"https:\/\/vb-bachstein.de\/wolfsburg\/reorganizujemy-polaczenia-autobusowe-miedzy-wittingen-brome-i-wolfsburgiem-od-2026-roku\/","og_locale":"pl_PL","og_type":"article","og_title":"Wir gestalten den Busverkehr zwischen Wittingen, Brome und Wolfsburg ab 2026 neu - VB-Wolfsburg","og_description":"Um den \u00f6ffentlichen Nahverkehr in deiner Region attraktiver und verl\u00e4sslicher zu machen, planen wir ab 2026 neue Linienf\u00fchrungen \u2013 f\u00fcr bessere Anschl\u00fcsse und klare Fahrpl\u00e4ne. Hier findest unsere wichtigsten Ziele dabei.","og_url":"https:\/\/vb-bachstein.de\/wolfsburg\/reorganizujemy-polaczenia-autobusowe-miedzy-wittingen-brome-i-wolfsburgiem-od-2026-roku\/","og_site_name":"VB-Wolfsburg","article_published_time":"2026-01-29T09:37:15+00:00","article_modified_time":"2026-01-29T10:07:09+00:00","author":"sprager","twitter_card":"summary_large_image","twitter_misc":{"Napisane przez":"sprager","Szacowany czas czytania":"1 minuta"},"schema":{"@context":"https:\/\/schema.org","@graph":[{"@type":"Article","@id":"https:\/\/vb-bachstein.de\/wolfsburg\/wir-gestalten-den-busverkehr-zwischen-wittingen-brome-und-wolfsburg-ab-2026-neu\/#article","isPartOf":{"@id":"https:\/\/vb-bachstein.de\/wolfsburg\/wir-gestalten-den-busverkehr-zwischen-wittingen-brome-und-wolfsburg-ab-2026-neu\/"},"author":{"name":"sprager","@id":"https:\/\/vb-bachstein.de\/wolfsburg\/#\/schema\/person\/b008f998d49926c8ddca013e5a810139"},"headline":"Wir gestalten den Busverkehr zwischen Wittingen, Brome und Wolfsburg ab 2026 neu","datePublished":"2026-01-29T09:37:15+00:00","dateModified":"2026-01-29T10:07:09+00:00","mainEntityOfPage":{"@id":"https:\/\/vb-bachstein.de\/wolfsburg\/wir-gestalten-den-busverkehr-zwischen-wittingen-brome-und-wolfsburg-ab-2026-neu\/"},"wordCount":45,"commentCount":0,"publisher":{"@id":"https:\/\/vb-bachstein.de\/wolfsburg\/#organization"},"image":{"@id":"https:\/\/vb-bachstein.de\/wolfsburg\/wir-gestalten-den-busverkehr-zwischen-wittingen-brome-und-wolfsburg-ab-2026-neu\/#primaryimage"},"thumbnailUrl":"https:\/\/vb-bachstein.de\/wolfsburg\/wp-content\/uploads\/sites\/14\/vb-bachstein_home-3-scaled.jpg","articleSection":["News"],"inLanguage":"pl-PL","potentialAction":[{"@type":"CommentAction","name":"Comment","target":["https:\/\/vb-bachstein.de\/wolfsburg\/wir-gestalten-den-busverkehr-zwischen-wittingen-brome-und-wolfsburg-ab-2026-neu\/#respond"]}]},{"@type":"WebPage","@id":"https:\/\/vb-bachstein.de\/wolfsburg\/wir-gestalten-den-busverkehr-zwischen-wittingen-brome-und-wolfsburg-ab-2026-neu\/","url":"https:\/\/vb-bachstein.de\/wolfsburg\/wir-gestalten-den-busverkehr-zwischen-wittingen-brome-und-wolfsburg-ab-2026-neu\/","name":"Reorganizujemy po\u0142\u0105czenia autobusowe mi\u0119dzy Wittingen, Brome i Wolfsburgiem od 2026 roku - VB-Wolfsburg","isPartOf":{"@id":"https:\/\/vb-bachstein.de\/wolfsburg\/#website"},"primaryImageOfPage":{"@id":"https:\/\/vb-bachstein.de\/wolfsburg\/wir-gestalten-den-busverkehr-zwischen-wittingen-brome-und-wolfsburg-ab-2026-neu\/#primaryimage"},"image":{"@id":"https:\/\/vb-bachstein.de\/wolfsburg\/wir-gestalten-den-busverkehr-zwischen-wittingen-brome-und-wolfsburg-ab-2026-neu\/#primaryimage"},"thumbnailUrl":"https:\/\/vb-bachstein.de\/wolfsburg\/wp-content\/uploads\/sites\/14\/vb-bachstein_home-3-scaled.jpg","datePublished":"2026-01-29T09:37:15+00:00","dateModified":"2026-01-29T10:07:09+00:00","breadcrumb":{"@id":"https:\/\/vb-bachstein.de\/wolfsburg\/wir-gestalten-den-busverkehr-zwischen-wittingen-brome-und-wolfsburg-ab-2026-neu\/#breadcrumb"},"inLanguage":"pl-PL","potentialAction":[{"@type":"ReadAction","target":["https:\/\/vb-bachstein.de\/wolfsburg\/wir-gestalten-den-busverkehr-zwischen-wittingen-brome-und-wolfsburg-ab-2026-neu\/"]}]},{"@type":"ImageObject","inLanguage":"pl-PL","@id":"https:\/\/vb-bachstein.de\/wolfsburg\/wir-gestalten-den-busverkehr-zwischen-wittingen-brome-und-wolfsburg-ab-2026-neu\/#primaryimage","url":"https:\/\/vb-bachstein.de\/wolfsburg\/wp-content\/uploads\/sites\/14\/vb-bachstein_home-3-scaled.jpg","contentUrl":"https:\/\/vb-bachstein.de\/wolfsburg\/wp-content\/uploads\/sites\/14\/vb-bachstein_home-3-scaled.jpg"},{"@type":"BreadcrumbList","@id":"https:\/\/vb-bachstein.de\/wolfsburg\/wir-gestalten-den-busverkehr-zwischen-wittingen-brome-und-wolfsburg-ab-2026-neu\/#breadcrumb","itemListElement":[{"@type":"ListItem","position":1,"name":"Startseite","item":"https:\/\/vb-bachstein.de\/wolfsburg\/"},{"@type":"ListItem","position":2,"name":"Wir gestalten den Busverkehr zwischen Wittingen, Brome und Wolfsburg ab 2026 neu"}]},{"@type":"WebSite","@id":"https:\/\/vb-bachstein.de\/wolfsburg\/#website","url":"https:\/\/vb-bachstein.de\/wolfsburg\/","name":"VB-Wolfsburg","description":"","publisher":{"@id":"https:\/\/vb-bachstein.de\/wolfsburg\/#organization"},"potentialAction":[{"@type":"SearchAction","target":{"@type":"EntryPoint","urlTemplate":"https:\/\/vb-bachstein.de\/wolfsburg\/?s={search_term_string}"},"query-input":{"@type":"PropertyValueSpecification","valueRequired":true,"valueName":"search_term_string"}}],"inLanguage":"pl-PL"},{"@type":"Organization","@id":"https:\/\/vb-bachstein.de\/wolfsburg\/#organization","name":"VB-Wolfsburg","url":"https:\/\/vb-bachstein.de\/wolfsburg\/","logo":{"@type":"ImageObject","inLanguage":"pl-PL","@id":"https:\/\/vb-bachstein.de\/wolfsburg\/#\/schema\/logo\/image\/","url":"https:\/\/vb-bachstein.de\/wolfsburg\/wp-content\/uploads\/sites\/14\/vb-bachstein_logo.svg","contentUrl":"https:\/\/vb-bachstein.de\/wolfsburg\/wp-content\/uploads\/sites\/14\/vb-bachstein_logo.svg","caption":"VB-Wolfsburg"},"image":{"@id":"https:\/\/vb-bachstein.de\/wolfsburg\/#\/schema\/logo\/image\/"}},{"@type":"Person","@id":"https:\/\/vb-bachstein.de\/wolfsburg\/#\/schema\/person\/b008f998d49926c8ddca013e5a810139","name":"sprager","image":{"@type":"ImageObject","inLanguage":"pl-PL","@id":"https:\/\/secure.gravatar.com\/avatar\/c9f4904d5ee6846a305eba03c67dfde589dc71ebb212f17ea973f97cbdd5f980?s=96&d=mm&r=g","url":"https:\/\/secure.gravatar.com\/avatar\/c9f4904d5ee6846a305eba03c67dfde589dc71ebb212f17ea973f97cbdd5f980?s=96&d=mm&r=g","contentUrl":"https:\/\/secure.gravatar.com\/avatar\/c9f4904d5ee6846a305eba03c67dfde589dc71ebb212f17ea973f97cbdd5f980?s=96&d=mm&r=g","caption":"sprager"},"url":"https:\/\/vb-bachstein.de\/wolfsburg\/pl\/author\/sprager\/"}]}},"_links":{"self":[{"href":"https:\/\/vb-bachstein.de\/wolfsburg\/pl\/wp-json\/wp\/v2\/posts\/3422","targetHints":{"allow":["GET"]}}],"collection":[{"href":"https:\/\/vb-bachstein.de\/wolfsburg\/pl\/wp-json\/wp\/v2\/posts"}],"about":[{"href":"https:\/\/vb-bachstein.de\/wolfsburg\/pl\/wp-json\/wp\/v2\/types\/post"}],"author":[{"embeddable":true,"href":"https:\/\/vb-bachstein.de\/wolfsburg\/pl\/wp-json\/wp\/v2\/users\/4"}],"replies":[{"embeddable":true,"href":"https:\/\/vb-bachstein.de\/wolfsburg\/pl\/wp-json\/wp\/v2\/comments?post=3422"}],"version-history":[{"count":0,"href":"https:\/\/vb-bachstein.de\/wolfsburg\/pl\/wp-json\/wp\/v2\/posts\/3422\/revisions"}],"wp:featuredmedia":[{"embeddable":true,"href":"https:\/\/vb-bachstein.de\/wolfsburg\/pl\/wp-json\/wp\/v2\/posts\/3285"}],"wp:attachment":[{"href":"https:\/\/vb-bachstein.de\/wolfsburg\/pl\/wp-json\/wp\/v2\/media?parent=3422"}],"wp:term":[{"taxonomy":"category","embeddable":true,"href":"https:\/\/vb-bachstein.de\/wolfsburg\/pl\/wp-json\/wp\/v2\/categories?post=3422"},{"taxonomy":"post_tag","embeddable":true,"href":"https:\/\/vb-bachstein.de\/wolfsburg\/pl\/wp-json\/wp\/v2\/tags?post=3422"}],"curies":[{"name":"wp","href":"https:\/\/api.w.org\/{rel}","templated":true}]}}