{"id":3413,"date":"2026-04-13T10:22:20","date_gmt":"2026-04-13T08:22:20","guid":{"rendered":"https:\/\/vb-bachstein.de\/salzgitter\/?p=3413"},"modified":"2026-04-13T10:22:20","modified_gmt":"2026-04-13T08:22:20","slug":"linie-656-sperrung-sehlde-hubertusstrasse-13-04-26-06-2026","status":"publish","type":"post","link":"https:\/\/vb-bachstein.de\/salzgitter\/linie-656-sperrung-sehlde-hubertusstrasse-13-04-26-06-2026\/","title":{"rendered":"Linie 656 | Sperrung Sehlde, Hubertusstra\u00dfe: 13.04. &#8211; 26.06.2026"},"content":{"rendered":"<p>Aufgrund von Kanalbauarbeiten ist die Hubertusstra\u00dfe in Sehlde im Zeitraum von Montag, 13. April bis Freitag, 26. Juni 2026 gesperrt. Die Umleitung der Linie 656 erfolgt \u00fcber die Hainbergstra\u00dfe. Die Haltestelle Sehlde, Ort entf\u00e4llt. Ersatzweise bieten wir eine Haltestelle in der Hainbergstra\u00dfe an.<\/p>\n","protected":false},"excerpt":{"rendered":"<p>Aufgrund von Kanalbauarbeiten ist die Hubertusstra\u00dfe in Sehlde im Zeitraum von Montag, 13. April bis Freitag, 26. Juni 2026 gesperrt. Die Umleitung der Linie 656 erfolgt \u00fcber die Hainbergstra\u00dfe. Die Haltestelle Sehlde, Ort entf\u00e4llt. Ersatzweise bieten wir eine Haltestelle in der Hainbergstra\u00dfe an.<\/p>\n","protected":false},"author":6,"featured_media":4003,"comment_status":"open","ping_status":"open","sticky":false,"template":"","format":"standard","meta":{"footnotes":""},"categories":[33],"tags":[],"class_list":["post-3413","post","type-post","status-publish","format-standard","has-post-thumbnail","hentry","category-fahrplanabweichungen"],"yoast_head":"<!-- This site is optimized with the Yoast SEO plugin v27.4 - https:\/\/yoast.com\/product\/yoast-seo-wordpress\/ -->\n<title>Linie 656 | Sperrung Sehlde, Hubertusstra\u00dfe: 13.04. - 26.06.2026 - VB-Salzgitter<\/title>\n<meta name=\"robots\" content=\"index, follow, max-snippet:-1, max-image-preview:large, max-video-preview:-1\" \/>\n<link rel=\"canonical\" href=\"https:\/\/vb-bachstein.de\/salzgitter\/linie-656-sperrung-sehlde-hubertusstrasse-13-04-26-06-2026\/\" \/>\n<meta property=\"og:locale\" content=\"de_DE\" \/>\n<meta property=\"og:type\" content=\"article\" \/>\n<meta property=\"og:title\" content=\"Linie 656 | Sperrung Sehlde, Hubertusstra\u00dfe: 13.04. - 26.06.2026 - VB-Salzgitter\" \/>\n<meta property=\"og:description\" content=\"Aufgrund von Kanalbauarbeiten ist die Hubertusstra\u00dfe in Sehlde im Zeitraum von Montag, 13. April bis Freitag, 26. Juni 2026 gesperrt. Die Umleitung der Linie 656 erfolgt \u00fcber die Hainbergstra\u00dfe. Die Haltestelle Sehlde, Ort entf\u00e4llt. Ersatzweise bieten wir eine Haltestelle in der Hainbergstra\u00dfe an.\" \/>\n<meta property=\"og:url\" content=\"https:\/\/vb-bachstein.de\/salzgitter\/linie-656-sperrung-sehlde-hubertusstrasse-13-04-26-06-2026\/\" \/>\n<meta property=\"og:site_name\" content=\"VB-Salzgitter\" \/>\n<meta property=\"article:published_time\" content=\"2026-04-13T08:22:20+00:00\" \/>\n<meta name=\"author\" content=\"peters\" \/>\n<meta name=\"twitter:card\" content=\"summary_large_image\" \/>\n<meta name=\"twitter:label1\" content=\"Verfasst von\" \/>\n\t<meta name=\"twitter:data1\" content=\"peters\" \/>\n\t<meta name=\"twitter:label2\" content=\"Gesch\u00e4tzte Lesezeit\" \/>\n\t<meta name=\"twitter:data2\" content=\"1\u00a0Minute\" \/>\n<script type=\"application\/ld+json\" class=\"yoast-schema-graph\">{\"@context\":\"https:\\\/\\\/schema.org\",\"@graph\":[{\"@type\":\"Article\",\"@id\":\"https:\\\/\\\/vb-bachstein.de\\\/salzgitter\\\/linie-656-sperrung-sehlde-hubertusstrasse-13-04-26-06-2026\\\/#article\",\"isPartOf\":{\"@id\":\"https:\\\/\\\/vb-bachstein.de\\\/salzgitter\\\/linie-656-sperrung-sehlde-hubertusstrasse-13-04-26-06-2026\\\/\"},\"author\":{\"name\":\"peters\",\"@id\":\"https:\\\/\\\/vb-bachstein.de\\\/salzgitter\\\/#\\\/schema\\\/person\\\/a751b88c01dcbf14a5413f0808dacb67\"},\"headline\":\"Linie 656 | Sperrung Sehlde, Hubertusstra\u00dfe: 13.04. &#8211; 26.06.2026\",\"datePublished\":\"2026-04-13T08:22:20+00:00\",\"mainEntityOfPage\":{\"@id\":\"https:\\\/\\\/vb-bachstein.de\\\/salzgitter\\\/linie-656-sperrung-sehlde-hubertusstrasse-13-04-26-06-2026\\\/\"},\"wordCount\":49,\"commentCount\":0,\"publisher\":{\"@id\":\"https:\\\/\\\/vb-bachstein.de\\\/salzgitter\\\/#organization\"},\"image\":{\"@id\":\"https:\\\/\\\/vb-bachstein.de\\\/salzgitter\\\/linie-656-sperrung-sehlde-hubertusstrasse-13-04-26-06-2026\\\/#primaryimage\"},\"thumbnailUrl\":\"https:\\\/\\\/vb-bachstein.de\\\/salzgitter\\\/wp-content\\\/uploads\\\/sites\\\/14\\\/header-subsite_stoerungen-vb.jpg\",\"articleSection\":[\"Fahrplanabweichungen\"],\"inLanguage\":\"de\",\"potentialAction\":[{\"@type\":\"CommentAction\",\"name\":\"Comment\",\"target\":[\"https:\\\/\\\/vb-bachstein.de\\\/salzgitter\\\/linie-656-sperrung-sehlde-hubertusstrasse-13-04-26-06-2026\\\/#respond\"]}]},{\"@type\":\"WebPage\",\"@id\":\"https:\\\/\\\/vb-bachstein.de\\\/salzgitter\\\/linie-656-sperrung-sehlde-hubertusstrasse-13-04-26-06-2026\\\/\",\"url\":\"https:\\\/\\\/vb-bachstein.de\\\/salzgitter\\\/linie-656-sperrung-sehlde-hubertusstrasse-13-04-26-06-2026\\\/\",\"name\":\"Linie 656 | Sperrung Sehlde, Hubertusstra\u00dfe: 13.04. - 26.06.2026 - VB-Salzgitter\",\"isPartOf\":{\"@id\":\"https:\\\/\\\/vb-bachstein.de\\\/salzgitter\\\/#website\"},\"primaryImageOfPage\":{\"@id\":\"https:\\\/\\\/vb-bachstein.de\\\/salzgitter\\\/linie-656-sperrung-sehlde-hubertusstrasse-13-04-26-06-2026\\\/#primaryimage\"},\"image\":{\"@id\":\"https:\\\/\\\/vb-bachstein.de\\\/salzgitter\\\/linie-656-sperrung-sehlde-hubertusstrasse-13-04-26-06-2026\\\/#primaryimage\"},\"thumbnailUrl\":\"https:\\\/\\\/vb-bachstein.de\\\/salzgitter\\\/wp-content\\\/uploads\\\/sites\\\/14\\\/header-subsite_stoerungen-vb.jpg\",\"datePublished\":\"2026-04-13T08:22:20+00:00\",\"breadcrumb\":{\"@id\":\"https:\\\/\\\/vb-bachstein.de\\\/salzgitter\\\/linie-656-sperrung-sehlde-hubertusstrasse-13-04-26-06-2026\\\/#breadcrumb\"},\"inLanguage\":\"de\",\"potentialAction\":[{\"@type\":\"ReadAction\",\"target\":[\"https:\\\/\\\/vb-bachstein.de\\\/salzgitter\\\/linie-656-sperrung-sehlde-hubertusstrasse-13-04-26-06-2026\\\/\"]}]},{\"@type\":\"ImageObject\",\"inLanguage\":\"de\",\"@id\":\"https:\\\/\\\/vb-bachstein.de\\\/salzgitter\\\/linie-656-sperrung-sehlde-hubertusstrasse-13-04-26-06-2026\\\/#primaryimage\",\"url\":\"https:\\\/\\\/vb-bachstein.de\\\/salzgitter\\\/wp-content\\\/uploads\\\/sites\\\/14\\\/header-subsite_stoerungen-vb.jpg\",\"contentUrl\":\"https:\\\/\\\/vb-bachstein.de\\\/salzgitter\\\/wp-content\\\/uploads\\\/sites\\\/14\\\/header-subsite_stoerungen-vb.jpg\"},{\"@type\":\"BreadcrumbList\",\"@id\":\"https:\\\/\\\/vb-bachstein.de\\\/salzgitter\\\/linie-656-sperrung-sehlde-hubertusstrasse-13-04-26-06-2026\\\/#breadcrumb\",\"itemListElement\":[{\"@type\":\"ListItem\",\"position\":1,\"name\":\"Startseite\",\"item\":\"https:\\\/\\\/vb-bachstein.de\\\/salzgitter\\\/\"},{\"@type\":\"ListItem\",\"position\":2,\"name\":\"Linie 656 | Sperrung Sehlde, Hubertusstra\u00dfe: 13.04. &#8211; 26.06.2026\"}]},{\"@type\":\"WebSite\",\"@id\":\"https:\\\/\\\/vb-bachstein.de\\\/salzgitter\\\/#website\",\"url\":\"https:\\\/\\\/vb-bachstein.de\\\/salzgitter\\\/\",\"name\":\"VB-Salzgitter\",\"description\":\"\",\"publisher\":{\"@id\":\"https:\\\/\\\/vb-bachstein.de\\\/salzgitter\\\/#organization\"},\"potentialAction\":[{\"@type\":\"SearchAction\",\"target\":{\"@type\":\"EntryPoint\",\"urlTemplate\":\"https:\\\/\\\/vb-bachstein.de\\\/salzgitter\\\/?s={search_term_string}\"},\"query-input\":{\"@type\":\"PropertyValueSpecification\",\"valueRequired\":true,\"valueName\":\"search_term_string\"}}],\"inLanguage\":\"de\"},{\"@type\":\"Organization\",\"@id\":\"https:\\\/\\\/vb-bachstein.de\\\/salzgitter\\\/#organization\",\"name\":\"VB-Salzgitter\",\"url\":\"https:\\\/\\\/vb-bachstein.de\\\/salzgitter\\\/\",\"logo\":{\"@type\":\"ImageObject\",\"inLanguage\":\"de\",\"@id\":\"https:\\\/\\\/vb-bachstein.de\\\/salzgitter\\\/#\\\/schema\\\/logo\\\/image\\\/\",\"url\":\"https:\\\/\\\/vb-bachstein.de\\\/salzgitter\\\/wp-content\\\/uploads\\\/sites\\\/14\\\/Bachstein_Logo.png\",\"contentUrl\":\"https:\\\/\\\/vb-bachstein.de\\\/salzgitter\\\/wp-content\\\/uploads\\\/sites\\\/14\\\/Bachstein_Logo.png\",\"width\":1966,\"height\":293,\"caption\":\"VB-Salzgitter\"},\"image\":{\"@id\":\"https:\\\/\\\/vb-bachstein.de\\\/salzgitter\\\/#\\\/schema\\\/logo\\\/image\\\/\"}},{\"@type\":\"Person\",\"@id\":\"https:\\\/\\\/vb-bachstein.de\\\/salzgitter\\\/#\\\/schema\\\/person\\\/a751b88c01dcbf14a5413f0808dacb67\",\"name\":\"peters\",\"image\":{\"@type\":\"ImageObject\",\"inLanguage\":\"de\",\"@id\":\"https:\\\/\\\/secure.gravatar.com\\\/avatar\\\/9c3605722559827488fe70366f5a76c8bb200aca3e281d85f4011ea07a22d91d?s=96&d=mm&r=g\",\"url\":\"https:\\\/\\\/secure.gravatar.com\\\/avatar\\\/9c3605722559827488fe70366f5a76c8bb200aca3e281d85f4011ea07a22d91d?s=96&d=mm&r=g\",\"contentUrl\":\"https:\\\/\\\/secure.gravatar.com\\\/avatar\\\/9c3605722559827488fe70366f5a76c8bb200aca3e281d85f4011ea07a22d91d?s=96&d=mm&r=g\",\"caption\":\"peters\"},\"url\":\"https:\\\/\\\/vb-bachstein.de\\\/salzgitter\\\/author\\\/peters\\\/\"}]}<\/script>\n<!-- \/ Yoast SEO plugin. -->","yoast_head_json":{"title":"Linie 656 | Sperrung Sehlde, Hubertusstra\u00dfe: 13.04. - 26.06.2026 - VB-Salzgitter","robots":{"index":"index","follow":"follow","max-snippet":"max-snippet:-1","max-image-preview":"max-image-preview:large","max-video-preview":"max-video-preview:-1"},"canonical":"https:\/\/vb-bachstein.de\/salzgitter\/linie-656-sperrung-sehlde-hubertusstrasse-13-04-26-06-2026\/","og_locale":"de_DE","og_type":"article","og_title":"Linie 656 | Sperrung Sehlde, Hubertusstra\u00dfe: 13.04. - 26.06.2026 - VB-Salzgitter","og_description":"Aufgrund von Kanalbauarbeiten ist die Hubertusstra\u00dfe in Sehlde im Zeitraum von Montag, 13. April bis Freitag, 26. Juni 2026 gesperrt. Die Umleitung der Linie 656 erfolgt \u00fcber die Hainbergstra\u00dfe. Die Haltestelle Sehlde, Ort entf\u00e4llt. Ersatzweise bieten wir eine Haltestelle in der Hainbergstra\u00dfe an.","og_url":"https:\/\/vb-bachstein.de\/salzgitter\/linie-656-sperrung-sehlde-hubertusstrasse-13-04-26-06-2026\/","og_site_name":"VB-Salzgitter","article_published_time":"2026-04-13T08:22:20+00:00","author":"peters","twitter_card":"summary_large_image","twitter_misc":{"Verfasst von":"peters","Gesch\u00e4tzte Lesezeit":"1\u00a0Minute"},"schema":{"@context":"https:\/\/schema.org","@graph":[{"@type":"Article","@id":"https:\/\/vb-bachstein.de\/salzgitter\/linie-656-sperrung-sehlde-hubertusstrasse-13-04-26-06-2026\/#article","isPartOf":{"@id":"https:\/\/vb-bachstein.de\/salzgitter\/linie-656-sperrung-sehlde-hubertusstrasse-13-04-26-06-2026\/"},"author":{"name":"peters","@id":"https:\/\/vb-bachstein.de\/salzgitter\/#\/schema\/person\/a751b88c01dcbf14a5413f0808dacb67"},"headline":"Linie 656 | Sperrung Sehlde, Hubertusstra\u00dfe: 13.04. &#8211; 26.06.2026","datePublished":"2026-04-13T08:22:20+00:00","mainEntityOfPage":{"@id":"https:\/\/vb-bachstein.de\/salzgitter\/linie-656-sperrung-sehlde-hubertusstrasse-13-04-26-06-2026\/"},"wordCount":49,"commentCount":0,"publisher":{"@id":"https:\/\/vb-bachstein.de\/salzgitter\/#organization"},"image":{"@id":"https:\/\/vb-bachstein.de\/salzgitter\/linie-656-sperrung-sehlde-hubertusstrasse-13-04-26-06-2026\/#primaryimage"},"thumbnailUrl":"https:\/\/vb-bachstein.de\/salzgitter\/wp-content\/uploads\/sites\/14\/header-subsite_stoerungen-vb.jpg","articleSection":["Fahrplanabweichungen"],"inLanguage":"de","potentialAction":[{"@type":"CommentAction","name":"Comment","target":["https:\/\/vb-bachstein.de\/salzgitter\/linie-656-sperrung-sehlde-hubertusstrasse-13-04-26-06-2026\/#respond"]}]},{"@type":"WebPage","@id":"https:\/\/vb-bachstein.de\/salzgitter\/linie-656-sperrung-sehlde-hubertusstrasse-13-04-26-06-2026\/","url":"https:\/\/vb-bachstein.de\/salzgitter\/linie-656-sperrung-sehlde-hubertusstrasse-13-04-26-06-2026\/","name":"Linie 656 | Sperrung Sehlde, Hubertusstra\u00dfe: 13.04. - 26.06.2026 - VB-Salzgitter","isPartOf":{"@id":"https:\/\/vb-bachstein.de\/salzgitter\/#website"},"primaryImageOfPage":{"@id":"https:\/\/vb-bachstein.de\/salzgitter\/linie-656-sperrung-sehlde-hubertusstrasse-13-04-26-06-2026\/#primaryimage"},"image":{"@id":"https:\/\/vb-bachstein.de\/salzgitter\/linie-656-sperrung-sehlde-hubertusstrasse-13-04-26-06-2026\/#primaryimage"},"thumbnailUrl":"https:\/\/vb-bachstein.de\/salzgitter\/wp-content\/uploads\/sites\/14\/header-subsite_stoerungen-vb.jpg","datePublished":"2026-04-13T08:22:20+00:00","breadcrumb":{"@id":"https:\/\/vb-bachstein.de\/salzgitter\/linie-656-sperrung-sehlde-hubertusstrasse-13-04-26-06-2026\/#breadcrumb"},"inLanguage":"de","potentialAction":[{"@type":"ReadAction","target":["https:\/\/vb-bachstein.de\/salzgitter\/linie-656-sperrung-sehlde-hubertusstrasse-13-04-26-06-2026\/"]}]},{"@type":"ImageObject","inLanguage":"de","@id":"https:\/\/vb-bachstein.de\/salzgitter\/linie-656-sperrung-sehlde-hubertusstrasse-13-04-26-06-2026\/#primaryimage","url":"https:\/\/vb-bachstein.de\/salzgitter\/wp-content\/uploads\/sites\/14\/header-subsite_stoerungen-vb.jpg","contentUrl":"https:\/\/vb-bachstein.de\/salzgitter\/wp-content\/uploads\/sites\/14\/header-subsite_stoerungen-vb.jpg"},{"@type":"BreadcrumbList","@id":"https:\/\/vb-bachstein.de\/salzgitter\/linie-656-sperrung-sehlde-hubertusstrasse-13-04-26-06-2026\/#breadcrumb","itemListElement":[{"@type":"ListItem","position":1,"name":"Startseite","item":"https:\/\/vb-bachstein.de\/salzgitter\/"},{"@type":"ListItem","position":2,"name":"Linie 656 | Sperrung Sehlde, Hubertusstra\u00dfe: 13.04. &#8211; 26.06.2026"}]},{"@type":"WebSite","@id":"https:\/\/vb-bachstein.de\/salzgitter\/#website","url":"https:\/\/vb-bachstein.de\/salzgitter\/","name":"VB-Salzgitter","description":"","publisher":{"@id":"https:\/\/vb-bachstein.de\/salzgitter\/#organization"},"potentialAction":[{"@type":"SearchAction","target":{"@type":"EntryPoint","urlTemplate":"https:\/\/vb-bachstein.de\/salzgitter\/?s={search_term_string}"},"query-input":{"@type":"PropertyValueSpecification","valueRequired":true,"valueName":"search_term_string"}}],"inLanguage":"de"},{"@type":"Organization","@id":"https:\/\/vb-bachstein.de\/salzgitter\/#organization","name":"VB-Salzgitter","url":"https:\/\/vb-bachstein.de\/salzgitter\/","logo":{"@type":"ImageObject","inLanguage":"de","@id":"https:\/\/vb-bachstein.de\/salzgitter\/#\/schema\/logo\/image\/","url":"https:\/\/vb-bachstein.de\/salzgitter\/wp-content\/uploads\/sites\/14\/Bachstein_Logo.png","contentUrl":"https:\/\/vb-bachstein.de\/salzgitter\/wp-content\/uploads\/sites\/14\/Bachstein_Logo.png","width":1966,"height":293,"caption":"VB-Salzgitter"},"image":{"@id":"https:\/\/vb-bachstein.de\/salzgitter\/#\/schema\/logo\/image\/"}},{"@type":"Person","@id":"https:\/\/vb-bachstein.de\/salzgitter\/#\/schema\/person\/a751b88c01dcbf14a5413f0808dacb67","name":"peters","image":{"@type":"ImageObject","inLanguage":"de","@id":"https:\/\/secure.gravatar.com\/avatar\/9c3605722559827488fe70366f5a76c8bb200aca3e281d85f4011ea07a22d91d?s=96&d=mm&r=g","url":"https:\/\/secure.gravatar.com\/avatar\/9c3605722559827488fe70366f5a76c8bb200aca3e281d85f4011ea07a22d91d?s=96&d=mm&r=g","contentUrl":"https:\/\/secure.gravatar.com\/avatar\/9c3605722559827488fe70366f5a76c8bb200aca3e281d85f4011ea07a22d91d?s=96&d=mm&r=g","caption":"peters"},"url":"https:\/\/vb-bachstein.de\/salzgitter\/author\/peters\/"}]}},"_links":{"self":[{"href":"https:\/\/vb-bachstein.de\/salzgitter\/wp-json\/wp\/v2\/posts\/3413","targetHints":{"allow":["GET"]}}],"collection":[{"href":"https:\/\/vb-bachstein.de\/salzgitter\/wp-json\/wp\/v2\/posts"}],"about":[{"href":"https:\/\/vb-bachstein.de\/salzgitter\/wp-json\/wp\/v2\/types\/post"}],"author":[{"embeddable":true,"href":"https:\/\/vb-bachstein.de\/salzgitter\/wp-json\/wp\/v2\/users\/6"}],"replies":[{"embeddable":true,"href":"https:\/\/vb-bachstein.de\/salzgitter\/wp-json\/wp\/v2\/comments?post=3413"}],"version-history":[{"count":0,"href":"https:\/\/vb-bachstein.de\/salzgitter\/wp-json\/wp\/v2\/posts\/3413\/revisions"}],"wp:featuredmedia":[{"embeddable":true,"href":"https:\/\/vb-bachstein.de\/salzgitter\/wp-json\/"}],"wp:attachment":[{"href":"https:\/\/vb-bachstein.de\/salzgitter\/wp-json\/wp\/v2\/media?parent=3413"}],"wp:term":[{"taxonomy":"category","embeddable":true,"href":"https:\/\/vb-bachstein.de\/salzgitter\/wp-json\/wp\/v2\/categories?post=3413"},{"taxonomy":"post_tag","embeddable":true,"href":"https:\/\/vb-bachstein.de\/salzgitter\/wp-json\/wp\/v2\/tags?post=3413"}],"curies":[{"name":"wp","href":"https:\/\/api.w.org\/{rel}","templated":true}]}}