{"id":3403,"date":"2026-03-09T12:39:27","date_gmt":"2026-03-09T11:39:27","guid":{"rendered":"https:\/\/vb-bachstein.de\/salzgitter\/?p=3403"},"modified":"2026-04-09T11:31:58","modified_gmt":"2026-04-09T09:31:58","slug":"%d0%bb%d0%b8%d0%bd%d0%b8%d1%8f-658-%d0%ba%d0%be%d1%80%d1%80%d0%b5%d0%ba%d1%82%d0%b8%d1%80%d0%be%d0%b2%d0%ba%d0%b0-%d1%80%d0%b0%d1%81%d0%bf%d0%b8%d1%81%d0%b0%d0%bd%d0%b8%d1%8f-%d0%bc%d0%b5%d0%b6%d0%b4","status":"publish","type":"post","link":"https:\/\/vb-bachstein.de\/salzgitter\/ru\/linie-658-fahrplananpassungen-zwischen-berel-hohenassel-und-baddeckenstedtzum-13-04-2026\/","title":{"rendered":"\u041b\u0438\u043d\u0438\u044f 658 | \u041a\u043e\u0440\u0440\u0435\u043a\u0442\u0438\u0440\u043e\u0432\u043a\u0430 \u0440\u0430\u0441\u043f\u0438\u0441\u0430\u043d\u0438\u044f \u043c\u0435\u0436\u0434\u0443 \u0411\u0435\u0440\u0435\u043b\u0435\u043c, \u0425\u043e\u0445\u0435\u043d\u0430\u0441\u0441\u0435\u043b\u0435\u043c \u0438 \u0411\u0430\u0434\u0434\u0435\u043a\u0435\u043d\u0448\u0442\u0435\u0434\u0442\u0446\u0443\u043c\u043e\u043c: 13.04.2026"},"content":{"rendered":"<p data-start=\"42\" data-end=\"311\">\u041a <strong data-start=\"46\" data-end=\"64\">13 \u0430\u043f\u0440\u0435\u043b\u044f 2026 \u0433\u043e\u0434\u0430<\/strong> \u043c\u044b \u0432\u043d\u043e\u0441\u0438\u043c \u043d\u0435\u0431\u043e\u043b\u044c\u0448\u0438\u0435 \u0438\u0437\u043c\u0435\u043d\u0435\u043d\u0438\u044f \u0432 \u0440\u0430\u0441\u043f\u0438\u0441\u0430\u043d\u0438\u0435 \u043d\u0435\u043a\u043e\u0442\u043e\u0440\u044b\u0445 \u043f\u043e\u0435\u0437\u0434\u043e\u043a. \u042d\u0442\u043e \u0441\u0432\u044f\u0437\u0430\u043d\u043e \u0441 \u0438\u0441\u043f\u0440\u0430\u0432\u043b\u0435\u043d\u0438\u0435\u043c \u043f\u043e\u043b\u043e\u0436\u0435\u043d\u0438\u044f \u043e\u0441\u0442\u0430\u043d\u043e\u0432\u043e\u043a \u0438 \u043a\u043e\u0440\u0440\u0435\u043a\u0442\u0438\u0440\u043e\u0432\u043a\u043e\u0439 \u043c\u0430\u0440\u0448\u0440\u0443\u0442\u043e\u0432 \u0432 \u043d\u0435\u043a\u043e\u0442\u043e\u0440\u044b\u0445 \u043c\u0435\u0441\u0442\u0430\u0445. \u0412 \u0440\u0435\u0437\u0443\u043b\u044c\u0442\u0430\u0442\u0435 \u0432\u0440\u0435\u043c\u044f \u043e\u0442\u043f\u0440\u0430\u0432\u043b\u0435\u043d\u0438\u044f \u0438 \u043f\u0440\u0438\u0431\u044b\u0442\u0438\u044f \u043d\u0435\u043a\u043e\u0442\u043e\u0440\u044b\u0445 \u043f\u043e\u0435\u0437\u0434\u043e\u0432 \u043d\u0435\u043c\u043d\u043e\u0433\u043e \u0438\u0437\u043c\u0435\u043d\u0438\u0442\u0441\u044f.<\/p>\n<h3 data-section-id=\"1e93qr5\" data-start=\"313\" data-end=\"352\">\u0410\u0434\u0430\u043f\u0442\u0430\u0446\u0438\u044f \u0411\u0435\u0440\u0435\u043b\u044c, \u043e\u0441\u0442\u0430\u043d\u043e\u0432\u043a\u0430 \u041e\u0440\u0442<\/h3>\n<p data-section-id=\"1e93qr5\" data-start=\"313\" data-end=\"352\">\u041c\u0430\u0440\u0448\u0440\u0443\u0442 \u0432 <strong data-start=\"502\" data-end=\"511\">\u0411\u0435\u0440\u0435\u043b\u044c<\/strong> \u0431\u0443\u0434\u0435\u0442 \u0430\u0434\u0430\u043f\u0442\u0438\u0440\u043e\u0432\u0430\u043d \u043a \u043c\u0435\u0441\u0442\u043d\u044b\u043c \u0443\u0441\u043b\u043e\u0432\u0438\u044f\u043c; \u043d\u043e\u0432\u044b\u0439 \u043c\u0430\u0440\u0448\u0440\u0443\u0442 \u0443\u0432\u0435\u043b\u0438\u0447\u0438\u0442 \u0432\u0440\u0435\u043c\u044f \u0432 \u043f\u0443\u0442\u0438 \u043d\u0430 \u043d\u0435\u043a\u043e\u0442\u043e\u0440\u044b\u0445 \u043c\u0430\u0440\u0448\u0440\u0443\u0442\u0430\u0445 \u043f\u0440\u0438\u043c\u0435\u0440\u043d\u043e \u043d\u0430 <strong data-start=\"630\" data-end=\"645\">\u043e\u0434\u043d\u0430 \u043c\u0438\u043d\u0443\u0442\u0430<\/strong>.<\/p>\n<h3 data-section-id=\"vlubtx\" data-start=\"648\" data-end=\"678\">\u041a\u043e\u0440\u0440\u0435\u043a\u0442\u0438\u0440\u043e\u0432\u043a\u0430 \u043c\u0430\u0440\u0448\u0440\u0443\u0442\u043e\u0432<\/h3>\n<p data-start=\"679\" data-end=\"740\">\u041c\u0430\u0440\u0448\u0440\u0443\u0442 \u0442\u0430\u043a\u0436\u0435 \u0431\u0443\u0434\u0435\u0442 \u0430\u0434\u0430\u043f\u0442\u0438\u0440\u043e\u0432\u0430\u043d \u0432 \u0441\u043b\u0435\u0434\u0443\u044e\u0449\u0438\u0445 \u043c\u0435\u0441\u0442\u0430\u0445:<\/p>\n<ul data-start=\"741\" data-end=\"788\">\n<li data-section-id=\"1pfuwqs\" data-start=\"741\" data-end=\"757\">\n<p data-start=\"743\" data-end=\"757\"><strong data-start=\"743\" data-end=\"757\">\u0425\u043e\u0445\u0435\u043d\u0430\u0441\u0441\u0435\u043b\u044c<\/strong><\/p>\n<\/li>\n<li data-section-id=\"1khw4yo\" data-start=\"758\" data-end=\"775\">\n<p data-start=\"760\" data-end=\"775\"><strong data-start=\"760\" data-end=\"775\">\u0412\u0435\u0441\u0442\u0435\u0440\u043b\u0438\u043d\u0434\u0435<\/strong><\/p>\n<\/li>\n<li data-section-id=\"dwkev2\" data-start=\"776\" data-end=\"788\">\n<p data-start=\"778\" data-end=\"788\"><strong data-start=\"778\" data-end=\"788\">\u041f\u0435\u0440\u0435\u043f\u043b\u0435\u0442<\/strong><\/p>\n<\/li>\n<\/ul>\n<p data-start=\"790\" data-end=\"890\">\u041d\u0430 \u0441\u0430\u0439\u0442\u0435 <strong data-start=\"793\" data-end=\"808\">\u0412\u0435\u0441\u0442\u0435\u0440\u043b\u0438\u043d\u0434\u0435<\/strong> \u0432\u0440\u0435\u043c\u044f \u0432 \u043f\u0443\u0442\u0438 \u043f\u0440\u0438 \u043e\u0442\u0434\u0435\u043b\u044c\u043d\u044b\u0445 \u043f\u043e\u0435\u0437\u0434\u043a\u0430\u0445 \u043c\u043e\u0436\u0435\u0442 \u0431\u044b\u0442\u044c \u0441\u043e\u043a\u0440\u0430\u0449\u0435\u043d\u043e \u043f\u0440\u0438\u043c\u0435\u0440\u043d\u043e \u043d\u0430 <strong data-start=\"862\" data-end=\"878\">\u0434\u0432\u0435 \u043c\u0438\u043d\u0443\u0442\u044b<\/strong> \u0440\u0430\u0441\u0448\u0438\u0440\u0438\u0442\u044c.<\/p>\n<p data-start=\"934\" data-end=\"1141\">\u0410\u0432\u0442\u043e\u0431\u0443\u0441\u043d\u0430\u044f \u043e\u0441\u0442\u0430\u043d\u043e\u0432\u043a\u0430 <strong data-start=\"950\" data-end=\"967\">\u041d\u043e\u0440\u0434\u0430\u0441\u0441\u0435\u043b\u044c\/\u041f\u043b\u0430\u0441<\/strong> \u0432 \u0431\u0443\u0434\u0443\u0449\u0435\u043c <strong data-start=\"981\" data-end=\"1030\">\u043d\u0430\u043f\u0440\u043e\u0442\u0438\u0432 \u043e\u0441\u0442\u0430\u043d\u043e\u0432\u043a\u0438 \u0411\u0443\u0440\u0433\u0434\u043e\u0440\u0444 (WF) \/ \u0412\u0438\u043a\u0430\u0440\u0438\u0434\u0436<\/strong> \u0441\u043b\u0443\u0436\u0438\u043b.<br data-start=\"1039\" data-end=\"1042\" \/>\u042d\u0442\u043e \u043e\u0437\u043d\u0430\u0447\u0430\u0435\u0442, \u0447\u0442\u043e \u043c\u0430\u0440\u0448\u0440\u0443\u0442 \u0431\u0443\u0434\u0435\u0442 \u0441\u043e\u043e\u0442\u0432\u0435\u0442\u0441\u0442\u0432\u043e\u0432\u0430\u0442\u044c \u0440\u0435\u0430\u043b\u044c\u043d\u043e\u043c\u0443 \u043c\u0430\u0440\u0448\u0440\u0443\u0442\u0443 \u0432 \u0431\u0443\u0434\u0443\u0449\u0435\u043c.<\/p>\n<h3 data-section-id=\"h526xn\" data-start=\"1143\" data-end=\"1172\">\u0421\u043a\u043e\u0440\u0440\u0435\u043a\u0442\u0438\u0440\u043e\u0432\u0430\u043d\u043d\u043e\u0435 \u0432\u0440\u0435\u043c\u044f \u043e\u0442\u043f\u0440\u0430\u0432\u043b\u0435\u043d\u0438\u044f<\/h3>\n<p data-start=\"1173\" data-end=\"1432\">\u0414\u043b\u044f \u0441\u043b\u0435\u0434\u0443\u044e\u0449\u0438\u0445 \u043f\u043e\u0435\u0437\u0434\u043e\u043a \u0432\u0440\u0435\u043c\u044f \u043e\u0442\u043f\u0440\u0430\u0432\u043b\u0435\u043d\u0438\u044f \u0431\u0443\u0434\u0435\u0442 \u0441\u043e\u0441\u0442\u0430\u0432\u043b\u044f\u0442\u044c 1-3 \u043c\u0438\u043d\u0443\u0442\u044b <strong>\u0432\u044b\u0434\u0432\u0438\u043d\u0443\u043b\u0441\u044f \u0432\u043f\u0435\u0440\u0435\u0434:<\/strong><\/p>\n<ul>\n<li data-start=\"1173\" data-end=\"1432\"><strong data-start=\"1327\" data-end=\"1376\">6.01 \u0438\u0437 \u0411\u0435\u0440\u0435\u043b\u044f, \u0433\u043e\u0440\u043e\u0434<\/strong><\/li>\n<li data-start=\"1173\" data-end=\"1432\"><strong data-start=\"1327\" data-end=\"1376\">6.47 \u0443\u0442\u0440\u0430 \u043e\u0442 \u0411\u0435\u0440\u0435\u043b\u044f, \u0433\u043e\u0440\u043e\u0434<\/strong><\/li>\n<li data-start=\"1173\" data-end=\"1432\"><strong data-start=\"1327\" data-end=\"1376\">7.33 \u0443\u0442\u0440\u0430 \u043e\u0442 \u0411\u0435\u0440\u0435\u043b\u044f, \u0433\u043e\u0440\u043e\u0434<\/strong><\/li>\n<li data-start=\"1173\" data-end=\"1432\"><strong data-start=\"1327\" data-end=\"1376\">7.43 \u0438\u0437 \u0412\u0435\u0441\u0442\u0435\u0440\u043b\u0438\u043d\u0434\u0435, \u041e\u0440\u0442<\/strong><\/li>\n<li data-start=\"1173\" data-end=\"1432\"><strong>13.44 \u043e\u0442 \u0411\u0435\u0440\u0435\u043b\u044c, \u0433\u043e\u0440\u043e\u0434<\/strong><\/li>\n<\/ul>\n<p data-start=\"1668\" data-end=\"1868\" data-is-last-node=\"\" data-is-only-node=\"\"><strong data-start=\"1700\" data-end=\"1766\">\u041e\u0431\u0440\u0430\u0442\u0438\u0442\u0435 \u0432\u043d\u0438\u043c\u0430\u043d\u0438\u0435, \u0447\u0442\u043e \u0441 13 \u0430\u043f\u0440\u0435\u043b\u044f 2026 \u0433\u043e\u0434\u0430 \u0431\u0443\u0434\u0443\u0442 \u0434\u0435\u0439\u0441\u0442\u0432\u043e\u0432\u0430\u0442\u044c \u0441\u043b\u0435\u0434\u0443\u044e\u0449\u0438\u0435 \u043f\u0440\u0430\u0432\u0438\u043b\u0430 <a href=\"https:\/\/vb-bachstein.de\/salzgitter\/wp-content\/uploads\/sites\/14\/658_260413_FP.pdf\" target=\"_blank\" rel=\"noopener\">\u0420\u0430\u0441\u043f\u0438\u0441\u0430\u043d\u0438\u0435<\/a><\/strong><\/p>","protected":false},"excerpt":{"rendered":"<p>\u041d\u0430\u0447\u0438\u043d\u0430\u044f \u0441 13 \u0430\u043f\u0440\u0435\u043b\u044f 2026 \u0433\u043e\u0434\u0430, \u043c\u044b \u0432\u043d\u0435\u0441\u0435\u043c \u043d\u0435\u0431\u043e\u043b\u044c\u0448\u0438\u0435 \u0438\u0437\u043c\u0435\u043d\u0435\u043d\u0438\u044f \u0432 \u0440\u0430\u0441\u043f\u0438\u0441\u0430\u043d\u0438\u0435 \u043d\u0435\u043a\u043e\u0442\u043e\u0440\u044b\u0445 \u043f\u043e\u0435\u0437\u0434\u043e\u043a. \u042d\u0442\u043e \u0441\u0432\u044f\u0437\u0430\u043d\u043e \u0441 \u043a\u043e\u0440\u0440\u0435\u043a\u0442\u0438\u0440\u043e\u0432\u043a\u043e\u0439 \u043f\u043e\u043b\u043e\u0436\u0435\u043d\u0438\u044f \u043e\u0441\u0442\u0430\u043d\u043e\u0432\u043e\u043a \u0438 \u0438\u0437\u043c\u0435\u043d\u0435\u043d\u0438\u0435\u043c \u043c\u0430\u0440\u0448\u0440\u0443\u0442\u043e\u0432 \u0432 \u043d\u0435\u043a\u043e\u0442\u043e\u0440\u044b\u0445 \u043c\u0435\u0441\u0442\u0430\u0445. \u0412 \u0440\u0435\u0437\u0443\u043b\u044c\u0442\u0430\u0442\u0435 \u0432\u0440\u0435\u043c\u044f \u043e\u0442\u043f\u0440\u0430\u0432\u043b\u0435\u043d\u0438\u044f \u0438 \u043f\u0440\u0438\u0431\u044b\u0442\u0438\u044f \u043d\u0435\u043a\u043e\u0442\u043e\u0440\u044b\u0445 \u043f\u043e\u0435\u0437\u0434\u043e\u0432 \u043d\u0435\u043c\u043d\u043e\u0433\u043e \u0438\u0437\u043c\u0435\u043d\u0438\u0442\u0441\u044f. \u041a\u043e\u0440\u0440\u0435\u043a\u0442\u0438\u0440\u043e\u0432\u043a\u0430 \u043e\u0441\u0442\u0430\u043d\u043e\u0432\u043a\u0438 \"\u0411\u0435\u0440\u0435\u043b\u044c, \u041e\u0440\u0442\" \u041c\u0430\u0440\u0448\u0440\u0443\u0442 \u0432 \u0411\u0435\u0440\u0435\u043b\u0435 \u0431\u0443\u0434\u0435\u0442 \u0430\u0434\u0430\u043f\u0442\u0438\u0440\u043e\u0432\u0430\u043d \u043a \u043c\u0435\u0441\u0442\u043d\u044b\u043c \u0443\u0441\u043b\u043e\u0432\u0438\u044f\u043c; \u043d\u043e\u0432\u044b\u0439 \u043c\u0430\u0440\u0448\u0440\u0443\u0442 \u0443\u0432\u0435\u043b\u0438\u0447\u0438\u0442 \u0432\u0440\u0435\u043c\u044f \u0432 \u043f\u0443\u0442\u0438 \u043d\u0430 \u043d\u0435\u043a\u043e\u0442\u043e\u0440\u044b\u0445 \u043c\u0430\u0440\u0448\u0440\u0443\u0442\u0430\u0445 \u043f\u0440\u0438\u043c\u0435\u0440\u043d\u043e \u043d\u0430 \u043e\u0434\u043d\u0443 \u043c\u0438\u043d\u0443\u0442\u0443. \u041a\u043e\u0440\u0440\u0435\u043a\u0442\u0438\u0440\u043e\u0432\u043a\u0430 \u043c\u0430\u0440\u0448\u0440\u0443\u0442\u0430 \u041c\u0430\u0440\u0448\u0440\u0443\u0442 \u0442\u0430\u043a\u0436\u0435 \u0431\u0443\u0434\u0435\u0442 \u0441\u043a\u043e\u0440\u0440\u0435\u043a\u0442\u0438\u0440\u043e\u0432\u0430\u043d \u0432 \u0441\u043b\u0435\u0434\u0443\u044e\u0449\u0438\u0445 \u043c\u0435\u0441\u0442\u0430\u0445: \u0425\u043e\u0445\u0435\u043d\u0430\u0441\u0441\u0435\u043b\u044c \u0412\u0435\u0441\u0442\u0435\u0440\u043b\u0438\u043d\u0434\u0435 \u0411\u0438\u043d\u0434\u0435\u0440 \u0412 \u0412\u0435\u0441\u0442\u0435\u0440\u043b\u0438\u043d\u0434\u0435 \u0432\u0440\u0435\u043c\u044f \u0432 \u043f\u0443\u0442\u0438 \u043c\u043e\u0436\u0435\u0442 \u0431\u044b\u0442\u044c \u0443\u0432\u0435\u043b\u0438\u0447\u0435\u043d\u043e \u043f\u0440\u0438\u043c\u0435\u0440\u043d\u043e \u043d\u0430 \u0434\u0432\u0435 \u043c\u0438\u043d\u0443\u0442\u044b \u0432 \u043d\u0435\u043a\u043e\u0442\u043e\u0440\u044b\u0445 \u0441\u043b\u0443\u0447\u0430\u044f\u0445. \u0412 \u0431\u0443\u0434\u0443\u0449\u0435\u043c \u043e\u0441\u0442\u0430\u043d\u043e\u0432\u043a\u0430 Nordassel\/Ort \u0431\u0443\u0434\u0435\u0442 \u043e\u0431\u0441\u043b\u0443\u0436\u0438\u0432\u0430\u0442\u044c\u0441\u044f \u043f\u0435\u0440\u0435\u0434 \u043e\u0441\u0442\u0430\u043d\u043e\u0432\u043a\u043e\u0439 Burgdorf (WF) \/ Pfarrhaus, \u0447\u0442\u043e \u043e\u0437\u043d\u0430\u0447\u0430\u0435\u0442, \u0447\u0442\u043e \u0432 \u0431\u0443\u0434\u0443\u0449\u0435\u043c \u043c\u0430\u0440\u0448\u0440\u0443\u0442 \u0431\u0443\u0434\u0435\u0442 \u0441\u043e\u043e\u0442\u0432\u0435\u0442\u0441\u0442\u0432\u043e\u0432\u0430\u0442\u044c \u0440\u0435\u0430\u043b\u044c\u043d\u043e\u043c\u0443 \u043c\u0430\u0440\u0448\u0440\u0443\u0442\u0443. \u0421\u043a\u043e\u0440\u0440\u0435\u043a\u0442\u0438\u0440\u043e\u0432\u0430\u043d\u043d\u043e\u0435 \u0432\u0440\u0435\u043c\u044f \u043e\u0442\u043f\u0440\u0430\u0432\u043b\u0435\u043d\u0438\u044f \u0412\u0440\u0435\u043c\u044f \u043e\u0442\u043f\u0440\u0430\u0432\u043b\u0435\u043d\u0438\u044f \u0441\u043b\u0435\u0434\u0443\u044e\u0449\u0438\u0445 \u043f\u043e\u0435\u0437\u0434\u043e\u043a \u0431\u0443\u0434\u0435\u0442 \u043f\u0435\u0440\u0435\u043d\u0435\u0441\u0435\u043d\u043e \u043d\u0430 1-3 \u043c\u0438\u043d\u0443\u0442\u044b: 6.01 \u0443\u0442\u0440\u0430 \u0438\u0437 \u0411\u0435\u0440\u0435\u043b\u044f, \u041e\u0440\u0442 6.47 \u0443\u0442\u0440\u0430 \u0438\u0437 \u0411\u0435\u0440\u0435\u043b\u044f, \u041e\u0440\u0442 7.33 \u0443\u0442\u0440\u0430 \u0438\u0437 \u0411\u0435\u0440\u0435\u043b\u044f, \u041e\u0440\u0442 7.43 \u0443\u0442\u0440\u0430 \u0438\u0437 \u0412\u0435\u0441\u0442\u0435\u0440\u043b\u0438\u043d\u0434\u0435, \u041e\u0440\u0442 13.44 \u0432\u0435\u0447\u0435\u0440\u0430 \u0438\u0437 \u0411\u0435\u0440\u0435\u043b\u044f, \u041e\u0440\u0442 \u041f\u043e\u0436\u0430\u043b\u0443\u0439\u0441\u0442\u0430, \u043e\u0431\u0440\u0430\u0442\u0438\u0442\u0435 \u0432\u043d\u0438\u043c\u0430\u043d\u0438\u0435 \u043d\u0430 \u0440\u0430\u0441\u043f\u0438\u0441\u0430\u043d\u0438\u0435, \u0434\u0435\u0439\u0441\u0442\u0432\u0438\u0442\u0435\u043b\u044c\u043d\u043e\u0435 \u0441 13 \u0430\u043f\u0440\u0435\u043b\u044f 2026 \u0433\u043e\u0434\u0430<\/p>","protected":false},"author":6,"featured_media":4003,"comment_status":"open","ping_status":"open","sticky":false,"template":"","format":"standard","meta":{"footnotes":""},"categories":[33,1],"tags":[],"class_list":["post-3403","post","type-post","status-publish","format-standard","has-post-thumbnail","hentry","category-fahrplanabweichungen","category-news"],"yoast_head":"<!-- This site is optimized with the Yoast SEO plugin v27.4 - https:\/\/yoast.com\/product\/yoast-seo-wordpress\/ -->\n<title>Linie 658 | Fahrplananpassungen zwischen Berel, Hohenassel und Baddeckenstedtzum: 13.04.2026 - VB-Salzgitter<\/title>\n<meta name=\"robots\" content=\"index, follow, max-snippet:-1, max-image-preview:large, max-video-preview:-1\" \/>\n<link rel=\"canonical\" href=\"https:\/\/vb-bachstein.de\/salzgitter\/\u043b\u0438\u043d\u0438\u044f-658-\u043a\u043e\u0440\u0440\u0435\u043a\u0442\u0438\u0440\u043e\u0432\u043a\u0430-\u0440\u0430\u0441\u043f\u0438\u0441\u0430\u043d\u0438\u044f-\u043c\u0435\u0436\u0434\/\" \/>\n<meta property=\"og:locale\" content=\"ru_RU\" \/>\n<meta property=\"og:type\" content=\"article\" \/>\n<meta property=\"og:title\" content=\"Linie 658 | Fahrplananpassungen zwischen Berel, Hohenassel und Baddeckenstedtzum: 13.04.2026 - VB-Salzgitter\" \/>\n<meta property=\"og:description\" content=\"Zum 13. April 2026 nehmen wir bei einigen Fahrten kleinere Anpassungen im Fahrplan vor. Hintergrund sind korrigierte Haltestellenpositionen sowie angepasste Linienwege in einigen Orten. Dadurch ver\u00e4ndern sich teilweise Abfahrts- und Ankunftszeiten geringf\u00fcgig. Anpassung der Haltestelle Berel, Ort Der Linienweg in Berel wird den \u00f6rtlichen Gegebenheiten angepasst, durch den neuen Fahrweg verl\u00e4ngert sich die Fahrzeit auf einigen Fahrten um etwa eine Minute. Anpassungen der Linienwege Die Linienf\u00fchrung wird au\u00dferdem in folgenden Orten angepasst: Hohenassel Westerlinde Binder In Westerlinde kann sich die Fahrzeit auf einzelnen Fahrten um etwa zwei Minuten verl\u00e4ngern. Die Haltestelle Nordassel\/Ort wird k\u00fcnftig vor der Haltestelle Burgdorf (WF) \/ Pfarrhaus bedient.Damit entspricht die Linienf\u00fchrung k\u00fcnftig dem tats\u00e4chlichen Fahrweg. Angepasste Abfahrtszeiten Bei den folgenden Fahrten werden die Abfahrtszeiten zwischen 1\u20133 Minuten vorverlegt: 6.01 Uhr ab Berel, Ort 6.47 Uhr ab Berel, Ort 7.33 Uhr ab Berel, Ort 7.43 Uhr ab Westerlinde, Ort 13.44 Uhr ab Berel, Ort Bitte beachte den ab dem 13. April 2026 geltenden Fahrplan\" \/>\n<meta property=\"og:url\" content=\"https:\/\/vb-bachstein.de\/salzgitter\/\u043b\u0438\u043d\u0438\u044f-658-\u043a\u043e\u0440\u0440\u0435\u043a\u0442\u0438\u0440\u043e\u0432\u043a\u0430-\u0440\u0430\u0441\u043f\u0438\u0441\u0430\u043d\u0438\u044f-\u043c\u0435\u0436\u0434\/\" \/>\n<meta property=\"og:site_name\" content=\"VB-Salzgitter\" \/>\n<meta property=\"article:published_time\" content=\"2026-03-09T11:39:27+00:00\" \/>\n<meta property=\"article:modified_time\" content=\"2026-04-09T09:31:58+00:00\" \/>\n<meta name=\"author\" content=\"peters\" \/>\n<meta name=\"twitter:card\" content=\"summary_large_image\" \/>\n<meta name=\"twitter:label1\" content=\"\u041d\u0430\u043f\u0438\u0441\u0430\u043d\u043e \u0430\u0432\u0442\u043e\u0440\u043e\u043c\" \/>\n\t<meta name=\"twitter:data1\" content=\"peters\" \/>\n\t<meta name=\"twitter:label2\" content=\"\u041f\u0440\u0438\u043c\u0435\u0440\u043d\u043e\u0435 \u0432\u0440\u0435\u043c\u044f \u0434\u043b\u044f \u0447\u0442\u0435\u043d\u0438\u044f\" \/>\n\t<meta name=\"twitter:data2\" content=\"2 \u043c\u0438\u043d\u0443\u0442\u044b\" \/>\n<script type=\"application\/ld+json\" class=\"yoast-schema-graph\">{\"@context\":\"https:\\\/\\\/schema.org\",\"@graph\":[{\"@type\":\"Article\",\"@id\":\"https:\\\/\\\/vb-bachstein.de\\\/salzgitter\\\/linie-658-fahrplananpassungen-zwischen-berel-hohenassel-und-baddeckenstedtzum-13-04-2026\\\/#article\",\"isPartOf\":{\"@id\":\"https:\\\/\\\/vb-bachstein.de\\\/salzgitter\\\/linie-658-fahrplananpassungen-zwischen-berel-hohenassel-und-baddeckenstedtzum-13-04-2026\\\/\"},\"author\":{\"name\":\"peters\",\"@id\":\"https:\\\/\\\/vb-bachstein.de\\\/salzgitter\\\/#\\\/schema\\\/person\\\/a751b88c01dcbf14a5413f0808dacb67\"},\"headline\":\"Linie 658 | Fahrplananpassungen zwischen Berel, Hohenassel und Baddeckenstedtzum: 13.04.2026\",\"datePublished\":\"2026-03-09T11:39:27+00:00\",\"dateModified\":\"2026-04-09T09:31:58+00:00\",\"mainEntityOfPage\":{\"@id\":\"https:\\\/\\\/vb-bachstein.de\\\/salzgitter\\\/linie-658-fahrplananpassungen-zwischen-berel-hohenassel-und-baddeckenstedtzum-13-04-2026\\\/\"},\"wordCount\":165,\"commentCount\":0,\"publisher\":{\"@id\":\"https:\\\/\\\/vb-bachstein.de\\\/salzgitter\\\/#organization\"},\"image\":{\"@id\":\"https:\\\/\\\/vb-bachstein.de\\\/salzgitter\\\/linie-658-fahrplananpassungen-zwischen-berel-hohenassel-und-baddeckenstedtzum-13-04-2026\\\/#primaryimage\"},\"thumbnailUrl\":\"https:\\\/\\\/vb-bachstein.de\\\/salzgitter\\\/wp-content\\\/uploads\\\/sites\\\/14\\\/header-subsite_stoerungen-vb.jpg\",\"articleSection\":[\"Fahrplanabweichungen\",\"News\"],\"inLanguage\":\"ru-RU\",\"potentialAction\":[{\"@type\":\"CommentAction\",\"name\":\"Comment\",\"target\":[\"https:\\\/\\\/vb-bachstein.de\\\/salzgitter\\\/linie-658-fahrplananpassungen-zwischen-berel-hohenassel-und-baddeckenstedtzum-13-04-2026\\\/#respond\"]}]},{\"@type\":\"WebPage\",\"@id\":\"https:\\\/\\\/vb-bachstein.de\\\/salzgitter\\\/linie-658-fahrplananpassungen-zwischen-berel-hohenassel-und-baddeckenstedtzum-13-04-2026\\\/\",\"url\":\"https:\\\/\\\/vb-bachstein.de\\\/salzgitter\\\/linie-658-fahrplananpassungen-zwischen-berel-hohenassel-und-baddeckenstedtzum-13-04-2026\\\/\",\"name\":\"Linie 658 | Fahrplananpassungen zwischen Berel, Hohenassel und Baddeckenstedtzum: 13.04.2026 - VB-Salzgitter\",\"isPartOf\":{\"@id\":\"https:\\\/\\\/vb-bachstein.de\\\/salzgitter\\\/#website\"},\"primaryImageOfPage\":{\"@id\":\"https:\\\/\\\/vb-bachstein.de\\\/salzgitter\\\/linie-658-fahrplananpassungen-zwischen-berel-hohenassel-und-baddeckenstedtzum-13-04-2026\\\/#primaryimage\"},\"image\":{\"@id\":\"https:\\\/\\\/vb-bachstein.de\\\/salzgitter\\\/linie-658-fahrplananpassungen-zwischen-berel-hohenassel-und-baddeckenstedtzum-13-04-2026\\\/#primaryimage\"},\"thumbnailUrl\":\"https:\\\/\\\/vb-bachstein.de\\\/salzgitter\\\/wp-content\\\/uploads\\\/sites\\\/14\\\/header-subsite_stoerungen-vb.jpg\",\"datePublished\":\"2026-03-09T11:39:27+00:00\",\"dateModified\":\"2026-04-09T09:31:58+00:00\",\"breadcrumb\":{\"@id\":\"https:\\\/\\\/vb-bachstein.de\\\/salzgitter\\\/linie-658-fahrplananpassungen-zwischen-berel-hohenassel-und-baddeckenstedtzum-13-04-2026\\\/#breadcrumb\"},\"inLanguage\":\"ru-RU\",\"potentialAction\":[{\"@type\":\"ReadAction\",\"target\":[\"https:\\\/\\\/vb-bachstein.de\\\/salzgitter\\\/linie-658-fahrplananpassungen-zwischen-berel-hohenassel-und-baddeckenstedtzum-13-04-2026\\\/\"]}]},{\"@type\":\"ImageObject\",\"inLanguage\":\"ru-RU\",\"@id\":\"https:\\\/\\\/vb-bachstein.de\\\/salzgitter\\\/linie-658-fahrplananpassungen-zwischen-berel-hohenassel-und-baddeckenstedtzum-13-04-2026\\\/#primaryimage\",\"url\":\"https:\\\/\\\/vb-bachstein.de\\\/salzgitter\\\/wp-content\\\/uploads\\\/sites\\\/14\\\/header-subsite_stoerungen-vb.jpg\",\"contentUrl\":\"https:\\\/\\\/vb-bachstein.de\\\/salzgitter\\\/wp-content\\\/uploads\\\/sites\\\/14\\\/header-subsite_stoerungen-vb.jpg\"},{\"@type\":\"BreadcrumbList\",\"@id\":\"https:\\\/\\\/vb-bachstein.de\\\/salzgitter\\\/linie-658-fahrplananpassungen-zwischen-berel-hohenassel-und-baddeckenstedtzum-13-04-2026\\\/#breadcrumb\",\"itemListElement\":[{\"@type\":\"ListItem\",\"position\":1,\"name\":\"Startseite\",\"item\":\"https:\\\/\\\/vb-bachstein.de\\\/salzgitter\\\/\"},{\"@type\":\"ListItem\",\"position\":2,\"name\":\"Linie 658 | Fahrplananpassungen zwischen Berel, Hohenassel und Baddeckenstedtzum: 13.04.2026\"}]},{\"@type\":\"WebSite\",\"@id\":\"https:\\\/\\\/vb-bachstein.de\\\/salzgitter\\\/#website\",\"url\":\"https:\\\/\\\/vb-bachstein.de\\\/salzgitter\\\/\",\"name\":\"VB-Salzgitter\",\"description\":\"\",\"publisher\":{\"@id\":\"https:\\\/\\\/vb-bachstein.de\\\/salzgitter\\\/#organization\"},\"potentialAction\":[{\"@type\":\"SearchAction\",\"target\":{\"@type\":\"EntryPoint\",\"urlTemplate\":\"https:\\\/\\\/vb-bachstein.de\\\/salzgitter\\\/?s={search_term_string}\"},\"query-input\":{\"@type\":\"PropertyValueSpecification\",\"valueRequired\":true,\"valueName\":\"search_term_string\"}}],\"inLanguage\":\"ru-RU\"},{\"@type\":\"Organization\",\"@id\":\"https:\\\/\\\/vb-bachstein.de\\\/salzgitter\\\/#organization\",\"name\":\"VB-Salzgitter\",\"url\":\"https:\\\/\\\/vb-bachstein.de\\\/salzgitter\\\/\",\"logo\":{\"@type\":\"ImageObject\",\"inLanguage\":\"ru-RU\",\"@id\":\"https:\\\/\\\/vb-bachstein.de\\\/salzgitter\\\/#\\\/schema\\\/logo\\\/image\\\/\",\"url\":\"https:\\\/\\\/vb-bachstein.de\\\/salzgitter\\\/wp-content\\\/uploads\\\/sites\\\/14\\\/Bachstein_Logo.png\",\"contentUrl\":\"https:\\\/\\\/vb-bachstein.de\\\/salzgitter\\\/wp-content\\\/uploads\\\/sites\\\/14\\\/Bachstein_Logo.png\",\"width\":1966,\"height\":293,\"caption\":\"VB-Salzgitter\"},\"image\":{\"@id\":\"https:\\\/\\\/vb-bachstein.de\\\/salzgitter\\\/#\\\/schema\\\/logo\\\/image\\\/\"}},{\"@type\":\"Person\",\"@id\":\"https:\\\/\\\/vb-bachstein.de\\\/salzgitter\\\/#\\\/schema\\\/person\\\/a751b88c01dcbf14a5413f0808dacb67\",\"name\":\"peters\",\"image\":{\"@type\":\"ImageObject\",\"inLanguage\":\"ru-RU\",\"@id\":\"https:\\\/\\\/secure.gravatar.com\\\/avatar\\\/9c3605722559827488fe70366f5a76c8bb200aca3e281d85f4011ea07a22d91d?s=96&d=mm&r=g\",\"url\":\"https:\\\/\\\/secure.gravatar.com\\\/avatar\\\/9c3605722559827488fe70366f5a76c8bb200aca3e281d85f4011ea07a22d91d?s=96&d=mm&r=g\",\"contentUrl\":\"https:\\\/\\\/secure.gravatar.com\\\/avatar\\\/9c3605722559827488fe70366f5a76c8bb200aca3e281d85f4011ea07a22d91d?s=96&d=mm&r=g\",\"caption\":\"peters\"},\"url\":\"https:\\\/\\\/vb-bachstein.de\\\/salzgitter\\\/ru\\\/author\\\/peters\\\/\"}]}<\/script>\n<!-- \/ Yoast SEO plugin. -->","yoast_head_json":{"title":"\u041b\u0438\u043d\u0438\u044f 658 | \u041a\u043e\u0440\u0440\u0435\u043a\u0442\u0438\u0440\u043e\u0432\u043a\u0430 \u0440\u0430\u0441\u043f\u0438\u0441\u0430\u043d\u0438\u044f \u043c\u0435\u0436\u0434\u0443 \u0411\u0435\u0440\u0435\u043b\u0435\u043c, \u0425\u043e\u0445\u0435\u043d\u0430\u0441\u0441\u0435\u043b\u0435\u043c \u0438 \u0411\u0430\u0434\u0434\u0435\u043a\u0435\u043d\u0448\u0442\u0435\u0434\u0442\u0446\u0443\u043c\u043e\u043c: 13.04.2026 - VB-Salzgitter","robots":{"index":"index","follow":"follow","max-snippet":"max-snippet:-1","max-image-preview":"max-image-preview:large","max-video-preview":"max-video-preview:-1"},"canonical":"https:\/\/vb-bachstein.de\/salzgitter\/\u043b\u0438\u043d\u0438\u044f-658-\u043a\u043e\u0440\u0440\u0435\u043a\u0442\u0438\u0440\u043e\u0432\u043a\u0430-\u0440\u0430\u0441\u043f\u0438\u0441\u0430\u043d\u0438\u044f-\u043c\u0435\u0436\u0434\/","og_locale":"ru_RU","og_type":"article","og_title":"Linie 658 | Fahrplananpassungen zwischen Berel, Hohenassel und Baddeckenstedtzum: 13.04.2026 - VB-Salzgitter","og_description":"Zum 13. April 2026 nehmen wir bei einigen Fahrten kleinere Anpassungen im Fahrplan vor. Hintergrund sind korrigierte Haltestellenpositionen sowie angepasste Linienwege in einigen Orten. Dadurch ver\u00e4ndern sich teilweise Abfahrts- und Ankunftszeiten geringf\u00fcgig. Anpassung der Haltestelle Berel, Ort Der Linienweg in Berel wird den \u00f6rtlichen Gegebenheiten angepasst, durch den neuen Fahrweg verl\u00e4ngert sich die Fahrzeit auf einigen Fahrten um etwa eine Minute. Anpassungen der Linienwege Die Linienf\u00fchrung wird au\u00dferdem in folgenden Orten angepasst: Hohenassel Westerlinde Binder In Westerlinde kann sich die Fahrzeit auf einzelnen Fahrten um etwa zwei Minuten verl\u00e4ngern. Die Haltestelle Nordassel\/Ort wird k\u00fcnftig vor der Haltestelle Burgdorf (WF) \/ Pfarrhaus bedient.Damit entspricht die Linienf\u00fchrung k\u00fcnftig dem tats\u00e4chlichen Fahrweg. Angepasste Abfahrtszeiten Bei den folgenden Fahrten werden die Abfahrtszeiten zwischen 1\u20133 Minuten vorverlegt: 6.01 Uhr ab Berel, Ort 6.47 Uhr ab Berel, Ort 7.33 Uhr ab Berel, Ort 7.43 Uhr ab Westerlinde, Ort 13.44 Uhr ab Berel, Ort Bitte beachte den ab dem 13. April 2026 geltenden Fahrplan","og_url":"https:\/\/vb-bachstein.de\/salzgitter\/\u043b\u0438\u043d\u0438\u044f-658-\u043a\u043e\u0440\u0440\u0435\u043a\u0442\u0438\u0440\u043e\u0432\u043a\u0430-\u0440\u0430\u0441\u043f\u0438\u0441\u0430\u043d\u0438\u044f-\u043c\u0435\u0436\u0434\/","og_site_name":"VB-Salzgitter","article_published_time":"2026-03-09T11:39:27+00:00","article_modified_time":"2026-04-09T09:31:58+00:00","author":"peters","twitter_card":"summary_large_image","twitter_misc":{"\u041d\u0430\u043f\u0438\u0441\u0430\u043d\u043e \u0430\u0432\u0442\u043e\u0440\u043e\u043c":"peters","\u041f\u0440\u0438\u043c\u0435\u0440\u043d\u043e\u0435 \u0432\u0440\u0435\u043c\u044f \u0434\u043b\u044f \u0447\u0442\u0435\u043d\u0438\u044f":"2 \u043c\u0438\u043d\u0443\u0442\u044b"},"schema":{"@context":"https:\/\/schema.org","@graph":[{"@type":"Article","@id":"https:\/\/vb-bachstein.de\/salzgitter\/linie-658-fahrplananpassungen-zwischen-berel-hohenassel-und-baddeckenstedtzum-13-04-2026\/#article","isPartOf":{"@id":"https:\/\/vb-bachstein.de\/salzgitter\/linie-658-fahrplananpassungen-zwischen-berel-hohenassel-und-baddeckenstedtzum-13-04-2026\/"},"author":{"name":"peters","@id":"https:\/\/vb-bachstein.de\/salzgitter\/#\/schema\/person\/a751b88c01dcbf14a5413f0808dacb67"},"headline":"Linie 658 | Fahrplananpassungen zwischen Berel, Hohenassel und Baddeckenstedtzum: 13.04.2026","datePublished":"2026-03-09T11:39:27+00:00","dateModified":"2026-04-09T09:31:58+00:00","mainEntityOfPage":{"@id":"https:\/\/vb-bachstein.de\/salzgitter\/linie-658-fahrplananpassungen-zwischen-berel-hohenassel-und-baddeckenstedtzum-13-04-2026\/"},"wordCount":165,"commentCount":0,"publisher":{"@id":"https:\/\/vb-bachstein.de\/salzgitter\/#organization"},"image":{"@id":"https:\/\/vb-bachstein.de\/salzgitter\/linie-658-fahrplananpassungen-zwischen-berel-hohenassel-und-baddeckenstedtzum-13-04-2026\/#primaryimage"},"thumbnailUrl":"https:\/\/vb-bachstein.de\/salzgitter\/wp-content\/uploads\/sites\/14\/header-subsite_stoerungen-vb.jpg","articleSection":["Fahrplanabweichungen","News"],"inLanguage":"ru-RU","potentialAction":[{"@type":"CommentAction","name":"Comment","target":["https:\/\/vb-bachstein.de\/salzgitter\/linie-658-fahrplananpassungen-zwischen-berel-hohenassel-und-baddeckenstedtzum-13-04-2026\/#respond"]}]},{"@type":"WebPage","@id":"https:\/\/vb-bachstein.de\/salzgitter\/linie-658-fahrplananpassungen-zwischen-berel-hohenassel-und-baddeckenstedtzum-13-04-2026\/","url":"https:\/\/vb-bachstein.de\/salzgitter\/linie-658-fahrplananpassungen-zwischen-berel-hohenassel-und-baddeckenstedtzum-13-04-2026\/","name":"\u041b\u0438\u043d\u0438\u044f 658 | \u041a\u043e\u0440\u0440\u0435\u043a\u0442\u0438\u0440\u043e\u0432\u043a\u0430 \u0440\u0430\u0441\u043f\u0438\u0441\u0430\u043d\u0438\u044f \u043c\u0435\u0436\u0434\u0443 \u0411\u0435\u0440\u0435\u043b\u0435\u043c, \u0425\u043e\u0445\u0435\u043d\u0430\u0441\u0441\u0435\u043b\u0435\u043c \u0438 \u0411\u0430\u0434\u0434\u0435\u043a\u0435\u043d\u0448\u0442\u0435\u0434\u0442\u0446\u0443\u043c\u043e\u043c: 13.04.2026 - VB-Salzgitter","isPartOf":{"@id":"https:\/\/vb-bachstein.de\/salzgitter\/#website"},"primaryImageOfPage":{"@id":"https:\/\/vb-bachstein.de\/salzgitter\/linie-658-fahrplananpassungen-zwischen-berel-hohenassel-und-baddeckenstedtzum-13-04-2026\/#primaryimage"},"image":{"@id":"https:\/\/vb-bachstein.de\/salzgitter\/linie-658-fahrplananpassungen-zwischen-berel-hohenassel-und-baddeckenstedtzum-13-04-2026\/#primaryimage"},"thumbnailUrl":"https:\/\/vb-bachstein.de\/salzgitter\/wp-content\/uploads\/sites\/14\/header-subsite_stoerungen-vb.jpg","datePublished":"2026-03-09T11:39:27+00:00","dateModified":"2026-04-09T09:31:58+00:00","breadcrumb":{"@id":"https:\/\/vb-bachstein.de\/salzgitter\/linie-658-fahrplananpassungen-zwischen-berel-hohenassel-und-baddeckenstedtzum-13-04-2026\/#breadcrumb"},"inLanguage":"ru-RU","potentialAction":[{"@type":"ReadAction","target":["https:\/\/vb-bachstein.de\/salzgitter\/linie-658-fahrplananpassungen-zwischen-berel-hohenassel-und-baddeckenstedtzum-13-04-2026\/"]}]},{"@type":"ImageObject","inLanguage":"ru-RU","@id":"https:\/\/vb-bachstein.de\/salzgitter\/linie-658-fahrplananpassungen-zwischen-berel-hohenassel-und-baddeckenstedtzum-13-04-2026\/#primaryimage","url":"https:\/\/vb-bachstein.de\/salzgitter\/wp-content\/uploads\/sites\/14\/header-subsite_stoerungen-vb.jpg","contentUrl":"https:\/\/vb-bachstein.de\/salzgitter\/wp-content\/uploads\/sites\/14\/header-subsite_stoerungen-vb.jpg"},{"@type":"BreadcrumbList","@id":"https:\/\/vb-bachstein.de\/salzgitter\/linie-658-fahrplananpassungen-zwischen-berel-hohenassel-und-baddeckenstedtzum-13-04-2026\/#breadcrumb","itemListElement":[{"@type":"ListItem","position":1,"name":"Startseite","item":"https:\/\/vb-bachstein.de\/salzgitter\/"},{"@type":"ListItem","position":2,"name":"Linie 658 | Fahrplananpassungen zwischen Berel, Hohenassel und Baddeckenstedtzum: 13.04.2026"}]},{"@type":"WebSite","@id":"https:\/\/vb-bachstein.de\/salzgitter\/#website","url":"https:\/\/vb-bachstein.de\/salzgitter\/","name":"VB-Salzgitter","description":"","publisher":{"@id":"https:\/\/vb-bachstein.de\/salzgitter\/#organization"},"potentialAction":[{"@type":"SearchAction","target":{"@type":"EntryPoint","urlTemplate":"https:\/\/vb-bachstein.de\/salzgitter\/?s={search_term_string}"},"query-input":{"@type":"PropertyValueSpecification","valueRequired":true,"valueName":"search_term_string"}}],"inLanguage":"ru-RU"},{"@type":"Organization","@id":"https:\/\/vb-bachstein.de\/salzgitter\/#organization","name":"VB-Salzgitter","url":"https:\/\/vb-bachstein.de\/salzgitter\/","logo":{"@type":"ImageObject","inLanguage":"ru-RU","@id":"https:\/\/vb-bachstein.de\/salzgitter\/#\/schema\/logo\/image\/","url":"https:\/\/vb-bachstein.de\/salzgitter\/wp-content\/uploads\/sites\/14\/Bachstein_Logo.png","contentUrl":"https:\/\/vb-bachstein.de\/salzgitter\/wp-content\/uploads\/sites\/14\/Bachstein_Logo.png","width":1966,"height":293,"caption":"VB-Salzgitter"},"image":{"@id":"https:\/\/vb-bachstein.de\/salzgitter\/#\/schema\/logo\/image\/"}},{"@type":"Person","@id":"https:\/\/vb-bachstein.de\/salzgitter\/#\/schema\/person\/a751b88c01dcbf14a5413f0808dacb67","name":"\u041f\u0438\u0442\u0435\u0440\u0441","image":{"@type":"ImageObject","inLanguage":"ru-RU","@id":"https:\/\/secure.gravatar.com\/avatar\/9c3605722559827488fe70366f5a76c8bb200aca3e281d85f4011ea07a22d91d?s=96&d=mm&r=g","url":"https:\/\/secure.gravatar.com\/avatar\/9c3605722559827488fe70366f5a76c8bb200aca3e281d85f4011ea07a22d91d?s=96&d=mm&r=g","contentUrl":"https:\/\/secure.gravatar.com\/avatar\/9c3605722559827488fe70366f5a76c8bb200aca3e281d85f4011ea07a22d91d?s=96&d=mm&r=g","caption":"peters"},"url":"https:\/\/vb-bachstein.de\/salzgitter\/ru\/author\/peters\/"}]}},"_links":{"self":[{"href":"https:\/\/vb-bachstein.de\/salzgitter\/ru\/wp-json\/wp\/v2\/posts\/3403","targetHints":{"allow":["GET"]}}],"collection":[{"href":"https:\/\/vb-bachstein.de\/salzgitter\/ru\/wp-json\/wp\/v2\/posts"}],"about":[{"href":"https:\/\/vb-bachstein.de\/salzgitter\/ru\/wp-json\/wp\/v2\/types\/post"}],"author":[{"embeddable":true,"href":"https:\/\/vb-bachstein.de\/salzgitter\/ru\/wp-json\/wp\/v2\/users\/6"}],"replies":[{"embeddable":true,"href":"https:\/\/vb-bachstein.de\/salzgitter\/ru\/wp-json\/wp\/v2\/comments?post=3403"}],"version-history":[{"count":0,"href":"https:\/\/vb-bachstein.de\/salzgitter\/ru\/wp-json\/wp\/v2\/posts\/3403\/revisions"}],"wp:featuredmedia":[{"embeddable":true,"href":"https:\/\/vb-bachstein.de\/salzgitter\/ru\/wp-json\/"}],"wp:attachment":[{"href":"https:\/\/vb-bachstein.de\/salzgitter\/ru\/wp-json\/wp\/v2\/media?parent=3403"}],"wp:term":[{"taxonomy":"category","embeddable":true,"href":"https:\/\/vb-bachstein.de\/salzgitter\/ru\/wp-json\/wp\/v2\/categories?post=3403"},{"taxonomy":"post_tag","embeddable":true,"href":"https:\/\/vb-bachstein.de\/salzgitter\/ru\/wp-json\/wp\/v2\/tags?post=3403"}],"curies":[{"name":"wp","href":"https:\/\/api.w.org\/{rel}","templated":true}]}}