{"id":3374,"date":"2025-12-11T10:38:05","date_gmt":"2025-12-11T09:38:05","guid":{"rendered":"https:\/\/vb-bachstein.de\/salzgitter\/?p=3374"},"modified":"2025-12-11T15:21:03","modified_gmt":"2025-12-11T14:21:03","slug":"%d0%b7%d0%b0%d0%ba%d1%80%d1%8b%d1%82%d0%b8%d0%b5-%d0%bb%d0%b8%d0%bd%d0%b8%d0%b8-656-l498-%d0%bc%d0%b5%d0%b6%d0%b4%d1%83-%d1%80%d0%b8%d0%bd%d0%b3%d0%b5%d0%bb%d1%8c%d1%85%d0%b0%d0%b9%d0%bc%d0%be%d0%bc","status":"publish","type":"post","link":"https:\/\/vb-bachstein.de\/salzgitter\/ru\/linie-656-sperrung-l498-zwischen-ringelheim-und-sehlde-ab-14-08-2025-bis-auf-weiteres\/","title":{"rendered":"\u0417\u0430\u043a\u0440\u044b\u0442\u0438\u0435 \u043b\u0438\u043d\u0438\u0438 656 | L498, \u043c\u0435\u0436\u0434\u0443 \u0420\u0438\u043d\u0433\u0435\u043b\u044c\u0445\u0430\u0439\u043c\u043e\u043c \u0438 \u0417\u0435\u043b\u044c\u0434\u0435: \u0441 14.08.2025 \u0434\u043e \u0434\u0430\u043b\u044c\u043d\u0435\u0439\u0448\u0435\u0433\u043e \u0443\u0432\u0435\u0434\u043e\u043c\u043b\u0435\u043d\u0438\u044f"},"content":{"rendered":"<p>\u0412 \u0441\u0432\u044f\u0437\u0438 \u0441 \u0437\u0430\u043a\u0440\u044b\u0442\u0438\u0435\u043c \u0448\u043e\u0441\u0441\u0435 L498 \u0432 \u0440\u0430\u0439\u043e\u043d\u0435 \u043f\u0435\u0440\u0435\u043a\u0440\u0435\u0441\u0442\u043a\u0430 \u0411\u0430\u043d\u0445 \u0432 \u043a\u043e\u043d\u0446\u0435 \u0420\u0438\u043d\u0433\u0435\u043b\u044c\u0445\u0430\u0439\u043c\u0430 \u0432 \u043d\u0430\u043f\u0440\u0430\u0432\u043b\u0435\u043d\u0438\u0438 \u0417\u0435\u043b\u044c\u0434\u0435 \u043c\u0430\u0440\u0448\u0440\u0443\u0442 656 \u0431\u0443\u0434\u0435\u0442 \u043f\u0435\u0440\u0435\u043d\u0430\u043f\u0440\u0430\u0432\u043b\u0435\u043d \u0432 \u043e\u0431\u0435 \u0441\u0442\u043e\u0440\u043e\u043d\u044b \u0447\u0435\u0440\u0435\u0437 \u0410\u043b\u044c\u0442-\u0412\u0430\u043b\u044c\u043c\u043e\u0434\u0435\u043d \u0432 \u0417\u0435\u043b\u044c\u0434\u0435. \u0417\u0430\u043a\u0440\u044b\u0442\u0438\u0435 \u0434\u043e\u0440\u043e\u0433\u0438 L498 \u044f\u0432\u043b\u044f\u0435\u0442\u0441\u044f \u0431\u0435\u0441\u0441\u0440\u043e\u0447\u043d\u044b\u043c. \u0427\u0442\u043e\u0431\u044b \u0441\u043e\u0445\u0440\u0430\u043d\u0438\u0442\u044c \u0448\u043a\u043e\u043b\u044c\u043d\u044b\u0439 \u0442\u0440\u0430\u043d\u0441\u043f\u043e\u0440\u0442 \u0432 \u0417\u0435\u0434\u0435\u0440\u0445\u043e\u0444\u0435, \u0432\u0441\u0435 \u0448\u043a\u043e\u043b\u044c\u043d\u044b\u0435 \u043f\u043e\u0435\u0437\u0434\u043a\u0438 \u0432 \u0417\u0435\u0434\u0435\u0440\u0445\u043e\u0444 \u0438 \u0438\u0437 \u043d\u0435\u0433\u043e \u0431\u0443\u0434\u0443\u0442 \u043e\u0441\u0443\u0449\u0435\u0441\u0442\u0432\u043b\u044f\u0442\u044c\u0441\u044f \u0447\u0435\u0440\u0435\u0437 \u0417\u0435\u043b\u044c\u0434\u0435.<\/p>\n<p>\u042d\u0442\u0438 \u043e\u0441\u0442\u0430\u043d\u043e\u0432\u043a\u0438 \u043d\u0435 \u043c\u043e\u0433\u0443\u0442 \u043e\u0431\u0441\u043b\u0443\u0436\u0438\u0432\u0430\u0442\u044c\u0441\u044f \u0432\u043e \u0432\u0440\u0435\u043c\u044f \u0441\u0442\u0440\u043e\u0438\u0442\u0435\u043b\u044c\u043d\u044b\u0445 \u0440\u0430\u0431\u043e\u0442:<\/p>\n<ul class=\"icons\">\n<li>\u0417\u0451\u0434\u0435\u0440\u0445\u043e\u0444 (\u043a\u0440\u043e\u043c\u0435 \u0448\u043a\u043e\u043b\u044c\u043d\u044b\u0445 \u044d\u043a\u0441\u043a\u0443\u0440\u0441\u0438\u0439)<\/li>\n<li>\u0417\u0435\u043b\u044c\u0434\u0435, \u0410\u0443\u0444 \u0434\u0435\u0440 \u041b\u0430\u0430\u043a\u0435<\/li>\n<li>\u0417\u0435\u043b\u044c\u0434\u0435, \u0425\u0443\u0431\u0435\u0440\u0442\u0443\u0441\u0448\u0442\u0440\u0430\u0441\u0441\u0435<\/li>\n<li>\u0417\u0435\u043b\u044c\u0434\u0435, \u0446\u0435\u043d\u0442\u0440 \u0433\u043e\u0440\u043e\u0434\u0430<\/li>\n<li>SZ Ringelheim, Goslarsche Stra\u00dfe \u0432 \u043d\u0430\u043f\u0440\u0430\u0432\u043b\u0435\u043d\u0438\u0438 Baddeckenstedt<\/li>\n<\/ul>\n<p><a href=\"https:\/\/vb-bachstein.de\/salzgitter\/%d0%bf%d0%bb%d0%b0%d0%bd%d1%8b-%d0%b2%d0%be%d0%b6%d0%b4%d0%b5%d0%bd%d0%b8%d1%8f\/\">\u041d\u0430\u0436\u043c\u0438\u0442\u0435 \u0437\u0434\u0435\u0441\u044c, \u0447\u0442\u043e\u0431\u044b \u0443\u0437\u043d\u0430\u0442\u044c \u0440\u0430\u0441\u043f\u0438\u0441\u0430\u043d\u0438\u0435<\/a><\/p>","protected":false},"excerpt":{"rendered":"<p>\u0412 \u0441\u0432\u044f\u0437\u0438 \u0441 \u0437\u0430\u043a\u0440\u044b\u0442\u0438\u0435\u043c \u0448\u043e\u0441\u0441\u0435 L498 \u0432 \u0440\u0430\u0439\u043e\u043d\u0435 \u043f\u0435\u0440\u0435\u043a\u0440\u0435\u0441\u0442\u043a\u0430 \u0411\u0430\u043d\u0445 \u0432 \u043a\u043e\u043d\u0446\u0435 \u0420\u0438\u043d\u0433\u0435\u043b\u044c\u0445\u0430\u0439\u043c\u0430 \u0432 \u043d\u0430\u043f\u0440\u0430\u0432\u043b\u0435\u043d\u0438\u0438 \u0417\u0435\u043b\u044c\u0434\u0435 \u043c\u0430\u0440\u0448\u0440\u0443\u0442 656 \u0431\u0443\u0434\u0435\u0442 \u043f\u0435\u0440\u0435\u043d\u0430\u043f\u0440\u0430\u0432\u043b\u0435\u043d \u0432 \u043e\u0431\u0435 \u0441\u0442\u043e\u0440\u043e\u043d\u044b \u0447\u0435\u0440\u0435\u0437 \u0410\u043b\u044c\u0442-\u0412\u0430\u043b\u044c\u043c\u043e\u0434\u0435\u043d \u0432 \u0417\u0435\u043b\u044c\u0434\u0435. \u0414\u043e\u0440\u043e\u0433\u0430 L498 \u0431\u0443\u0434\u0435\u0442 \u0437\u0430\u043a\u0440\u044b\u0442\u0430 \u043d\u0430 \u043d\u0435\u043e\u043f\u0440\u0435\u0434\u0435\u043b\u0435\u043d\u043d\u044b\u0439 \u0441\u0440\u043e\u043a. \u0427\u0442\u043e\u0431\u044b \u0441\u043e\u0445\u0440\u0430\u043d\u0438\u0442\u044c \u0448\u043a\u043e\u043b\u044c\u043d\u044b\u0439 \u0442\u0440\u0430\u043d\u0441\u043f\u043e\u0440\u0442 \u0432 \u0417\u0451\u0434\u0435\u0440\u0445\u043e\u0444\u0435, \u0432\u0441\u0435 \u0448\u043a\u043e\u043b\u044c\u043d\u044b\u0435 \u043f\u043e\u0435\u0437\u0434\u043a\u0438 \u0432 \u0417\u0451\u0434\u0435\u0440\u0445\u043e\u0444 \u0438 \u0438\u0437 \u043d\u0435\u0433\u043e \u0431\u0443\u0434\u0443\u0442 \u043e\u0441\u0443\u0449\u0435\u0441\u0442\u0432\u043b\u044f\u0442\u044c\u0441\u044f \u0447\u0435\u0440\u0435\u0437 \u0417\u0435\u043b\u044c\u0434\u0435. \u042d\u0442\u0438 \u043e\u0441\u0442\u0430\u043d\u043e\u0432\u043a\u0438 \u043d\u0435 \u0431\u0443\u0434\u0443\u0442 \u043e\u0431\u0441\u043b\u0443\u0436\u0438\u0432\u0430\u0442\u044c\u0441\u044f \u0432\u043e \u0432\u0440\u0435\u043c\u044f \u0441\u0442\u0440\u043e\u0438\u0442\u0435\u043b\u044c\u043d\u044b\u0445 \u0440\u0430\u0431\u043e\u0442: \u0417\u0451\u0434\u0435\u0440\u0445\u043e\u0444 (\u043a\u0440\u043e\u043c\u0435 \u0448\u043a\u043e\u043b\u044c\u043d\u044b\u0445 \u043f\u043e\u0435\u0437\u0434\u043e\u043a) \u0417\u0435\u043b\u044c\u0434\u0435, \u0410\u0443\u0444 \u0434\u0435\u0440 \u041b\u0430\u0430\u043a\u0435 \u0417\u0435\u043b\u044c\u0434\u0435, \u0425\u0443\u0431\u0435\u0440\u0442\u0443\u0441\u0448\u0442\u0440\u0430\u0441\u0441\u0435 \u0417\u0435\u043b\u044c\u0434\u0435, \u0446\u0435\u043d\u0442\u0440 \u0433\u043e\u0440\u043e\u0434\u0430 SZ \u0420\u0438\u043d\u0433\u0435\u043b\u044c\u0445\u0430\u0439\u043c, \u0413\u043e\u0441\u043b\u0430\u0440\u0448\u0435\u0448\u0442\u0440\u0430\u0441\u0441\u0435 \u0432 \u043d\u0430\u043f\u0440\u0430\u0432\u043b\u0435\u043d\u0438\u0438 \u0411\u0430\u0434\u0434\u0435\u043a\u0435\u043d\u0448\u0442\u0435\u0434\u0442\u0430 \u041d\u0430\u0436\u043c\u0438\u0442\u0435 \u0437\u0434\u0435\u0441\u044c \u0434\u043b\u044f \u043f\u043e\u043b\u0443\u0447\u0435\u043d\u0438\u044f \u0440\u0430\u0441\u043f\u0438\u0441\u0430\u043d\u0438\u044f<\/p>","protected":false},"author":4,"featured_media":4003,"comment_status":"open","ping_status":"open","sticky":false,"template":"","format":"standard","meta":{"footnotes":""},"categories":[33],"tags":[],"class_list":["post-3374","post","type-post","status-publish","format-standard","has-post-thumbnail","hentry","category-fahrplanabweichungen"],"yoast_head":"<!-- This site is optimized with the Yoast SEO plugin v27.4 - https:\/\/yoast.com\/product\/yoast-seo-wordpress\/ -->\n<title>Linie 656 | Sperrung L498, zwischen Ringelheim und Sehlde: ab 14.08.2025 bis auf Weiteres - VB-Salzgitter<\/title>\n<meta name=\"robots\" content=\"index, follow, max-snippet:-1, max-image-preview:large, max-video-preview:-1\" \/>\n<link rel=\"canonical\" href=\"https:\/\/vb-bachstein.de\/salzgitter\/\u0437\u0430\u043a\u0440\u044b\u0442\u0438\u0435-\u043b\u0438\u043d\u0438\u0438-656-l498-\u043c\u0435\u0436\u0434\u0443-\u0440\u0438\u043d\u0433\u0435\u043b\u044c\u0445\u0430\u0439\u043c\u043e\u043c\/\" \/>\n<meta property=\"og:locale\" content=\"ru_RU\" \/>\n<meta property=\"og:type\" content=\"article\" \/>\n<meta property=\"og:title\" content=\"Linie 656 | Sperrung L498, zwischen Ringelheim und Sehlde: ab 14.08.2025 bis auf Weiteres - VB-Salzgitter\" \/>\n<meta property=\"og:description\" content=\"Aufgrund der Sperrung der L498 im Bereich des Banh\u00fcbergangs am Ortsausgang Ringelheim in Richtung Sehlde, wird die Linie 656 beidseitig \u00fcber Alt Wallmoden nach Sehlde umgeleitet. Die Sperrung der L498 erfolgt auf unbestimmte Zeit. Um die Sch\u00fclerbef\u00f6rderung in S\u00f6derhof aufrecht zu erhalten, erfolgen alle schulrelevanten Fahrt von und nach S\u00f6derhof \u00fcber Sehlde. Diese Haltestellen k\u00f6nnen w\u00e4hrend der Bauma\u00dfnahmen nicht bedient werden: S\u00f6derhof (au\u00dfer Schulfahrten) Sehlde, Auf der Laake Sehlde, Hubertusstra\u00dfe Sehlde, Ortsmitte SZ Ringelheim, Goslarsche Stra\u00dfe in Fahrtrichtung Baddeckenstedt Hier geht\u00b4s zum Fahrplan\" \/>\n<meta property=\"og:url\" content=\"https:\/\/vb-bachstein.de\/salzgitter\/\u0437\u0430\u043a\u0440\u044b\u0442\u0438\u0435-\u043b\u0438\u043d\u0438\u0438-656-l498-\u043c\u0435\u0436\u0434\u0443-\u0440\u0438\u043d\u0433\u0435\u043b\u044c\u0445\u0430\u0439\u043c\u043e\u043c\/\" \/>\n<meta property=\"og:site_name\" content=\"VB-Salzgitter\" \/>\n<meta property=\"article:published_time\" content=\"2025-12-11T09:38:05+00:00\" \/>\n<meta property=\"article:modified_time\" content=\"2025-12-11T14:21:03+00:00\" \/>\n<meta name=\"author\" content=\"sprager\" \/>\n<meta name=\"twitter:card\" content=\"summary_large_image\" \/>\n<meta name=\"twitter:label1\" content=\"\u041d\u0430\u043f\u0438\u0441\u0430\u043d\u043e \u0430\u0432\u0442\u043e\u0440\u043e\u043c\" \/>\n\t<meta name=\"twitter:data1\" content=\"sprager\" \/>\n\t<meta name=\"twitter:label2\" content=\"\u041f\u0440\u0438\u043c\u0435\u0440\u043d\u043e\u0435 \u0432\u0440\u0435\u043c\u044f \u0434\u043b\u044f \u0447\u0442\u0435\u043d\u0438\u044f\" \/>\n\t<meta name=\"twitter:data2\" content=\"1 \u043c\u0438\u043d\u0443\u0442\u0430\" \/>\n<script type=\"application\/ld+json\" class=\"yoast-schema-graph\">{\"@context\":\"https:\\\/\\\/schema.org\",\"@graph\":[{\"@type\":\"Article\",\"@id\":\"https:\\\/\\\/vb-bachstein.de\\\/salzgitter\\\/linie-656-sperrung-l498-zwischen-ringelheim-und-sehlde-ab-14-08-2025-bis-auf-weiteres\\\/#article\",\"isPartOf\":{\"@id\":\"https:\\\/\\\/vb-bachstein.de\\\/salzgitter\\\/linie-656-sperrung-l498-zwischen-ringelheim-und-sehlde-ab-14-08-2025-bis-auf-weiteres\\\/\"},\"author\":{\"name\":\"sprager\",\"@id\":\"https:\\\/\\\/vb-bachstein.de\\\/salzgitter\\\/#\\\/schema\\\/person\\\/b008f998d49926c8ddca013e5a810139\"},\"headline\":\"Linie 656 | Sperrung L498, zwischen Ringelheim und Sehlde: ab 14.08.2025 bis auf Weiteres\",\"datePublished\":\"2025-12-11T09:38:05+00:00\",\"dateModified\":\"2025-12-11T14:21:03+00:00\",\"mainEntityOfPage\":{\"@id\":\"https:\\\/\\\/vb-bachstein.de\\\/salzgitter\\\/linie-656-sperrung-l498-zwischen-ringelheim-und-sehlde-ab-14-08-2025-bis-auf-weiteres\\\/\"},\"wordCount\":106,\"commentCount\":0,\"publisher\":{\"@id\":\"https:\\\/\\\/vb-bachstein.de\\\/salzgitter\\\/#organization\"},\"image\":{\"@id\":\"https:\\\/\\\/vb-bachstein.de\\\/salzgitter\\\/linie-656-sperrung-l498-zwischen-ringelheim-und-sehlde-ab-14-08-2025-bis-auf-weiteres\\\/#primaryimage\"},\"thumbnailUrl\":\"https:\\\/\\\/vb-bachstein.de\\\/salzgitter\\\/wp-content\\\/uploads\\\/sites\\\/14\\\/header-subsite_stoerungen-vb.jpg\",\"articleSection\":[\"Fahrplanabweichungen\"],\"inLanguage\":\"ru-RU\",\"potentialAction\":[{\"@type\":\"CommentAction\",\"name\":\"Comment\",\"target\":[\"https:\\\/\\\/vb-bachstein.de\\\/salzgitter\\\/linie-656-sperrung-l498-zwischen-ringelheim-und-sehlde-ab-14-08-2025-bis-auf-weiteres\\\/#respond\"]}]},{\"@type\":\"WebPage\",\"@id\":\"https:\\\/\\\/vb-bachstein.de\\\/salzgitter\\\/linie-656-sperrung-l498-zwischen-ringelheim-und-sehlde-ab-14-08-2025-bis-auf-weiteres\\\/\",\"url\":\"https:\\\/\\\/vb-bachstein.de\\\/salzgitter\\\/linie-656-sperrung-l498-zwischen-ringelheim-und-sehlde-ab-14-08-2025-bis-auf-weiteres\\\/\",\"name\":\"Linie 656 | Sperrung L498, zwischen Ringelheim und Sehlde: ab 14.08.2025 bis auf Weiteres - VB-Salzgitter\",\"isPartOf\":{\"@id\":\"https:\\\/\\\/vb-bachstein.de\\\/salzgitter\\\/#website\"},\"primaryImageOfPage\":{\"@id\":\"https:\\\/\\\/vb-bachstein.de\\\/salzgitter\\\/linie-656-sperrung-l498-zwischen-ringelheim-und-sehlde-ab-14-08-2025-bis-auf-weiteres\\\/#primaryimage\"},\"image\":{\"@id\":\"https:\\\/\\\/vb-bachstein.de\\\/salzgitter\\\/linie-656-sperrung-l498-zwischen-ringelheim-und-sehlde-ab-14-08-2025-bis-auf-weiteres\\\/#primaryimage\"},\"thumbnailUrl\":\"https:\\\/\\\/vb-bachstein.de\\\/salzgitter\\\/wp-content\\\/uploads\\\/sites\\\/14\\\/header-subsite_stoerungen-vb.jpg\",\"datePublished\":\"2025-12-11T09:38:05+00:00\",\"dateModified\":\"2025-12-11T14:21:03+00:00\",\"breadcrumb\":{\"@id\":\"https:\\\/\\\/vb-bachstein.de\\\/salzgitter\\\/linie-656-sperrung-l498-zwischen-ringelheim-und-sehlde-ab-14-08-2025-bis-auf-weiteres\\\/#breadcrumb\"},\"inLanguage\":\"ru-RU\",\"potentialAction\":[{\"@type\":\"ReadAction\",\"target\":[\"https:\\\/\\\/vb-bachstein.de\\\/salzgitter\\\/linie-656-sperrung-l498-zwischen-ringelheim-und-sehlde-ab-14-08-2025-bis-auf-weiteres\\\/\"]}]},{\"@type\":\"ImageObject\",\"inLanguage\":\"ru-RU\",\"@id\":\"https:\\\/\\\/vb-bachstein.de\\\/salzgitter\\\/linie-656-sperrung-l498-zwischen-ringelheim-und-sehlde-ab-14-08-2025-bis-auf-weiteres\\\/#primaryimage\",\"url\":\"https:\\\/\\\/vb-bachstein.de\\\/salzgitter\\\/wp-content\\\/uploads\\\/sites\\\/14\\\/header-subsite_stoerungen-vb.jpg\",\"contentUrl\":\"https:\\\/\\\/vb-bachstein.de\\\/salzgitter\\\/wp-content\\\/uploads\\\/sites\\\/14\\\/header-subsite_stoerungen-vb.jpg\"},{\"@type\":\"BreadcrumbList\",\"@id\":\"https:\\\/\\\/vb-bachstein.de\\\/salzgitter\\\/linie-656-sperrung-l498-zwischen-ringelheim-und-sehlde-ab-14-08-2025-bis-auf-weiteres\\\/#breadcrumb\",\"itemListElement\":[{\"@type\":\"ListItem\",\"position\":1,\"name\":\"Startseite\",\"item\":\"https:\\\/\\\/vb-bachstein.de\\\/salzgitter\\\/\"},{\"@type\":\"ListItem\",\"position\":2,\"name\":\"Linie 656 | Sperrung L498, zwischen Ringelheim und Sehlde: ab 14.08.2025 bis auf Weiteres\"}]},{\"@type\":\"WebSite\",\"@id\":\"https:\\\/\\\/vb-bachstein.de\\\/salzgitter\\\/#website\",\"url\":\"https:\\\/\\\/vb-bachstein.de\\\/salzgitter\\\/\",\"name\":\"VB-Salzgitter\",\"description\":\"\",\"publisher\":{\"@id\":\"https:\\\/\\\/vb-bachstein.de\\\/salzgitter\\\/#organization\"},\"potentialAction\":[{\"@type\":\"SearchAction\",\"target\":{\"@type\":\"EntryPoint\",\"urlTemplate\":\"https:\\\/\\\/vb-bachstein.de\\\/salzgitter\\\/?s={search_term_string}\"},\"query-input\":{\"@type\":\"PropertyValueSpecification\",\"valueRequired\":true,\"valueName\":\"search_term_string\"}}],\"inLanguage\":\"ru-RU\"},{\"@type\":\"Organization\",\"@id\":\"https:\\\/\\\/vb-bachstein.de\\\/salzgitter\\\/#organization\",\"name\":\"VB-Salzgitter\",\"url\":\"https:\\\/\\\/vb-bachstein.de\\\/salzgitter\\\/\",\"logo\":{\"@type\":\"ImageObject\",\"inLanguage\":\"ru-RU\",\"@id\":\"https:\\\/\\\/vb-bachstein.de\\\/salzgitter\\\/#\\\/schema\\\/logo\\\/image\\\/\",\"url\":\"https:\\\/\\\/vb-bachstein.de\\\/salzgitter\\\/wp-content\\\/uploads\\\/sites\\\/14\\\/Bachstein_Logo.png\",\"contentUrl\":\"https:\\\/\\\/vb-bachstein.de\\\/salzgitter\\\/wp-content\\\/uploads\\\/sites\\\/14\\\/Bachstein_Logo.png\",\"width\":1966,\"height\":293,\"caption\":\"VB-Salzgitter\"},\"image\":{\"@id\":\"https:\\\/\\\/vb-bachstein.de\\\/salzgitter\\\/#\\\/schema\\\/logo\\\/image\\\/\"}},{\"@type\":\"Person\",\"@id\":\"https:\\\/\\\/vb-bachstein.de\\\/salzgitter\\\/#\\\/schema\\\/person\\\/b008f998d49926c8ddca013e5a810139\",\"name\":\"sprager\",\"image\":{\"@type\":\"ImageObject\",\"inLanguage\":\"ru-RU\",\"@id\":\"https:\\\/\\\/secure.gravatar.com\\\/avatar\\\/c9f4904d5ee6846a305eba03c67dfde589dc71ebb212f17ea973f97cbdd5f980?s=96&d=mm&r=g\",\"url\":\"https:\\\/\\\/secure.gravatar.com\\\/avatar\\\/c9f4904d5ee6846a305eba03c67dfde589dc71ebb212f17ea973f97cbdd5f980?s=96&d=mm&r=g\",\"contentUrl\":\"https:\\\/\\\/secure.gravatar.com\\\/avatar\\\/c9f4904d5ee6846a305eba03c67dfde589dc71ebb212f17ea973f97cbdd5f980?s=96&d=mm&r=g\",\"caption\":\"sprager\"},\"url\":\"https:\\\/\\\/vb-bachstein.de\\\/salzgitter\\\/ru\\\/author\\\/sprager\\\/\"}]}<\/script>\n<!-- \/ Yoast SEO plugin. -->","yoast_head_json":{"title":"\u0417\u0430\u043a\u0440\u044b\u0442\u0438\u0435 \u043b\u0438\u043d\u0438\u0438 656 | L498 \u043c\u0435\u0436\u0434\u0443 \u0420\u0438\u043d\u0433\u0435\u043b\u044c\u0445\u0430\u0439\u043c\u043e\u043c \u0438 \u0417\u0435\u043b\u044c\u0434\u0435: \u0441 14 \u0430\u0432\u0433\u0443\u0441\u0442\u0430 2025 \u0433\u043e\u0434\u0430 \u0438 \u0434\u043e \u0434\u0430\u043b\u044c\u043d\u0435\u0439\u0448\u0435\u0433\u043e \u0443\u0432\u0435\u0434\u043e\u043c\u043b\u0435\u043d\u0438\u044f - VB-Salzgitter","robots":{"index":"index","follow":"follow","max-snippet":"max-snippet:-1","max-image-preview":"max-image-preview:large","max-video-preview":"max-video-preview:-1"},"canonical":"https:\/\/vb-bachstein.de\/salzgitter\/\u0437\u0430\u043a\u0440\u044b\u0442\u0438\u0435-\u043b\u0438\u043d\u0438\u0438-656-l498-\u043c\u0435\u0436\u0434\u0443-\u0440\u0438\u043d\u0433\u0435\u043b\u044c\u0445\u0430\u0439\u043c\u043e\u043c\/","og_locale":"ru_RU","og_type":"article","og_title":"Linie 656 | Sperrung L498, zwischen Ringelheim und Sehlde: ab 14.08.2025 bis auf Weiteres - VB-Salzgitter","og_description":"Aufgrund der Sperrung der L498 im Bereich des Banh\u00fcbergangs am Ortsausgang Ringelheim in Richtung Sehlde, wird die Linie 656 beidseitig \u00fcber Alt Wallmoden nach Sehlde umgeleitet. Die Sperrung der L498 erfolgt auf unbestimmte Zeit. Um die Sch\u00fclerbef\u00f6rderung in S\u00f6derhof aufrecht zu erhalten, erfolgen alle schulrelevanten Fahrt von und nach S\u00f6derhof \u00fcber Sehlde. Diese Haltestellen k\u00f6nnen w\u00e4hrend der Bauma\u00dfnahmen nicht bedient werden: S\u00f6derhof (au\u00dfer Schulfahrten) Sehlde, Auf der Laake Sehlde, Hubertusstra\u00dfe Sehlde, Ortsmitte SZ Ringelheim, Goslarsche Stra\u00dfe in Fahrtrichtung Baddeckenstedt Hier geht\u00b4s zum Fahrplan","og_url":"https:\/\/vb-bachstein.de\/salzgitter\/\u0437\u0430\u043a\u0440\u044b\u0442\u0438\u0435-\u043b\u0438\u043d\u0438\u0438-656-l498-\u043c\u0435\u0436\u0434\u0443-\u0440\u0438\u043d\u0433\u0435\u043b\u044c\u0445\u0430\u0439\u043c\u043e\u043c\/","og_site_name":"VB-Salzgitter","article_published_time":"2025-12-11T09:38:05+00:00","article_modified_time":"2025-12-11T14:21:03+00:00","author":"sprager","twitter_card":"summary_large_image","twitter_misc":{"\u041d\u0430\u043f\u0438\u0441\u0430\u043d\u043e \u0430\u0432\u0442\u043e\u0440\u043e\u043c":"sprager","\u041f\u0440\u0438\u043c\u0435\u0440\u043d\u043e\u0435 \u0432\u0440\u0435\u043c\u044f \u0434\u043b\u044f \u0447\u0442\u0435\u043d\u0438\u044f":"1 \u043c\u0438\u043d\u0443\u0442\u0430"},"schema":{"@context":"https:\/\/schema.org","@graph":[{"@type":"Article","@id":"https:\/\/vb-bachstein.de\/salzgitter\/linie-656-sperrung-l498-zwischen-ringelheim-und-sehlde-ab-14-08-2025-bis-auf-weiteres\/#article","isPartOf":{"@id":"https:\/\/vb-bachstein.de\/salzgitter\/linie-656-sperrung-l498-zwischen-ringelheim-und-sehlde-ab-14-08-2025-bis-auf-weiteres\/"},"author":{"name":"sprager","@id":"https:\/\/vb-bachstein.de\/salzgitter\/#\/schema\/person\/b008f998d49926c8ddca013e5a810139"},"headline":"Linie 656 | Sperrung L498, zwischen Ringelheim und Sehlde: ab 14.08.2025 bis auf Weiteres","datePublished":"2025-12-11T09:38:05+00:00","dateModified":"2025-12-11T14:21:03+00:00","mainEntityOfPage":{"@id":"https:\/\/vb-bachstein.de\/salzgitter\/linie-656-sperrung-l498-zwischen-ringelheim-und-sehlde-ab-14-08-2025-bis-auf-weiteres\/"},"wordCount":106,"commentCount":0,"publisher":{"@id":"https:\/\/vb-bachstein.de\/salzgitter\/#organization"},"image":{"@id":"https:\/\/vb-bachstein.de\/salzgitter\/linie-656-sperrung-l498-zwischen-ringelheim-und-sehlde-ab-14-08-2025-bis-auf-weiteres\/#primaryimage"},"thumbnailUrl":"https:\/\/vb-bachstein.de\/salzgitter\/wp-content\/uploads\/sites\/14\/header-subsite_stoerungen-vb.jpg","articleSection":["Fahrplanabweichungen"],"inLanguage":"ru-RU","potentialAction":[{"@type":"CommentAction","name":"Comment","target":["https:\/\/vb-bachstein.de\/salzgitter\/linie-656-sperrung-l498-zwischen-ringelheim-und-sehlde-ab-14-08-2025-bis-auf-weiteres\/#respond"]}]},{"@type":"WebPage","@id":"https:\/\/vb-bachstein.de\/salzgitter\/linie-656-sperrung-l498-zwischen-ringelheim-und-sehlde-ab-14-08-2025-bis-auf-weiteres\/","url":"https:\/\/vb-bachstein.de\/salzgitter\/linie-656-sperrung-l498-zwischen-ringelheim-und-sehlde-ab-14-08-2025-bis-auf-weiteres\/","name":"\u0417\u0430\u043a\u0440\u044b\u0442\u0438\u0435 \u043b\u0438\u043d\u0438\u0438 656 | L498 \u043c\u0435\u0436\u0434\u0443 \u0420\u0438\u043d\u0433\u0435\u043b\u044c\u0445\u0430\u0439\u043c\u043e\u043c \u0438 \u0417\u0435\u043b\u044c\u0434\u0435: \u0441 14 \u0430\u0432\u0433\u0443\u0441\u0442\u0430 2025 \u0433\u043e\u0434\u0430 \u0438 \u0434\u043e \u0434\u0430\u043b\u044c\u043d\u0435\u0439\u0448\u0435\u0433\u043e \u0443\u0432\u0435\u0434\u043e\u043c\u043b\u0435\u043d\u0438\u044f - VB-Salzgitter","isPartOf":{"@id":"https:\/\/vb-bachstein.de\/salzgitter\/#website"},"primaryImageOfPage":{"@id":"https:\/\/vb-bachstein.de\/salzgitter\/linie-656-sperrung-l498-zwischen-ringelheim-und-sehlde-ab-14-08-2025-bis-auf-weiteres\/#primaryimage"},"image":{"@id":"https:\/\/vb-bachstein.de\/salzgitter\/linie-656-sperrung-l498-zwischen-ringelheim-und-sehlde-ab-14-08-2025-bis-auf-weiteres\/#primaryimage"},"thumbnailUrl":"https:\/\/vb-bachstein.de\/salzgitter\/wp-content\/uploads\/sites\/14\/header-subsite_stoerungen-vb.jpg","datePublished":"2025-12-11T09:38:05+00:00","dateModified":"2025-12-11T14:21:03+00:00","breadcrumb":{"@id":"https:\/\/vb-bachstein.de\/salzgitter\/linie-656-sperrung-l498-zwischen-ringelheim-und-sehlde-ab-14-08-2025-bis-auf-weiteres\/#breadcrumb"},"inLanguage":"ru-RU","potentialAction":[{"@type":"ReadAction","target":["https:\/\/vb-bachstein.de\/salzgitter\/linie-656-sperrung-l498-zwischen-ringelheim-und-sehlde-ab-14-08-2025-bis-auf-weiteres\/"]}]},{"@type":"ImageObject","inLanguage":"ru-RU","@id":"https:\/\/vb-bachstein.de\/salzgitter\/linie-656-sperrung-l498-zwischen-ringelheim-und-sehlde-ab-14-08-2025-bis-auf-weiteres\/#primaryimage","url":"https:\/\/vb-bachstein.de\/salzgitter\/wp-content\/uploads\/sites\/14\/header-subsite_stoerungen-vb.jpg","contentUrl":"https:\/\/vb-bachstein.de\/salzgitter\/wp-content\/uploads\/sites\/14\/header-subsite_stoerungen-vb.jpg"},{"@type":"BreadcrumbList","@id":"https:\/\/vb-bachstein.de\/salzgitter\/linie-656-sperrung-l498-zwischen-ringelheim-und-sehlde-ab-14-08-2025-bis-auf-weiteres\/#breadcrumb","itemListElement":[{"@type":"ListItem","position":1,"name":"Startseite","item":"https:\/\/vb-bachstein.de\/salzgitter\/"},{"@type":"ListItem","position":2,"name":"Linie 656 | Sperrung L498, zwischen Ringelheim und Sehlde: ab 14.08.2025 bis auf Weiteres"}]},{"@type":"WebSite","@id":"https:\/\/vb-bachstein.de\/salzgitter\/#website","url":"https:\/\/vb-bachstein.de\/salzgitter\/","name":"VB-Salzgitter","description":"","publisher":{"@id":"https:\/\/vb-bachstein.de\/salzgitter\/#organization"},"potentialAction":[{"@type":"SearchAction","target":{"@type":"EntryPoint","urlTemplate":"https:\/\/vb-bachstein.de\/salzgitter\/?s={search_term_string}"},"query-input":{"@type":"PropertyValueSpecification","valueRequired":true,"valueName":"search_term_string"}}],"inLanguage":"ru-RU"},{"@type":"Organization","@id":"https:\/\/vb-bachstein.de\/salzgitter\/#organization","name":"VB-Salzgitter","url":"https:\/\/vb-bachstein.de\/salzgitter\/","logo":{"@type":"ImageObject","inLanguage":"ru-RU","@id":"https:\/\/vb-bachstein.de\/salzgitter\/#\/schema\/logo\/image\/","url":"https:\/\/vb-bachstein.de\/salzgitter\/wp-content\/uploads\/sites\/14\/Bachstein_Logo.png","contentUrl":"https:\/\/vb-bachstein.de\/salzgitter\/wp-content\/uploads\/sites\/14\/Bachstein_Logo.png","width":1966,"height":293,"caption":"VB-Salzgitter"},"image":{"@id":"https:\/\/vb-bachstein.de\/salzgitter\/#\/schema\/logo\/image\/"}},{"@type":"Person","@id":"https:\/\/vb-bachstein.de\/salzgitter\/#\/schema\/person\/b008f998d49926c8ddca013e5a810139","name":"sprager","image":{"@type":"ImageObject","inLanguage":"ru-RU","@id":"https:\/\/secure.gravatar.com\/avatar\/c9f4904d5ee6846a305eba03c67dfde589dc71ebb212f17ea973f97cbdd5f980?s=96&d=mm&r=g","url":"https:\/\/secure.gravatar.com\/avatar\/c9f4904d5ee6846a305eba03c67dfde589dc71ebb212f17ea973f97cbdd5f980?s=96&d=mm&r=g","contentUrl":"https:\/\/secure.gravatar.com\/avatar\/c9f4904d5ee6846a305eba03c67dfde589dc71ebb212f17ea973f97cbdd5f980?s=96&d=mm&r=g","caption":"sprager"},"url":"https:\/\/vb-bachstein.de\/salzgitter\/ru\/author\/sprager\/"}]}},"_links":{"self":[{"href":"https:\/\/vb-bachstein.de\/salzgitter\/ru\/wp-json\/wp\/v2\/posts\/3374","targetHints":{"allow":["GET"]}}],"collection":[{"href":"https:\/\/vb-bachstein.de\/salzgitter\/ru\/wp-json\/wp\/v2\/posts"}],"about":[{"href":"https:\/\/vb-bachstein.de\/salzgitter\/ru\/wp-json\/wp\/v2\/types\/post"}],"author":[{"embeddable":true,"href":"https:\/\/vb-bachstein.de\/salzgitter\/ru\/wp-json\/wp\/v2\/users\/4"}],"replies":[{"embeddable":true,"href":"https:\/\/vb-bachstein.de\/salzgitter\/ru\/wp-json\/wp\/v2\/comments?post=3374"}],"version-history":[{"count":0,"href":"https:\/\/vb-bachstein.de\/salzgitter\/ru\/wp-json\/wp\/v2\/posts\/3374\/revisions"}],"wp:featuredmedia":[{"embeddable":true,"href":"https:\/\/vb-bachstein.de\/salzgitter\/ru\/wp-json\/"}],"wp:attachment":[{"href":"https:\/\/vb-bachstein.de\/salzgitter\/ru\/wp-json\/wp\/v2\/media?parent=3374"}],"wp:term":[{"taxonomy":"category","embeddable":true,"href":"https:\/\/vb-bachstein.de\/salzgitter\/ru\/wp-json\/wp\/v2\/categories?post=3374"},{"taxonomy":"post_tag","embeddable":true,"href":"https:\/\/vb-bachstein.de\/salzgitter\/ru\/wp-json\/wp\/v2\/tags?post=3374"}],"curies":[{"name":"wp","href":"https:\/\/api.w.org\/{rel}","templated":true}]}}