{"id":3403,"date":"2026-03-09T12:39:27","date_gmt":"2026-03-09T11:39:27","guid":{"rendered":"https:\/\/vb-bachstein.de\/salzgitter\/?p=3403"},"modified":"2026-04-09T11:31:58","modified_gmt":"2026-04-09T09:31:58","slug":"linia-658-korekty-rozkladu-jazdy-pomiedzy-berel-hohenassel-i-baddeckenstedtzum-13-04-2026","status":"publish","type":"post","link":"https:\/\/vb-bachstein.de\/salzgitter\/pl\/linie-658-fahrplananpassungen-zwischen-berel-hohenassel-und-baddeckenstedtzum-13-04-2026\/","title":{"rendered":"Linia 658 | Korekty rozk\u0142adu jazdy mi\u0119dzy Berel, Hohenassel i Baddeckenstedtzum: 13.04.2026 r."},"content":{"rendered":"<p data-start=\"42\" data-end=\"311\">Do <strong data-start=\"46\" data-end=\"64\">13 kwietnia 2026 r.<\/strong> Wprowadzamy drobne korekty w rozk\u0142adzie jazdy dla niekt\u00f3rych kurs\u00f3w. Wynika to z poprawionych pozycji przystank\u00f3w i dostosowanych tras w niekt\u00f3rych miejscach. W rezultacie niekt\u00f3re godziny odjazd\u00f3w i przyjazd\u00f3w ulegn\u0105 niewielkim zmianom.<\/p>\n<h3 data-section-id=\"1e93qr5\" data-start=\"313\" data-end=\"352\">Adaptacja Berel, Ort stop<\/h3>\n<p data-section-id=\"1e93qr5\" data-start=\"313\" data-end=\"352\">Trasa w <strong data-start=\"502\" data-end=\"511\">Berel<\/strong> zostanie dostosowana do lokalnych warunk\u00f3w; nowa trasa wyd\u0142u\u017cy czas podr\u00f3\u017cy na niekt\u00f3rych trasach o oko\u0142o. <strong data-start=\"630\" data-end=\"645\">minuta<\/strong>.<\/p>\n<h3 data-section-id=\"vlubtx\" data-start=\"648\" data-end=\"678\">Dostosowania do tras<\/h3>\n<p data-start=\"679\" data-end=\"740\">Trasa zostanie r\u00f3wnie\u017c dostosowana w nast\u0119puj\u0105cych lokalizacjach:<\/p>\n<ul data-start=\"741\" data-end=\"788\">\n<li data-section-id=\"1pfuwqs\" data-start=\"741\" data-end=\"757\">\n<p data-start=\"743\" data-end=\"757\"><strong data-start=\"743\" data-end=\"757\">Hohenassel<\/strong><\/p>\n<\/li>\n<li data-section-id=\"1khw4yo\" data-start=\"758\" data-end=\"775\">\n<p data-start=\"760\" data-end=\"775\"><strong data-start=\"760\" data-end=\"775\">Westerlinde<\/strong><\/p>\n<\/li>\n<li data-section-id=\"dwkev2\" data-start=\"776\" data-end=\"788\">\n<p data-start=\"778\" data-end=\"788\"><strong data-start=\"778\" data-end=\"788\">Segregator<\/strong><\/p>\n<\/li>\n<\/ul>\n<p data-start=\"790\" data-end=\"890\">W <strong data-start=\"793\" data-end=\"808\">Westerlinde<\/strong> czas podr\u00f3\u017cy na poszczeg\u00f3lnych trasach mo\u017cna skr\u00f3ci\u0107 o ok. <strong data-start=\"862\" data-end=\"878\">dwie minuty<\/strong> rozszerzenie.<\/p>\n<p data-start=\"934\" data-end=\"1141\">Przystanek autobusowy <strong data-start=\"950\" data-end=\"967\">Nordassel\/Place<\/strong> b\u0119dzie w przysz\u0142o\u015bci <strong data-start=\"981\" data-end=\"1030\">przed przystankiem Burgdorf (WF) \/ plebania<\/strong> s\u0142u\u017cy\u0142.<br data-start=\"1039\" data-end=\"1042\" \/>Oznacza to, \u017ce trasa b\u0119dzie odpowiada\u0107 rzeczywistej trasie w przysz\u0142o\u015bci.<\/p>\n<h3 data-section-id=\"h526xn\" data-start=\"1143\" data-end=\"1172\">Dostosowane czasy odlot\u00f3w<\/h3>\n<p data-start=\"1173\" data-end=\"1432\">W przypadku nast\u0119puj\u0105cych kurs\u00f3w czas odjazdu b\u0119dzie wynosi\u0142 od 1 do 3 minut <strong>przedstawione:<\/strong><\/p>\n<ul>\n<li data-start=\"1173\" data-end=\"1432\"><strong data-start=\"1327\" data-end=\"1376\">6.01 z Berel, miasto<\/strong><\/li>\n<li data-start=\"1173\" data-end=\"1432\"><strong data-start=\"1327\" data-end=\"1376\">6.47 z Berel, miasto<\/strong><\/li>\n<li data-start=\"1173\" data-end=\"1432\"><strong data-start=\"1327\" data-end=\"1376\">7.33 z Berel, miasto<\/strong><\/li>\n<li data-start=\"1173\" data-end=\"1432\"><strong data-start=\"1327\" data-end=\"1376\">7:43 z Westerlinde, Ort<\/strong><\/li>\n<li data-start=\"1173\" data-end=\"1432\"><strong>13.44 z Berel, miasto<\/strong><\/li>\n<\/ul>\n<p data-start=\"1668\" data-end=\"1868\" data-is-last-node=\"\" data-is-only-node=\"\"><strong data-start=\"1700\" data-end=\"1766\">Nale\u017cy pami\u0119ta\u0107, \u017ce od 13 kwietnia 2026 r. b\u0119d\u0105 obowi\u0105zywa\u0107 nast\u0119puj\u0105ce zasady <a href=\"https:\/\/vb-bachstein.de\/salzgitter\/wp-content\/uploads\/sites\/14\/658_260413_FP.pdf\" target=\"_blank\" rel=\"noopener\">Harmonogram<\/a><\/strong><\/p>","protected":false},"excerpt":{"rendered":"<p>Od 13 kwietnia 2026 r. wprowadzimy drobne korekty w rozk\u0142adzie jazdy dla niekt\u00f3rych przejazd\u00f3w. Wynika to z poprawionych pozycji przystank\u00f3w i dostosowanych tras w niekt\u00f3rych miejscach. W rezultacie niekt\u00f3re godziny odjazd\u00f3w i przyjazd\u00f3w nieznacznie si\u0119 zmieni\u0105. Dostosowanie przystanku Berel, Ort Trasa w Berel zostanie dostosowana do lokalnych warunk\u00f3w; nowa trasa wyd\u0142u\u017cy czas podr\u00f3\u017cy na niekt\u00f3rych trasach o oko\u0142o jedn\u0105 minut\u0119. Dostosowanie trasy Trasa zostanie r\u00f3wnie\u017c dostosowana w nast\u0119puj\u0105cych lokalizacjach: Hohenassel Westerlinde Binder W Westerlinde czas podr\u00f3\u017cy mo\u017ce wyd\u0142u\u017cy\u0107 si\u0119 o oko\u0142o dwie minuty na niekt\u00f3rych trasach. W przysz\u0142o\u015bci przystanek Nordassel\/Ort b\u0119dzie obs\u0142ugiwany przed przystankiem Burgdorf (WF) \/ Pfarrhaus, co oznacza, \u017ce trasa b\u0119dzie odpowiada\u0107 rzeczywistej trasie w przysz\u0142o\u015bci. Skorygowane godziny odjazd\u00f3w Godziny odjazd\u00f3w dla nast\u0119puj\u0105cych kurs\u00f3w zostan\u0105 przyspieszone o 1-3 minuty: 6.01 z Berel, Ort 6.47 z Berel, Ort 7.33 z Berel, Ort 7.43 z Westerlinde, Ort 13.44 z Berel, Ort Nale\u017cy pami\u0119ta\u0107, \u017ce rozk\u0142ad jazdy obowi\u0105zuje od 13 kwietnia 2026 r.<\/p>","protected":false},"author":6,"featured_media":4003,"comment_status":"open","ping_status":"open","sticky":false,"template":"","format":"standard","meta":{"footnotes":""},"categories":[33,1],"tags":[],"class_list":["post-3403","post","type-post","status-publish","format-standard","has-post-thumbnail","hentry","category-fahrplanabweichungen","category-news"],"yoast_head":"<!-- This site is optimized with the Yoast SEO plugin v27.4 - https:\/\/yoast.com\/product\/yoast-seo-wordpress\/ -->\n<title>Linie 658 | Fahrplananpassungen zwischen Berel, Hohenassel und Baddeckenstedtzum: 13.04.2026 - VB-Salzgitter<\/title>\n<meta name=\"robots\" content=\"index, follow, max-snippet:-1, max-image-preview:large, max-video-preview:-1\" \/>\n<link rel=\"canonical\" href=\"https:\/\/vb-bachstein.de\/salzgitter\/linia-658-korekty-rozkladu-jazdy-pomiedzy-berel-hohenassel-i-baddeckenstedtzum-13-04-2026\/\" \/>\n<meta property=\"og:locale\" content=\"pl_PL\" \/>\n<meta property=\"og:type\" content=\"article\" \/>\n<meta property=\"og:title\" content=\"Linie 658 | Fahrplananpassungen zwischen Berel, Hohenassel und Baddeckenstedtzum: 13.04.2026 - VB-Salzgitter\" \/>\n<meta property=\"og:description\" content=\"Zum 13. April 2026 nehmen wir bei einigen Fahrten kleinere Anpassungen im Fahrplan vor. Hintergrund sind korrigierte Haltestellenpositionen sowie angepasste Linienwege in einigen Orten. Dadurch ver\u00e4ndern sich teilweise Abfahrts- und Ankunftszeiten geringf\u00fcgig. Anpassung der Haltestelle Berel, Ort Der Linienweg in Berel wird den \u00f6rtlichen Gegebenheiten angepasst, durch den neuen Fahrweg verl\u00e4ngert sich die Fahrzeit auf einigen Fahrten um etwa eine Minute. Anpassungen der Linienwege Die Linienf\u00fchrung wird au\u00dferdem in folgenden Orten angepasst: Hohenassel Westerlinde Binder In Westerlinde kann sich die Fahrzeit auf einzelnen Fahrten um etwa zwei Minuten verl\u00e4ngern. Die Haltestelle Nordassel\/Ort wird k\u00fcnftig vor der Haltestelle Burgdorf (WF) \/ Pfarrhaus bedient.Damit entspricht die Linienf\u00fchrung k\u00fcnftig dem tats\u00e4chlichen Fahrweg. Angepasste Abfahrtszeiten Bei den folgenden Fahrten werden die Abfahrtszeiten zwischen 1\u20133 Minuten vorverlegt: 6.01 Uhr ab Berel, Ort 6.47 Uhr ab Berel, Ort 7.33 Uhr ab Berel, Ort 7.43 Uhr ab Westerlinde, Ort 13.44 Uhr ab Berel, Ort Bitte beachte den ab dem 13. April 2026 geltenden Fahrplan\" \/>\n<meta property=\"og:url\" content=\"https:\/\/vb-bachstein.de\/salzgitter\/linia-658-korekty-rozkladu-jazdy-pomiedzy-berel-hohenassel-i-baddeckenstedtzum-13-04-2026\/\" \/>\n<meta property=\"og:site_name\" content=\"VB-Salzgitter\" \/>\n<meta property=\"article:published_time\" content=\"2026-03-09T11:39:27+00:00\" \/>\n<meta property=\"article:modified_time\" content=\"2026-04-09T09:31:58+00:00\" \/>\n<meta name=\"author\" content=\"peters\" \/>\n<meta name=\"twitter:card\" content=\"summary_large_image\" \/>\n<meta name=\"twitter:label1\" content=\"Napisane przez\" \/>\n\t<meta name=\"twitter:data1\" content=\"peters\" \/>\n\t<meta name=\"twitter:label2\" content=\"Szacowany czas czytania\" \/>\n\t<meta name=\"twitter:data2\" content=\"2 minuty\" \/>\n<script type=\"application\/ld+json\" class=\"yoast-schema-graph\">{\"@context\":\"https:\\\/\\\/schema.org\",\"@graph\":[{\"@type\":\"Article\",\"@id\":\"https:\\\/\\\/vb-bachstein.de\\\/salzgitter\\\/linie-658-fahrplananpassungen-zwischen-berel-hohenassel-und-baddeckenstedtzum-13-04-2026\\\/#article\",\"isPartOf\":{\"@id\":\"https:\\\/\\\/vb-bachstein.de\\\/salzgitter\\\/linie-658-fahrplananpassungen-zwischen-berel-hohenassel-und-baddeckenstedtzum-13-04-2026\\\/\"},\"author\":{\"name\":\"peters\",\"@id\":\"https:\\\/\\\/vb-bachstein.de\\\/salzgitter\\\/#\\\/schema\\\/person\\\/a751b88c01dcbf14a5413f0808dacb67\"},\"headline\":\"Linie 658 | Fahrplananpassungen zwischen Berel, Hohenassel und Baddeckenstedtzum: 13.04.2026\",\"datePublished\":\"2026-03-09T11:39:27+00:00\",\"dateModified\":\"2026-04-09T09:31:58+00:00\",\"mainEntityOfPage\":{\"@id\":\"https:\\\/\\\/vb-bachstein.de\\\/salzgitter\\\/linie-658-fahrplananpassungen-zwischen-berel-hohenassel-und-baddeckenstedtzum-13-04-2026\\\/\"},\"wordCount\":165,\"commentCount\":0,\"publisher\":{\"@id\":\"https:\\\/\\\/vb-bachstein.de\\\/salzgitter\\\/#organization\"},\"image\":{\"@id\":\"https:\\\/\\\/vb-bachstein.de\\\/salzgitter\\\/linie-658-fahrplananpassungen-zwischen-berel-hohenassel-und-baddeckenstedtzum-13-04-2026\\\/#primaryimage\"},\"thumbnailUrl\":\"https:\\\/\\\/vb-bachstein.de\\\/salzgitter\\\/wp-content\\\/uploads\\\/sites\\\/14\\\/header-subsite_stoerungen-vb.jpg\",\"articleSection\":[\"Fahrplanabweichungen\",\"News\"],\"inLanguage\":\"pl-PL\",\"potentialAction\":[{\"@type\":\"CommentAction\",\"name\":\"Comment\",\"target\":[\"https:\\\/\\\/vb-bachstein.de\\\/salzgitter\\\/linie-658-fahrplananpassungen-zwischen-berel-hohenassel-und-baddeckenstedtzum-13-04-2026\\\/#respond\"]}]},{\"@type\":\"WebPage\",\"@id\":\"https:\\\/\\\/vb-bachstein.de\\\/salzgitter\\\/linie-658-fahrplananpassungen-zwischen-berel-hohenassel-und-baddeckenstedtzum-13-04-2026\\\/\",\"url\":\"https:\\\/\\\/vb-bachstein.de\\\/salzgitter\\\/linie-658-fahrplananpassungen-zwischen-berel-hohenassel-und-baddeckenstedtzum-13-04-2026\\\/\",\"name\":\"Linie 658 | Fahrplananpassungen zwischen Berel, Hohenassel und Baddeckenstedtzum: 13.04.2026 - VB-Salzgitter\",\"isPartOf\":{\"@id\":\"https:\\\/\\\/vb-bachstein.de\\\/salzgitter\\\/#website\"},\"primaryImageOfPage\":{\"@id\":\"https:\\\/\\\/vb-bachstein.de\\\/salzgitter\\\/linie-658-fahrplananpassungen-zwischen-berel-hohenassel-und-baddeckenstedtzum-13-04-2026\\\/#primaryimage\"},\"image\":{\"@id\":\"https:\\\/\\\/vb-bachstein.de\\\/salzgitter\\\/linie-658-fahrplananpassungen-zwischen-berel-hohenassel-und-baddeckenstedtzum-13-04-2026\\\/#primaryimage\"},\"thumbnailUrl\":\"https:\\\/\\\/vb-bachstein.de\\\/salzgitter\\\/wp-content\\\/uploads\\\/sites\\\/14\\\/header-subsite_stoerungen-vb.jpg\",\"datePublished\":\"2026-03-09T11:39:27+00:00\",\"dateModified\":\"2026-04-09T09:31:58+00:00\",\"breadcrumb\":{\"@id\":\"https:\\\/\\\/vb-bachstein.de\\\/salzgitter\\\/linie-658-fahrplananpassungen-zwischen-berel-hohenassel-und-baddeckenstedtzum-13-04-2026\\\/#breadcrumb\"},\"inLanguage\":\"pl-PL\",\"potentialAction\":[{\"@type\":\"ReadAction\",\"target\":[\"https:\\\/\\\/vb-bachstein.de\\\/salzgitter\\\/linie-658-fahrplananpassungen-zwischen-berel-hohenassel-und-baddeckenstedtzum-13-04-2026\\\/\"]}]},{\"@type\":\"ImageObject\",\"inLanguage\":\"pl-PL\",\"@id\":\"https:\\\/\\\/vb-bachstein.de\\\/salzgitter\\\/linie-658-fahrplananpassungen-zwischen-berel-hohenassel-und-baddeckenstedtzum-13-04-2026\\\/#primaryimage\",\"url\":\"https:\\\/\\\/vb-bachstein.de\\\/salzgitter\\\/wp-content\\\/uploads\\\/sites\\\/14\\\/header-subsite_stoerungen-vb.jpg\",\"contentUrl\":\"https:\\\/\\\/vb-bachstein.de\\\/salzgitter\\\/wp-content\\\/uploads\\\/sites\\\/14\\\/header-subsite_stoerungen-vb.jpg\"},{\"@type\":\"BreadcrumbList\",\"@id\":\"https:\\\/\\\/vb-bachstein.de\\\/salzgitter\\\/linie-658-fahrplananpassungen-zwischen-berel-hohenassel-und-baddeckenstedtzum-13-04-2026\\\/#breadcrumb\",\"itemListElement\":[{\"@type\":\"ListItem\",\"position\":1,\"name\":\"Startseite\",\"item\":\"https:\\\/\\\/vb-bachstein.de\\\/salzgitter\\\/\"},{\"@type\":\"ListItem\",\"position\":2,\"name\":\"Linie 658 | Fahrplananpassungen zwischen Berel, Hohenassel und Baddeckenstedtzum: 13.04.2026\"}]},{\"@type\":\"WebSite\",\"@id\":\"https:\\\/\\\/vb-bachstein.de\\\/salzgitter\\\/#website\",\"url\":\"https:\\\/\\\/vb-bachstein.de\\\/salzgitter\\\/\",\"name\":\"VB-Salzgitter\",\"description\":\"\",\"publisher\":{\"@id\":\"https:\\\/\\\/vb-bachstein.de\\\/salzgitter\\\/#organization\"},\"potentialAction\":[{\"@type\":\"SearchAction\",\"target\":{\"@type\":\"EntryPoint\",\"urlTemplate\":\"https:\\\/\\\/vb-bachstein.de\\\/salzgitter\\\/?s={search_term_string}\"},\"query-input\":{\"@type\":\"PropertyValueSpecification\",\"valueRequired\":true,\"valueName\":\"search_term_string\"}}],\"inLanguage\":\"pl-PL\"},{\"@type\":\"Organization\",\"@id\":\"https:\\\/\\\/vb-bachstein.de\\\/salzgitter\\\/#organization\",\"name\":\"VB-Salzgitter\",\"url\":\"https:\\\/\\\/vb-bachstein.de\\\/salzgitter\\\/\",\"logo\":{\"@type\":\"ImageObject\",\"inLanguage\":\"pl-PL\",\"@id\":\"https:\\\/\\\/vb-bachstein.de\\\/salzgitter\\\/#\\\/schema\\\/logo\\\/image\\\/\",\"url\":\"https:\\\/\\\/vb-bachstein.de\\\/salzgitter\\\/wp-content\\\/uploads\\\/sites\\\/14\\\/Bachstein_Logo.png\",\"contentUrl\":\"https:\\\/\\\/vb-bachstein.de\\\/salzgitter\\\/wp-content\\\/uploads\\\/sites\\\/14\\\/Bachstein_Logo.png\",\"width\":1966,\"height\":293,\"caption\":\"VB-Salzgitter\"},\"image\":{\"@id\":\"https:\\\/\\\/vb-bachstein.de\\\/salzgitter\\\/#\\\/schema\\\/logo\\\/image\\\/\"}},{\"@type\":\"Person\",\"@id\":\"https:\\\/\\\/vb-bachstein.de\\\/salzgitter\\\/#\\\/schema\\\/person\\\/a751b88c01dcbf14a5413f0808dacb67\",\"name\":\"peters\",\"image\":{\"@type\":\"ImageObject\",\"inLanguage\":\"pl-PL\",\"@id\":\"https:\\\/\\\/secure.gravatar.com\\\/avatar\\\/9c3605722559827488fe70366f5a76c8bb200aca3e281d85f4011ea07a22d91d?s=96&d=mm&r=g\",\"url\":\"https:\\\/\\\/secure.gravatar.com\\\/avatar\\\/9c3605722559827488fe70366f5a76c8bb200aca3e281d85f4011ea07a22d91d?s=96&d=mm&r=g\",\"contentUrl\":\"https:\\\/\\\/secure.gravatar.com\\\/avatar\\\/9c3605722559827488fe70366f5a76c8bb200aca3e281d85f4011ea07a22d91d?s=96&d=mm&r=g\",\"caption\":\"peters\"},\"url\":\"https:\\\/\\\/vb-bachstein.de\\\/salzgitter\\\/pl\\\/author\\\/peters\\\/\"}]}<\/script>\n<!-- \/ Yoast SEO plugin. -->","yoast_head_json":{"title":"Linia 658 | Korekty rozk\u0142adu jazdy mi\u0119dzy Berel, Hohenassel i Baddeckenstedtzum: 13.04.2026 - VB-Salzgitter","robots":{"index":"index","follow":"follow","max-snippet":"max-snippet:-1","max-image-preview":"max-image-preview:large","max-video-preview":"max-video-preview:-1"},"canonical":"https:\/\/vb-bachstein.de\/salzgitter\/linia-658-korekty-rozkladu-jazdy-pomiedzy-berel-hohenassel-i-baddeckenstedtzum-13-04-2026\/","og_locale":"pl_PL","og_type":"article","og_title":"Linie 658 | Fahrplananpassungen zwischen Berel, Hohenassel und Baddeckenstedtzum: 13.04.2026 - VB-Salzgitter","og_description":"Zum 13. April 2026 nehmen wir bei einigen Fahrten kleinere Anpassungen im Fahrplan vor. Hintergrund sind korrigierte Haltestellenpositionen sowie angepasste Linienwege in einigen Orten. Dadurch ver\u00e4ndern sich teilweise Abfahrts- und Ankunftszeiten geringf\u00fcgig. Anpassung der Haltestelle Berel, Ort Der Linienweg in Berel wird den \u00f6rtlichen Gegebenheiten angepasst, durch den neuen Fahrweg verl\u00e4ngert sich die Fahrzeit auf einigen Fahrten um etwa eine Minute. Anpassungen der Linienwege Die Linienf\u00fchrung wird au\u00dferdem in folgenden Orten angepasst: Hohenassel Westerlinde Binder In Westerlinde kann sich die Fahrzeit auf einzelnen Fahrten um etwa zwei Minuten verl\u00e4ngern. Die Haltestelle Nordassel\/Ort wird k\u00fcnftig vor der Haltestelle Burgdorf (WF) \/ Pfarrhaus bedient.Damit entspricht die Linienf\u00fchrung k\u00fcnftig dem tats\u00e4chlichen Fahrweg. Angepasste Abfahrtszeiten Bei den folgenden Fahrten werden die Abfahrtszeiten zwischen 1\u20133 Minuten vorverlegt: 6.01 Uhr ab Berel, Ort 6.47 Uhr ab Berel, Ort 7.33 Uhr ab Berel, Ort 7.43 Uhr ab Westerlinde, Ort 13.44 Uhr ab Berel, Ort Bitte beachte den ab dem 13. April 2026 geltenden Fahrplan","og_url":"https:\/\/vb-bachstein.de\/salzgitter\/linia-658-korekty-rozkladu-jazdy-pomiedzy-berel-hohenassel-i-baddeckenstedtzum-13-04-2026\/","og_site_name":"VB-Salzgitter","article_published_time":"2026-03-09T11:39:27+00:00","article_modified_time":"2026-04-09T09:31:58+00:00","author":"peters","twitter_card":"summary_large_image","twitter_misc":{"Napisane przez":"peters","Szacowany czas czytania":"2 minuty"},"schema":{"@context":"https:\/\/schema.org","@graph":[{"@type":"Article","@id":"https:\/\/vb-bachstein.de\/salzgitter\/linie-658-fahrplananpassungen-zwischen-berel-hohenassel-und-baddeckenstedtzum-13-04-2026\/#article","isPartOf":{"@id":"https:\/\/vb-bachstein.de\/salzgitter\/linie-658-fahrplananpassungen-zwischen-berel-hohenassel-und-baddeckenstedtzum-13-04-2026\/"},"author":{"name":"peters","@id":"https:\/\/vb-bachstein.de\/salzgitter\/#\/schema\/person\/a751b88c01dcbf14a5413f0808dacb67"},"headline":"Linie 658 | Fahrplananpassungen zwischen Berel, Hohenassel und Baddeckenstedtzum: 13.04.2026","datePublished":"2026-03-09T11:39:27+00:00","dateModified":"2026-04-09T09:31:58+00:00","mainEntityOfPage":{"@id":"https:\/\/vb-bachstein.de\/salzgitter\/linie-658-fahrplananpassungen-zwischen-berel-hohenassel-und-baddeckenstedtzum-13-04-2026\/"},"wordCount":165,"commentCount":0,"publisher":{"@id":"https:\/\/vb-bachstein.de\/salzgitter\/#organization"},"image":{"@id":"https:\/\/vb-bachstein.de\/salzgitter\/linie-658-fahrplananpassungen-zwischen-berel-hohenassel-und-baddeckenstedtzum-13-04-2026\/#primaryimage"},"thumbnailUrl":"https:\/\/vb-bachstein.de\/salzgitter\/wp-content\/uploads\/sites\/14\/header-subsite_stoerungen-vb.jpg","articleSection":["Fahrplanabweichungen","News"],"inLanguage":"pl-PL","potentialAction":[{"@type":"CommentAction","name":"Comment","target":["https:\/\/vb-bachstein.de\/salzgitter\/linie-658-fahrplananpassungen-zwischen-berel-hohenassel-und-baddeckenstedtzum-13-04-2026\/#respond"]}]},{"@type":"WebPage","@id":"https:\/\/vb-bachstein.de\/salzgitter\/linie-658-fahrplananpassungen-zwischen-berel-hohenassel-und-baddeckenstedtzum-13-04-2026\/","url":"https:\/\/vb-bachstein.de\/salzgitter\/linie-658-fahrplananpassungen-zwischen-berel-hohenassel-und-baddeckenstedtzum-13-04-2026\/","name":"Linia 658 | Korekty rozk\u0142adu jazdy mi\u0119dzy Berel, Hohenassel i Baddeckenstedtzum: 13.04.2026 - VB-Salzgitter","isPartOf":{"@id":"https:\/\/vb-bachstein.de\/salzgitter\/#website"},"primaryImageOfPage":{"@id":"https:\/\/vb-bachstein.de\/salzgitter\/linie-658-fahrplananpassungen-zwischen-berel-hohenassel-und-baddeckenstedtzum-13-04-2026\/#primaryimage"},"image":{"@id":"https:\/\/vb-bachstein.de\/salzgitter\/linie-658-fahrplananpassungen-zwischen-berel-hohenassel-und-baddeckenstedtzum-13-04-2026\/#primaryimage"},"thumbnailUrl":"https:\/\/vb-bachstein.de\/salzgitter\/wp-content\/uploads\/sites\/14\/header-subsite_stoerungen-vb.jpg","datePublished":"2026-03-09T11:39:27+00:00","dateModified":"2026-04-09T09:31:58+00:00","breadcrumb":{"@id":"https:\/\/vb-bachstein.de\/salzgitter\/linie-658-fahrplananpassungen-zwischen-berel-hohenassel-und-baddeckenstedtzum-13-04-2026\/#breadcrumb"},"inLanguage":"pl-PL","potentialAction":[{"@type":"ReadAction","target":["https:\/\/vb-bachstein.de\/salzgitter\/linie-658-fahrplananpassungen-zwischen-berel-hohenassel-und-baddeckenstedtzum-13-04-2026\/"]}]},{"@type":"ImageObject","inLanguage":"pl-PL","@id":"https:\/\/vb-bachstein.de\/salzgitter\/linie-658-fahrplananpassungen-zwischen-berel-hohenassel-und-baddeckenstedtzum-13-04-2026\/#primaryimage","url":"https:\/\/vb-bachstein.de\/salzgitter\/wp-content\/uploads\/sites\/14\/header-subsite_stoerungen-vb.jpg","contentUrl":"https:\/\/vb-bachstein.de\/salzgitter\/wp-content\/uploads\/sites\/14\/header-subsite_stoerungen-vb.jpg"},{"@type":"BreadcrumbList","@id":"https:\/\/vb-bachstein.de\/salzgitter\/linie-658-fahrplananpassungen-zwischen-berel-hohenassel-und-baddeckenstedtzum-13-04-2026\/#breadcrumb","itemListElement":[{"@type":"ListItem","position":1,"name":"Startseite","item":"https:\/\/vb-bachstein.de\/salzgitter\/"},{"@type":"ListItem","position":2,"name":"Linie 658 | Fahrplananpassungen zwischen Berel, Hohenassel und Baddeckenstedtzum: 13.04.2026"}]},{"@type":"WebSite","@id":"https:\/\/vb-bachstein.de\/salzgitter\/#website","url":"https:\/\/vb-bachstein.de\/salzgitter\/","name":"VB-Salzgitter","description":"","publisher":{"@id":"https:\/\/vb-bachstein.de\/salzgitter\/#organization"},"potentialAction":[{"@type":"SearchAction","target":{"@type":"EntryPoint","urlTemplate":"https:\/\/vb-bachstein.de\/salzgitter\/?s={search_term_string}"},"query-input":{"@type":"PropertyValueSpecification","valueRequired":true,"valueName":"search_term_string"}}],"inLanguage":"pl-PL"},{"@type":"Organization","@id":"https:\/\/vb-bachstein.de\/salzgitter\/#organization","name":"VB-Salzgitter","url":"https:\/\/vb-bachstein.de\/salzgitter\/","logo":{"@type":"ImageObject","inLanguage":"pl-PL","@id":"https:\/\/vb-bachstein.de\/salzgitter\/#\/schema\/logo\/image\/","url":"https:\/\/vb-bachstein.de\/salzgitter\/wp-content\/uploads\/sites\/14\/Bachstein_Logo.png","contentUrl":"https:\/\/vb-bachstein.de\/salzgitter\/wp-content\/uploads\/sites\/14\/Bachstein_Logo.png","width":1966,"height":293,"caption":"VB-Salzgitter"},"image":{"@id":"https:\/\/vb-bachstein.de\/salzgitter\/#\/schema\/logo\/image\/"}},{"@type":"Person","@id":"https:\/\/vb-bachstein.de\/salzgitter\/#\/schema\/person\/a751b88c01dcbf14a5413f0808dacb67","name":"petery","image":{"@type":"ImageObject","inLanguage":"pl-PL","@id":"https:\/\/secure.gravatar.com\/avatar\/9c3605722559827488fe70366f5a76c8bb200aca3e281d85f4011ea07a22d91d?s=96&d=mm&r=g","url":"https:\/\/secure.gravatar.com\/avatar\/9c3605722559827488fe70366f5a76c8bb200aca3e281d85f4011ea07a22d91d?s=96&d=mm&r=g","contentUrl":"https:\/\/secure.gravatar.com\/avatar\/9c3605722559827488fe70366f5a76c8bb200aca3e281d85f4011ea07a22d91d?s=96&d=mm&r=g","caption":"peters"},"url":"https:\/\/vb-bachstein.de\/salzgitter\/pl\/author\/peters\/"}]}},"_links":{"self":[{"href":"https:\/\/vb-bachstein.de\/salzgitter\/pl\/wp-json\/wp\/v2\/posts\/3403","targetHints":{"allow":["GET"]}}],"collection":[{"href":"https:\/\/vb-bachstein.de\/salzgitter\/pl\/wp-json\/wp\/v2\/posts"}],"about":[{"href":"https:\/\/vb-bachstein.de\/salzgitter\/pl\/wp-json\/wp\/v2\/types\/post"}],"author":[{"embeddable":true,"href":"https:\/\/vb-bachstein.de\/salzgitter\/pl\/wp-json\/wp\/v2\/users\/6"}],"replies":[{"embeddable":true,"href":"https:\/\/vb-bachstein.de\/salzgitter\/pl\/wp-json\/wp\/v2\/comments?post=3403"}],"version-history":[{"count":0,"href":"https:\/\/vb-bachstein.de\/salzgitter\/pl\/wp-json\/wp\/v2\/posts\/3403\/revisions"}],"wp:featuredmedia":[{"embeddable":true,"href":"https:\/\/vb-bachstein.de\/salzgitter\/pl\/wp-json\/"}],"wp:attachment":[{"href":"https:\/\/vb-bachstein.de\/salzgitter\/pl\/wp-json\/wp\/v2\/media?parent=3403"}],"wp:term":[{"taxonomy":"category","embeddable":true,"href":"https:\/\/vb-bachstein.de\/salzgitter\/pl\/wp-json\/wp\/v2\/categories?post=3403"},{"taxonomy":"post_tag","embeddable":true,"href":"https:\/\/vb-bachstein.de\/salzgitter\/pl\/wp-json\/wp\/v2\/tags?post=3403"}],"curies":[{"name":"wp","href":"https:\/\/api.w.org\/{rel}","templated":true}]}}