{"id":3402,"date":"2026-03-09T08:54:28","date_gmt":"2026-03-09T07:54:28","guid":{"rendered":"https:\/\/vb-bachstein.de\/salzgitter\/?p=3402"},"modified":"2026-03-09T08:54:28","modified_gmt":"2026-03-09T07:54:28","slug":"ulubiony-kierowca-autobusu-2026-nominuj-swojego-faworyta-juz-teraz","status":"publish","type":"post","link":"https:\/\/vb-bachstein.de\/salzgitter\/pl\/lieblingsbusfahrerin-2026-nominiere-jetzt-deinen-favoriten\/","title":{"rendered":"Ulubiony kierowca autobusu 2026: Nominuj swojego faworyta ju\u017c teraz!"},"content":{"rendered":"<p>Kto zapewnia przyjemn\u0105 podr\u00f3\u017c z u\u015bmiechem? Kto pozostaje cierpliwy i pomocny nawet w stresuj\u0105cych sytuacjach? Nasi kierowcy autobus\u00f3w s\u0105 w drodze dla Ciebie ka\u017cdego dnia, sprawiaj\u0105c, \u017ce Twoja podr\u00f3\u017c jest bezpieczna i przyjemna.<\/p>\n<p>Dlatego bierzemy udzia\u0142 w og\u00f3lnopolskiej kampanii <b>\u201eUlubiony kierowca autobusu 2026\u201c<\/b>. Teraz wszystko zale\u017cy od Ciebie: opowiedz swoj\u0105 osobist\u0105 histori\u0119 zwi\u0105zan\u0105 z autobusem i nominuj swojego ulubionego kierowc\u0119.<\/p>\n<p>Do <b>31 maja 2026 r.<\/b> Mo\u017cesz podzieli\u0107 si\u0119 swoimi do\u015bwiadczeniami na <a href=\"http:\/\/www.lieblingsbusfahrerin.de\" target=\"_blank\" rel=\"noopener\"><b>www.lieblingsbusfahrerin.de<\/b><\/a> i poka\u017c swoje uznanie dla ludzi za kierownic\u0105. Jury wybierze najbardziej imponuj\u0105ce historie spo\u015br\u00f3d wszystkich zg\u0142osze\u0144 i wybierze ulubionych kierowc\u00f3w autobus\u00f3w 2026 r. Uczestnicy zwyci\u0119skich historii mog\u0105 r\u00f3wnie\u017c liczy\u0107 na specjalne wyr\u00f3\u017cnienie.<\/p>\n<p>Inicjatywa jest wspierana przez stowarzyszenie pasa\u017cer\u00f3w <b>PRO BAHN<\/b>, <b>DB Regio<\/b>, w <b>Stowarzyszenie niemieckich przedsi\u0119biorstw transportowych (VDV)<\/b> i <b>Federalne Stowarzyszenie Niemieckich Przedsi\u0119biorstw Autobusowych i Autokarowych (bdo)<\/b> przeprowadzone. Jest to uhonorowanie pracy ok. <b>100 000 kierowc\u00f3w autobus\u00f3w<\/b> w Niemczech.<\/p>\n<p>Konkurs zosta\u0142 uruchomiony w 2023 roku i od tego czasu odni\u00f3s\u0142 ogromny sukces. <b>2 300 historii<\/b> kt\u00f3re pokazuj\u0105, jak wiele mog\u0105 zmieni\u0107 drobne gesty w codziennym \u017cyciu w autobusie.<\/p>\n<p><b>Do\u0142\u0105cz i podzi\u0119kuj - nominuj swojego ulubionego kierowc\u0119 autobusu ju\u017c teraz!<\/b><\/p>","protected":false},"excerpt":{"rendered":"<p>Kto zapewnia przyjemn\u0105 podr\u00f3\u017c z u\u015bmiechem? Kto pozostaje cierpliwy i pomocny nawet w stresuj\u0105cych sytuacjach? Ka\u017cdego dnia nasi kierowcy autobus\u00f3w s\u0105 w drodze dla Ciebie i sprawiaj\u0105, \u017ce Twoja podr\u00f3\u017c jest bezpieczna i przyjemna. W\u0142a\u015bnie dlatego bierzemy udzia\u0142 w og\u00f3lnopolskiej kampanii \u201eUlubiony kierowca autobusu 2026\u201c. Teraz wszystko zale\u017cy od Ciebie: opowiedz swoj\u0105 osobist\u0105 histori\u0119 zwi\u0105zan\u0105 z autobusami i nominuj swojego ulubionego kierowc\u0119. Mo\u017cesz podzieli\u0107 si\u0119 swoimi do\u015bwiadczeniami na stronie www.lieblingsbusfahrerin.de do 31 maja 2026 r. i okaza\u0107 swoje uznanie ludziom za kierownic\u0105. Jury wybierze najbardziej imponuj\u0105ce historie spo\u015br\u00f3d wszystkich zg\u0142osze\u0144 i wybierze ulubionych kierowc\u00f3w autobus\u00f3w 2026 r. Osoby, kt\u00f3re zg\u0142osz\u0105 zwyci\u0119skie historie, mog\u0105 r\u00f3wnie\u017c liczy\u0107 na specjalne wyr\u00f3\u017cnienie. Inicjatywa jest wspierana mi\u0119dzy innymi przez stowarzyszenie pasa\u017cer\u00f3w PRO BAHN, DB Regio, Stowarzyszenie Niemieckich Przedsi\u0119biorstw Transportowych (VDV) i Federalne Stowarzyszenie Niemieckich Przedsi\u0119biorstw Autobusowych (bdo). Docenia ona prac\u0119 oko\u0142o 100 000 kierowc\u00f3w autobus\u00f3w w Niemczech. Konkurs zosta\u0142 uruchomiony w 2023 roku i od tego czasu odni\u00f3s\u0142 ogromny sukces: co roku zg\u0142aszanych jest ponad 2300 historii, kt\u00f3re pokazuj\u0105, jak wiele mog\u0105 zmieni\u0107 ma\u0142e gesty w codziennym \u017cyciu autobus\u00f3w. Do\u0142\u0105cz i podzi\u0119kuj - nominuj swojego ulubionego kierowc\u0119 autobusu ju\u017c teraz!<\/p>","protected":false},"author":6,"featured_media":4244,"comment_status":"open","ping_status":"open","sticky":false,"template":"","format":"standard","meta":{"footnotes":""},"categories":[1],"tags":[],"class_list":["post-3402","post","type-post","status-publish","format-standard","has-post-thumbnail","hentry","category-news"],"yoast_head":"<!-- This site is optimized with the Yoast SEO plugin v27.4 - https:\/\/yoast.com\/product\/yoast-seo-wordpress\/ -->\n<title>LieblingsbusfahrerIn 2026: Nominiere jetzt deinen Favoriten! - VB-Salzgitter<\/title>\n<meta name=\"robots\" content=\"index, follow, max-snippet:-1, max-image-preview:large, max-video-preview:-1\" \/>\n<link rel=\"canonical\" href=\"https:\/\/vb-bachstein.de\/salzgitter\/ulubiony-kierowca-autobusu-2026-nominuj-swojego-faworyta-juz-teraz\/\" \/>\n<meta property=\"og:locale\" content=\"pl_PL\" \/>\n<meta property=\"og:type\" content=\"article\" \/>\n<meta property=\"og:title\" content=\"LieblingsbusfahrerIn 2026: Nominiere jetzt deinen Favoriten! - VB-Salzgitter\" \/>\n<meta property=\"og:description\" content=\"Wer sorgt mit einem L\u00e4cheln f\u00fcr eine angenehme Fahrt? Wer bleibt auch in stressigen Situationen geduldig und hilfsbereit? Jeden Tag sind unsere Busfahrerinnen und Busfahrer f\u00fcr euch unterwegs und machen eure Fahrt sicher und angenehm. Deshalb beteiligen wir uns an der bundesweiten Aktion \u201eLieblingsbusfahrerIn 2026\u201c. Jetzt seid ihr gefragt: Erz\u00e4hlt eure pers\u00f6nliche Bus-Geschichte und nominiert eure Lieblingsbusfahrerin oder euren Lieblingsbusfahrer. Bis zum 31. Mai 2026 k\u00f6nnt ihr eure Erlebnisse auf www.lieblingsbusfahrerin.de teilen und damit den Menschen am Steuer eure Wertsch\u00e4tzung zeigen. Eine Jury w\u00e4hlt aus allen Einsendungen die beeindruckendsten Geschichten aus und k\u00fcrt die LieblingsbusfahrerInnen 2026. Auch die Einreicherinnen und Einreicher der Gewinnergeschichten d\u00fcrfen sich \u00fcber eine besondere Anerkennung freuen. Die Initiative wird unter anderem vom Fahrgastverband PRO BAHN, DB Regio, dem Verband Deutscher Verkehrsunternehmen (VDV) und dem Bundesverband Deutscher Omnibusunternehmen (bdo) getragen. Sie w\u00fcrdigt die Arbeit der rund 100.000 Busfahrerinnen und Busfahrer in Deutschland. Der Wettbewerb startete 2023 und ist seitdem ein voller Erfolg: Jedes Jahr gehen \u00fcber 2.300 Geschichten ein, die zeigen, wie viel kleine Gesten im Busalltag bewirken k\u00f6nnen. Mach mit und sag Danke \u2013 nominiere jetzt deinen Lieblingsbusfahrer oder deine Lieblingsbusfahrerin!\" \/>\n<meta property=\"og:url\" content=\"https:\/\/vb-bachstein.de\/salzgitter\/ulubiony-kierowca-autobusu-2026-nominuj-swojego-faworyta-juz-teraz\/\" \/>\n<meta property=\"og:site_name\" content=\"VB-Salzgitter\" \/>\n<meta property=\"article:published_time\" content=\"2026-03-09T07:54:28+00:00\" \/>\n<meta name=\"author\" content=\"peters\" \/>\n<meta name=\"twitter:card\" content=\"summary_large_image\" \/>\n<meta name=\"twitter:label1\" content=\"Napisane przez\" \/>\n\t<meta name=\"twitter:data1\" content=\"peters\" \/>\n\t<meta name=\"twitter:label2\" content=\"Szacowany czas czytania\" \/>\n\t<meta name=\"twitter:data2\" content=\"2 minuty\" \/>\n<script type=\"application\/ld+json\" class=\"yoast-schema-graph\">{\"@context\":\"https:\\\/\\\/schema.org\",\"@graph\":[{\"@type\":\"Article\",\"@id\":\"https:\\\/\\\/vb-bachstein.de\\\/salzgitter\\\/lieblingsbusfahrerin-2026-nominiere-jetzt-deinen-favoriten\\\/#article\",\"isPartOf\":{\"@id\":\"https:\\\/\\\/vb-bachstein.de\\\/salzgitter\\\/lieblingsbusfahrerin-2026-nominiere-jetzt-deinen-favoriten\\\/\"},\"author\":{\"name\":\"peters\",\"@id\":\"https:\\\/\\\/vb-bachstein.de\\\/salzgitter\\\/#\\\/schema\\\/person\\\/a751b88c01dcbf14a5413f0808dacb67\"},\"headline\":\"LieblingsbusfahrerIn 2026: Nominiere jetzt deinen Favoriten!\",\"datePublished\":\"2026-03-09T07:54:28+00:00\",\"mainEntityOfPage\":{\"@id\":\"https:\\\/\\\/vb-bachstein.de\\\/salzgitter\\\/lieblingsbusfahrerin-2026-nominiere-jetzt-deinen-favoriten\\\/\"},\"wordCount\":196,\"commentCount\":0,\"publisher\":{\"@id\":\"https:\\\/\\\/vb-bachstein.de\\\/salzgitter\\\/#organization\"},\"image\":{\"@id\":\"https:\\\/\\\/vb-bachstein.de\\\/salzgitter\\\/lieblingsbusfahrerin-2026-nominiere-jetzt-deinen-favoriten\\\/#primaryimage\"},\"thumbnailUrl\":\"https:\\\/\\\/vb-bachstein.de\\\/salzgitter\\\/wp-content\\\/uploads\\\/sites\\\/14\\\/Lieblingsbusfahrersubsite_lieblingsbusfahrerin.png\",\"articleSection\":[\"News\"],\"inLanguage\":\"pl-PL\",\"potentialAction\":[{\"@type\":\"CommentAction\",\"name\":\"Comment\",\"target\":[\"https:\\\/\\\/vb-bachstein.de\\\/salzgitter\\\/lieblingsbusfahrerin-2026-nominiere-jetzt-deinen-favoriten\\\/#respond\"]}]},{\"@type\":\"WebPage\",\"@id\":\"https:\\\/\\\/vb-bachstein.de\\\/salzgitter\\\/lieblingsbusfahrerin-2026-nominiere-jetzt-deinen-favoriten\\\/\",\"url\":\"https:\\\/\\\/vb-bachstein.de\\\/salzgitter\\\/lieblingsbusfahrerin-2026-nominiere-jetzt-deinen-favoriten\\\/\",\"name\":\"LieblingsbusfahrerIn 2026: Nominiere jetzt deinen Favoriten! - VB-Salzgitter\",\"isPartOf\":{\"@id\":\"https:\\\/\\\/vb-bachstein.de\\\/salzgitter\\\/#website\"},\"primaryImageOfPage\":{\"@id\":\"https:\\\/\\\/vb-bachstein.de\\\/salzgitter\\\/lieblingsbusfahrerin-2026-nominiere-jetzt-deinen-favoriten\\\/#primaryimage\"},\"image\":{\"@id\":\"https:\\\/\\\/vb-bachstein.de\\\/salzgitter\\\/lieblingsbusfahrerin-2026-nominiere-jetzt-deinen-favoriten\\\/#primaryimage\"},\"thumbnailUrl\":\"https:\\\/\\\/vb-bachstein.de\\\/salzgitter\\\/wp-content\\\/uploads\\\/sites\\\/14\\\/Lieblingsbusfahrersubsite_lieblingsbusfahrerin.png\",\"datePublished\":\"2026-03-09T07:54:28+00:00\",\"breadcrumb\":{\"@id\":\"https:\\\/\\\/vb-bachstein.de\\\/salzgitter\\\/lieblingsbusfahrerin-2026-nominiere-jetzt-deinen-favoriten\\\/#breadcrumb\"},\"inLanguage\":\"pl-PL\",\"potentialAction\":[{\"@type\":\"ReadAction\",\"target\":[\"https:\\\/\\\/vb-bachstein.de\\\/salzgitter\\\/lieblingsbusfahrerin-2026-nominiere-jetzt-deinen-favoriten\\\/\"]}]},{\"@type\":\"ImageObject\",\"inLanguage\":\"pl-PL\",\"@id\":\"https:\\\/\\\/vb-bachstein.de\\\/salzgitter\\\/lieblingsbusfahrerin-2026-nominiere-jetzt-deinen-favoriten\\\/#primaryimage\",\"url\":\"https:\\\/\\\/vb-bachstein.de\\\/salzgitter\\\/wp-content\\\/uploads\\\/sites\\\/14\\\/Lieblingsbusfahrersubsite_lieblingsbusfahrerin.png\",\"contentUrl\":\"https:\\\/\\\/vb-bachstein.de\\\/salzgitter\\\/wp-content\\\/uploads\\\/sites\\\/14\\\/Lieblingsbusfahrersubsite_lieblingsbusfahrerin.png\"},{\"@type\":\"BreadcrumbList\",\"@id\":\"https:\\\/\\\/vb-bachstein.de\\\/salzgitter\\\/lieblingsbusfahrerin-2026-nominiere-jetzt-deinen-favoriten\\\/#breadcrumb\",\"itemListElement\":[{\"@type\":\"ListItem\",\"position\":1,\"name\":\"Startseite\",\"item\":\"https:\\\/\\\/vb-bachstein.de\\\/salzgitter\\\/\"},{\"@type\":\"ListItem\",\"position\":2,\"name\":\"LieblingsbusfahrerIn 2026: Nominiere jetzt deinen Favoriten!\"}]},{\"@type\":\"WebSite\",\"@id\":\"https:\\\/\\\/vb-bachstein.de\\\/salzgitter\\\/#website\",\"url\":\"https:\\\/\\\/vb-bachstein.de\\\/salzgitter\\\/\",\"name\":\"VB-Salzgitter\",\"description\":\"\",\"publisher\":{\"@id\":\"https:\\\/\\\/vb-bachstein.de\\\/salzgitter\\\/#organization\"},\"potentialAction\":[{\"@type\":\"SearchAction\",\"target\":{\"@type\":\"EntryPoint\",\"urlTemplate\":\"https:\\\/\\\/vb-bachstein.de\\\/salzgitter\\\/?s={search_term_string}\"},\"query-input\":{\"@type\":\"PropertyValueSpecification\",\"valueRequired\":true,\"valueName\":\"search_term_string\"}}],\"inLanguage\":\"pl-PL\"},{\"@type\":\"Organization\",\"@id\":\"https:\\\/\\\/vb-bachstein.de\\\/salzgitter\\\/#organization\",\"name\":\"VB-Salzgitter\",\"url\":\"https:\\\/\\\/vb-bachstein.de\\\/salzgitter\\\/\",\"logo\":{\"@type\":\"ImageObject\",\"inLanguage\":\"pl-PL\",\"@id\":\"https:\\\/\\\/vb-bachstein.de\\\/salzgitter\\\/#\\\/schema\\\/logo\\\/image\\\/\",\"url\":\"https:\\\/\\\/vb-bachstein.de\\\/salzgitter\\\/wp-content\\\/uploads\\\/sites\\\/14\\\/Bachstein_Logo.png\",\"contentUrl\":\"https:\\\/\\\/vb-bachstein.de\\\/salzgitter\\\/wp-content\\\/uploads\\\/sites\\\/14\\\/Bachstein_Logo.png\",\"width\":1966,\"height\":293,\"caption\":\"VB-Salzgitter\"},\"image\":{\"@id\":\"https:\\\/\\\/vb-bachstein.de\\\/salzgitter\\\/#\\\/schema\\\/logo\\\/image\\\/\"}},{\"@type\":\"Person\",\"@id\":\"https:\\\/\\\/vb-bachstein.de\\\/salzgitter\\\/#\\\/schema\\\/person\\\/a751b88c01dcbf14a5413f0808dacb67\",\"name\":\"peters\",\"image\":{\"@type\":\"ImageObject\",\"inLanguage\":\"pl-PL\",\"@id\":\"https:\\\/\\\/secure.gravatar.com\\\/avatar\\\/9c3605722559827488fe70366f5a76c8bb200aca3e281d85f4011ea07a22d91d?s=96&d=mm&r=g\",\"url\":\"https:\\\/\\\/secure.gravatar.com\\\/avatar\\\/9c3605722559827488fe70366f5a76c8bb200aca3e281d85f4011ea07a22d91d?s=96&d=mm&r=g\",\"contentUrl\":\"https:\\\/\\\/secure.gravatar.com\\\/avatar\\\/9c3605722559827488fe70366f5a76c8bb200aca3e281d85f4011ea07a22d91d?s=96&d=mm&r=g\",\"caption\":\"peters\"},\"url\":\"https:\\\/\\\/vb-bachstein.de\\\/salzgitter\\\/pl\\\/author\\\/peters\\\/\"}]}<\/script>\n<!-- \/ Yoast SEO plugin. -->","yoast_head_json":{"title":"Ulubiony kierowca autobusu 2026: Nominuj swojego faworyta ju\u017c teraz! - VB-Salzgitter","robots":{"index":"index","follow":"follow","max-snippet":"max-snippet:-1","max-image-preview":"max-image-preview:large","max-video-preview":"max-video-preview:-1"},"canonical":"https:\/\/vb-bachstein.de\/salzgitter\/ulubiony-kierowca-autobusu-2026-nominuj-swojego-faworyta-juz-teraz\/","og_locale":"pl_PL","og_type":"article","og_title":"LieblingsbusfahrerIn 2026: Nominiere jetzt deinen Favoriten! - VB-Salzgitter","og_description":"Wer sorgt mit einem L\u00e4cheln f\u00fcr eine angenehme Fahrt? Wer bleibt auch in stressigen Situationen geduldig und hilfsbereit? Jeden Tag sind unsere Busfahrerinnen und Busfahrer f\u00fcr euch unterwegs und machen eure Fahrt sicher und angenehm. Deshalb beteiligen wir uns an der bundesweiten Aktion \u201eLieblingsbusfahrerIn 2026\u201c. Jetzt seid ihr gefragt: Erz\u00e4hlt eure pers\u00f6nliche Bus-Geschichte und nominiert eure Lieblingsbusfahrerin oder euren Lieblingsbusfahrer. Bis zum 31. Mai 2026 k\u00f6nnt ihr eure Erlebnisse auf www.lieblingsbusfahrerin.de teilen und damit den Menschen am Steuer eure Wertsch\u00e4tzung zeigen. Eine Jury w\u00e4hlt aus allen Einsendungen die beeindruckendsten Geschichten aus und k\u00fcrt die LieblingsbusfahrerInnen 2026. Auch die Einreicherinnen und Einreicher der Gewinnergeschichten d\u00fcrfen sich \u00fcber eine besondere Anerkennung freuen. Die Initiative wird unter anderem vom Fahrgastverband PRO BAHN, DB Regio, dem Verband Deutscher Verkehrsunternehmen (VDV) und dem Bundesverband Deutscher Omnibusunternehmen (bdo) getragen. Sie w\u00fcrdigt die Arbeit der rund 100.000 Busfahrerinnen und Busfahrer in Deutschland. Der Wettbewerb startete 2023 und ist seitdem ein voller Erfolg: Jedes Jahr gehen \u00fcber 2.300 Geschichten ein, die zeigen, wie viel kleine Gesten im Busalltag bewirken k\u00f6nnen. Mach mit und sag Danke \u2013 nominiere jetzt deinen Lieblingsbusfahrer oder deine Lieblingsbusfahrerin!","og_url":"https:\/\/vb-bachstein.de\/salzgitter\/ulubiony-kierowca-autobusu-2026-nominuj-swojego-faworyta-juz-teraz\/","og_site_name":"VB-Salzgitter","article_published_time":"2026-03-09T07:54:28+00:00","author":"peters","twitter_card":"summary_large_image","twitter_misc":{"Napisane przez":"peters","Szacowany czas czytania":"2 minuty"},"schema":{"@context":"https:\/\/schema.org","@graph":[{"@type":"Article","@id":"https:\/\/vb-bachstein.de\/salzgitter\/lieblingsbusfahrerin-2026-nominiere-jetzt-deinen-favoriten\/#article","isPartOf":{"@id":"https:\/\/vb-bachstein.de\/salzgitter\/lieblingsbusfahrerin-2026-nominiere-jetzt-deinen-favoriten\/"},"author":{"name":"peters","@id":"https:\/\/vb-bachstein.de\/salzgitter\/#\/schema\/person\/a751b88c01dcbf14a5413f0808dacb67"},"headline":"LieblingsbusfahrerIn 2026: Nominiere jetzt deinen Favoriten!","datePublished":"2026-03-09T07:54:28+00:00","mainEntityOfPage":{"@id":"https:\/\/vb-bachstein.de\/salzgitter\/lieblingsbusfahrerin-2026-nominiere-jetzt-deinen-favoriten\/"},"wordCount":196,"commentCount":0,"publisher":{"@id":"https:\/\/vb-bachstein.de\/salzgitter\/#organization"},"image":{"@id":"https:\/\/vb-bachstein.de\/salzgitter\/lieblingsbusfahrerin-2026-nominiere-jetzt-deinen-favoriten\/#primaryimage"},"thumbnailUrl":"https:\/\/vb-bachstein.de\/salzgitter\/wp-content\/uploads\/sites\/14\/Lieblingsbusfahrersubsite_lieblingsbusfahrerin.png","articleSection":["News"],"inLanguage":"pl-PL","potentialAction":[{"@type":"CommentAction","name":"Comment","target":["https:\/\/vb-bachstein.de\/salzgitter\/lieblingsbusfahrerin-2026-nominiere-jetzt-deinen-favoriten\/#respond"]}]},{"@type":"WebPage","@id":"https:\/\/vb-bachstein.de\/salzgitter\/lieblingsbusfahrerin-2026-nominiere-jetzt-deinen-favoriten\/","url":"https:\/\/vb-bachstein.de\/salzgitter\/lieblingsbusfahrerin-2026-nominiere-jetzt-deinen-favoriten\/","name":"Ulubiony kierowca autobusu 2026: Nominuj swojego faworyta ju\u017c teraz! - VB-Salzgitter","isPartOf":{"@id":"https:\/\/vb-bachstein.de\/salzgitter\/#website"},"primaryImageOfPage":{"@id":"https:\/\/vb-bachstein.de\/salzgitter\/lieblingsbusfahrerin-2026-nominiere-jetzt-deinen-favoriten\/#primaryimage"},"image":{"@id":"https:\/\/vb-bachstein.de\/salzgitter\/lieblingsbusfahrerin-2026-nominiere-jetzt-deinen-favoriten\/#primaryimage"},"thumbnailUrl":"https:\/\/vb-bachstein.de\/salzgitter\/wp-content\/uploads\/sites\/14\/Lieblingsbusfahrersubsite_lieblingsbusfahrerin.png","datePublished":"2026-03-09T07:54:28+00:00","breadcrumb":{"@id":"https:\/\/vb-bachstein.de\/salzgitter\/lieblingsbusfahrerin-2026-nominiere-jetzt-deinen-favoriten\/#breadcrumb"},"inLanguage":"pl-PL","potentialAction":[{"@type":"ReadAction","target":["https:\/\/vb-bachstein.de\/salzgitter\/lieblingsbusfahrerin-2026-nominiere-jetzt-deinen-favoriten\/"]}]},{"@type":"ImageObject","inLanguage":"pl-PL","@id":"https:\/\/vb-bachstein.de\/salzgitter\/lieblingsbusfahrerin-2026-nominiere-jetzt-deinen-favoriten\/#primaryimage","url":"https:\/\/vb-bachstein.de\/salzgitter\/wp-content\/uploads\/sites\/14\/Lieblingsbusfahrersubsite_lieblingsbusfahrerin.png","contentUrl":"https:\/\/vb-bachstein.de\/salzgitter\/wp-content\/uploads\/sites\/14\/Lieblingsbusfahrersubsite_lieblingsbusfahrerin.png"},{"@type":"BreadcrumbList","@id":"https:\/\/vb-bachstein.de\/salzgitter\/lieblingsbusfahrerin-2026-nominiere-jetzt-deinen-favoriten\/#breadcrumb","itemListElement":[{"@type":"ListItem","position":1,"name":"Startseite","item":"https:\/\/vb-bachstein.de\/salzgitter\/"},{"@type":"ListItem","position":2,"name":"LieblingsbusfahrerIn 2026: Nominiere jetzt deinen Favoriten!"}]},{"@type":"WebSite","@id":"https:\/\/vb-bachstein.de\/salzgitter\/#website","url":"https:\/\/vb-bachstein.de\/salzgitter\/","name":"VB-Salzgitter","description":"","publisher":{"@id":"https:\/\/vb-bachstein.de\/salzgitter\/#organization"},"potentialAction":[{"@type":"SearchAction","target":{"@type":"EntryPoint","urlTemplate":"https:\/\/vb-bachstein.de\/salzgitter\/?s={search_term_string}"},"query-input":{"@type":"PropertyValueSpecification","valueRequired":true,"valueName":"search_term_string"}}],"inLanguage":"pl-PL"},{"@type":"Organization","@id":"https:\/\/vb-bachstein.de\/salzgitter\/#organization","name":"VB-Salzgitter","url":"https:\/\/vb-bachstein.de\/salzgitter\/","logo":{"@type":"ImageObject","inLanguage":"pl-PL","@id":"https:\/\/vb-bachstein.de\/salzgitter\/#\/schema\/logo\/image\/","url":"https:\/\/vb-bachstein.de\/salzgitter\/wp-content\/uploads\/sites\/14\/Bachstein_Logo.png","contentUrl":"https:\/\/vb-bachstein.de\/salzgitter\/wp-content\/uploads\/sites\/14\/Bachstein_Logo.png","width":1966,"height":293,"caption":"VB-Salzgitter"},"image":{"@id":"https:\/\/vb-bachstein.de\/salzgitter\/#\/schema\/logo\/image\/"}},{"@type":"Person","@id":"https:\/\/vb-bachstein.de\/salzgitter\/#\/schema\/person\/a751b88c01dcbf14a5413f0808dacb67","name":"petery","image":{"@type":"ImageObject","inLanguage":"pl-PL","@id":"https:\/\/secure.gravatar.com\/avatar\/9c3605722559827488fe70366f5a76c8bb200aca3e281d85f4011ea07a22d91d?s=96&d=mm&r=g","url":"https:\/\/secure.gravatar.com\/avatar\/9c3605722559827488fe70366f5a76c8bb200aca3e281d85f4011ea07a22d91d?s=96&d=mm&r=g","contentUrl":"https:\/\/secure.gravatar.com\/avatar\/9c3605722559827488fe70366f5a76c8bb200aca3e281d85f4011ea07a22d91d?s=96&d=mm&r=g","caption":"peters"},"url":"https:\/\/vb-bachstein.de\/salzgitter\/pl\/author\/peters\/"}]}},"_links":{"self":[{"href":"https:\/\/vb-bachstein.de\/salzgitter\/pl\/wp-json\/wp\/v2\/posts\/3402","targetHints":{"allow":["GET"]}}],"collection":[{"href":"https:\/\/vb-bachstein.de\/salzgitter\/pl\/wp-json\/wp\/v2\/posts"}],"about":[{"href":"https:\/\/vb-bachstein.de\/salzgitter\/pl\/wp-json\/wp\/v2\/types\/post"}],"author":[{"embeddable":true,"href":"https:\/\/vb-bachstein.de\/salzgitter\/pl\/wp-json\/wp\/v2\/users\/6"}],"replies":[{"embeddable":true,"href":"https:\/\/vb-bachstein.de\/salzgitter\/pl\/wp-json\/wp\/v2\/comments?post=3402"}],"version-history":[{"count":0,"href":"https:\/\/vb-bachstein.de\/salzgitter\/pl\/wp-json\/wp\/v2\/posts\/3402\/revisions"}],"wp:featuredmedia":[{"embeddable":true,"href":"https:\/\/vb-bachstein.de\/salzgitter\/pl\/wp-json\/"}],"wp:attachment":[{"href":"https:\/\/vb-bachstein.de\/salzgitter\/pl\/wp-json\/wp\/v2\/media?parent=3402"}],"wp:term":[{"taxonomy":"category","embeddable":true,"href":"https:\/\/vb-bachstein.de\/salzgitter\/pl\/wp-json\/wp\/v2\/categories?post=3402"},{"taxonomy":"post_tag","embeddable":true,"href":"https:\/\/vb-bachstein.de\/salzgitter\/pl\/wp-json\/wp\/v2\/tags?post=3402"}],"curies":[{"name":"wp","href":"https:\/\/api.w.org\/{rel}","templated":true}]}}