{"id":3375,"date":"2025-12-11T10:59:09","date_gmt":"2025-12-11T09:59:09","guid":{"rendered":"https:\/\/vb-bachstein.de\/salzgitter\/?p=3375"},"modified":"2026-01-20T13:39:43","modified_gmt":"2026-01-20T12:39:43","slug":"nueva-toda-la-informacion-sobre-el-transporte-en-autobus-ahora-tambien-en-whatsapp","status":"publish","type":"post","link":"https:\/\/vb-bachstein.de\/salzgitter\/es\/neu-alle-infos-zum-busverkehr-jetzt-auch-auf-whatsapp\/","title":{"rendered":"Informaci\u00f3n sobre el transporte en autob\u00fas, \u00a1ahora tambi\u00e9n en WhatsApp!"},"content":{"rendered":"<div data-elementor-type=\"wp-post\" data-elementor-id=\"3375\" class=\"elementor elementor-3375\" data-elementor-post-type=\"post\">\n\t\t\t\t<div class=\"elementor-element elementor-element-20bd6574 e-flex e-con-boxed wpr-particle-no wpr-jarallax-no wpr-parallax-no wpr-sticky-section-no wpr-equal-height-no e-con e-parent\" data-id=\"20bd6574\" data-element_type=\"container\" data-e-type=\"container\">\n\t\t\t\t\t<div class=\"e-con-inner\">\n\t\t\t\t<div class=\"elementor-element elementor-element-46ec7959 elementor-widget elementor-widget-text-editor\" data-id=\"46ec7959\" data-element_type=\"widget\" data-e-type=\"widget\" data-widget_type=\"text-editor.default\">\n\t\t\t\t<div class=\"elementor-widget-container\">\n\t\t\t\t\t\t\t\t\t<p>Puede consultar las \u00faltimas noticias sobre desv\u00edos horarios de forma r\u00e1pida y sencilla en cualquier momento a trav\u00e9s de nuestro canal de WhatsApp.<\/p>\t\t\t\t\t\t\t\t<\/div>\n\t\t\t\t<\/div>\n\t\t\t\t<div class=\"elementor-element elementor-element-d96e256 elementor-icon-list--layout-traditional elementor-list-item-link-full_width elementor-widget elementor-widget-icon-list\" data-id=\"d96e256\" data-element_type=\"widget\" data-e-type=\"widget\" data-widget_type=\"icon-list.default\">\n\t\t\t\t<div class=\"elementor-widget-container\">\n\t\t\t\t\t\t\t<ul class=\"elementor-icon-list-items\">\n\t\t\t\t\t\t\t<li class=\"elementor-icon-list-item\">\n\t\t\t\t\t\t\t\t\t\t\t<a href=\"#Datenschutz1\">\n\n\t\t\t\t\t\t\t\t\t\t\t\t<span class=\"elementor-icon-list-icon\">\n\t\t\t\t\t\t\t<i aria-hidden=\"true\" class=\"fas fa-check\"><\/i>\t\t\t\t\t\t<\/span>\n\t\t\t\t\t\t\t\t\t\t<span class=\"elementor-icon-list-text\">Siempre al d\u00eda<\/span>\n\t\t\t\t\t\t\t\t\t\t\t<\/a>\n\t\t\t\t\t\t\t\t\t<\/li>\n\t\t\t\t\t\t\t\t<li class=\"elementor-icon-list-item\">\n\t\t\t\t\t\t\t\t\t\t\t<a href=\"#Datenschutz1\">\n\n\t\t\t\t\t\t\t\t\t\t\t\t<span class=\"elementor-icon-list-icon\">\n\t\t\t\t\t\t\t<i aria-hidden=\"true\" class=\"fas fa-check\"><\/i>\t\t\t\t\t\t<\/span>\n\t\t\t\t\t\t\t\t\t\t<span class=\"elementor-icon-list-text\">Todos los desv\u00edos horarios e informes de perturbaciones de un vistazo<\/span>\n\t\t\t\t\t\t\t\t\t\t\t<\/a>\n\t\t\t\t\t\t\t\t\t<\/li>\n\t\t\t\t\t\t\t\t<li class=\"elementor-icon-list-item\">\n\t\t\t\t\t\t\t\t\t\t\t<a href=\"#Datenschutz1\">\n\n\t\t\t\t\t\t\t\t\t\t\t\t<span class=\"elementor-icon-list-icon\">\n\t\t\t\t\t\t\t<i aria-hidden=\"true\" class=\"fas fa-check\"><\/i>\t\t\t\t\t\t<\/span>\n\t\t\t\t\t\t\t\t\t\t<span class=\"elementor-icon-list-text\">Todas las noticias importantes que debe conocer<\/span>\n\t\t\t\t\t\t\t\t\t\t\t<\/a>\n\t\t\t\t\t\t\t\t\t<\/li>\n\t\t\t\t\t\t<\/ul>\n\t\t\t\t\t\t<\/div>\n\t\t\t\t<\/div>\n\t\t\t\t<div class=\"elementor-element elementor-element-de942cb elementor-widget elementor-widget-spacer\" data-id=\"de942cb\" data-element_type=\"widget\" data-e-type=\"widget\" data-widget_type=\"spacer.default\">\n\t\t\t\t<div class=\"elementor-widget-container\">\n\t\t\t\t\t\t\t<div class=\"elementor-spacer\">\n\t\t\t<div class=\"elementor-spacer-inner\"><\/div>\n\t\t<\/div>\n\t\t\t\t\t\t<\/div>\n\t\t\t\t<\/div>\n\t\t\t\t<div class=\"elementor-element elementor-element-0a06789 elementor-widget elementor-widget-button\" data-id=\"0a06789\" data-element_type=\"widget\" data-e-type=\"widget\" data-widget_type=\"button.default\">\n\t\t\t\t<div class=\"elementor-widget-container\">\n\t\t\t\t\t\t\t\t\t<div class=\"elementor-button-wrapper\">\n\t\t\t\t\t<a class=\"elementor-button elementor-button-link elementor-size-sm\" href=\"https:\/\/whatsapp.com\/channel\/0029Vax05TC1SWt9NRyPZV3E\">\n\t\t\t\t\t\t<span class=\"elementor-button-content-wrapper\">\n\t\t\t\t\t\t<span class=\"elementor-button-icon\">\n\t\t\t\t<i aria-hidden=\"true\" class=\"fab fa-whatsapp\"><\/i>\t\t\t<\/span>\n\t\t\t\t\t\t\t\t\t<span class=\"elementor-button-text\">\u00a1SUSCR\u00cdBETE AHORA!<\/span>\n\t\t\t\t\t<\/span>\n\t\t\t\t\t<\/a>\n\t\t\t\t<\/div>\n\t\t\t\t\t\t\t\t<\/div>\n\t\t\t\t<\/div>\n\t\t\t\t\t<\/div>\n\t\t\t\t<\/div>\n\t\t\t\t<\/div>","protected":false},"excerpt":{"rendered":"<p>Puedes recibir las \u00faltimas noticias sobre desv\u00edos horarios de forma r\u00e1pida y sencilla en cualquier momento a trav\u00e9s de nuestro canal de WhatsApp. Siempre al d\u00eda Todos los desv\u00edos de horarios e informes de incidencias de un vistazo Todas las noticias importantes que necesitas saber \u00a1SUSCR\u00cdBETE AHORA!<\/p>","protected":false},"author":4,"featured_media":2414,"comment_status":"open","ping_status":"open","sticky":false,"template":"","format":"standard","meta":{"footnotes":""},"categories":[1],"tags":[],"class_list":["post-3375","post","type-post","status-publish","format-standard","has-post-thumbnail","hentry","category-news"],"yoast_head":"<!-- This site is optimized with the Yoast SEO plugin v27.4 - https:\/\/yoast.com\/product\/yoast-seo-wordpress\/ -->\n<title>Infos zum Busverkehr jetzt auch auf WhatsApp! - VB-Salzgitter<\/title>\n<meta name=\"robots\" content=\"index, follow, max-snippet:-1, max-image-preview:large, max-video-preview:-1\" \/>\n<link rel=\"canonical\" href=\"https:\/\/vb-bachstein.de\/salzgitter\/nueva-toda-la-informacion-sobre-el-transporte-en-autobus-ahora-tambien-en-whatsapp\/\" \/>\n<meta property=\"og:locale\" content=\"es_ES\" \/>\n<meta property=\"og:type\" content=\"article\" \/>\n<meta property=\"og:title\" content=\"Infos zum Busverkehr jetzt auch auf WhatsApp! - VB-Salzgitter\" \/>\n<meta property=\"og:description\" content=\"Aktuelle Meldungen zu Fahrplanabweichungen kannst du jederzeit schnell und einfach \u00fcber unseren WhatsApp Kanal abrufen. Immer aktuell informiert Alle Fahrplanabweichungen und St\u00f6rungsmeldungen auf einem Blick Alle wichtigen News, die du wissen solltest JETZT ABONNIEREN!\" \/>\n<meta property=\"og:url\" content=\"https:\/\/vb-bachstein.de\/salzgitter\/nueva-toda-la-informacion-sobre-el-transporte-en-autobus-ahora-tambien-en-whatsapp\/\" \/>\n<meta property=\"og:site_name\" content=\"VB-Salzgitter\" \/>\n<meta property=\"article:published_time\" content=\"2025-12-11T09:59:09+00:00\" \/>\n<meta property=\"article:modified_time\" content=\"2026-01-20T12:39:43+00:00\" \/>\n<meta property=\"og:image\" content=\"https:\/\/vb-bachstein.de\/salzgitter\/wp-content\/uploads\/sites\/14\/header_whatsapp-3.png\" \/>\n\t<meta property=\"og:image:width\" content=\"1920\" \/>\n\t<meta property=\"og:image:height\" content=\"640\" \/>\n\t<meta property=\"og:image:type\" content=\"image\/png\" \/>\n<meta name=\"author\" content=\"sprager\" \/>\n<meta name=\"twitter:card\" content=\"summary_large_image\" \/>\n<meta name=\"twitter:label1\" content=\"Escrito por\" \/>\n\t<meta name=\"twitter:data1\" content=\"sprager\" \/>\n\t<meta name=\"twitter:label2\" content=\"Tiempo de lectura\" \/>\n\t<meta name=\"twitter:data2\" content=\"1 minuto\" \/>\n<script type=\"application\/ld+json\" class=\"yoast-schema-graph\">{\"@context\":\"https:\\\/\\\/schema.org\",\"@graph\":[{\"@type\":\"Article\",\"@id\":\"https:\\\/\\\/vb-bachstein.de\\\/salzgitter\\\/neu-alle-infos-zum-busverkehr-jetzt-auch-auf-whatsapp\\\/#article\",\"isPartOf\":{\"@id\":\"https:\\\/\\\/vb-bachstein.de\\\/salzgitter\\\/neu-alle-infos-zum-busverkehr-jetzt-auch-auf-whatsapp\\\/\"},\"author\":{\"name\":\"sprager\",\"@id\":\"https:\\\/\\\/vb-bachstein.de\\\/salzgitter\\\/#\\\/schema\\\/person\\\/b008f998d49926c8ddca013e5a810139\"},\"headline\":\"Infos zum Busverkehr jetzt auch auf WhatsApp!\",\"datePublished\":\"2025-12-11T09:59:09+00:00\",\"dateModified\":\"2026-01-20T12:39:43+00:00\",\"mainEntityOfPage\":{\"@id\":\"https:\\\/\\\/vb-bachstein.de\\\/salzgitter\\\/neu-alle-infos-zum-busverkehr-jetzt-auch-auf-whatsapp\\\/\"},\"wordCount\":42,\"commentCount\":0,\"publisher\":{\"@id\":\"https:\\\/\\\/vb-bachstein.de\\\/salzgitter\\\/#organization\"},\"image\":{\"@id\":\"https:\\\/\\\/vb-bachstein.de\\\/salzgitter\\\/neu-alle-infos-zum-busverkehr-jetzt-auch-auf-whatsapp\\\/#primaryimage\"},\"thumbnailUrl\":\"https:\\\/\\\/vb-bachstein.de\\\/salzgitter\\\/wp-content\\\/uploads\\\/sites\\\/14\\\/header_whatsapp-3.png\",\"articleSection\":[\"News\"],\"inLanguage\":\"es\",\"potentialAction\":[{\"@type\":\"CommentAction\",\"name\":\"Comment\",\"target\":[\"https:\\\/\\\/vb-bachstein.de\\\/salzgitter\\\/neu-alle-infos-zum-busverkehr-jetzt-auch-auf-whatsapp\\\/#respond\"]}]},{\"@type\":\"WebPage\",\"@id\":\"https:\\\/\\\/vb-bachstein.de\\\/salzgitter\\\/neu-alle-infos-zum-busverkehr-jetzt-auch-auf-whatsapp\\\/\",\"url\":\"https:\\\/\\\/vb-bachstein.de\\\/salzgitter\\\/neu-alle-infos-zum-busverkehr-jetzt-auch-auf-whatsapp\\\/\",\"name\":\"Infos zum Busverkehr jetzt auch auf WhatsApp! - VB-Salzgitter\",\"isPartOf\":{\"@id\":\"https:\\\/\\\/vb-bachstein.de\\\/salzgitter\\\/#website\"},\"primaryImageOfPage\":{\"@id\":\"https:\\\/\\\/vb-bachstein.de\\\/salzgitter\\\/neu-alle-infos-zum-busverkehr-jetzt-auch-auf-whatsapp\\\/#primaryimage\"},\"image\":{\"@id\":\"https:\\\/\\\/vb-bachstein.de\\\/salzgitter\\\/neu-alle-infos-zum-busverkehr-jetzt-auch-auf-whatsapp\\\/#primaryimage\"},\"thumbnailUrl\":\"https:\\\/\\\/vb-bachstein.de\\\/salzgitter\\\/wp-content\\\/uploads\\\/sites\\\/14\\\/header_whatsapp-3.png\",\"datePublished\":\"2025-12-11T09:59:09+00:00\",\"dateModified\":\"2026-01-20T12:39:43+00:00\",\"breadcrumb\":{\"@id\":\"https:\\\/\\\/vb-bachstein.de\\\/salzgitter\\\/neu-alle-infos-zum-busverkehr-jetzt-auch-auf-whatsapp\\\/#breadcrumb\"},\"inLanguage\":\"es\",\"potentialAction\":[{\"@type\":\"ReadAction\",\"target\":[\"https:\\\/\\\/vb-bachstein.de\\\/salzgitter\\\/neu-alle-infos-zum-busverkehr-jetzt-auch-auf-whatsapp\\\/\"]}]},{\"@type\":\"ImageObject\",\"inLanguage\":\"es\",\"@id\":\"https:\\\/\\\/vb-bachstein.de\\\/salzgitter\\\/neu-alle-infos-zum-busverkehr-jetzt-auch-auf-whatsapp\\\/#primaryimage\",\"url\":\"https:\\\/\\\/vb-bachstein.de\\\/salzgitter\\\/wp-content\\\/uploads\\\/sites\\\/14\\\/header_whatsapp-3.png\",\"contentUrl\":\"https:\\\/\\\/vb-bachstein.de\\\/salzgitter\\\/wp-content\\\/uploads\\\/sites\\\/14\\\/header_whatsapp-3.png\",\"width\":1920,\"height\":640},{\"@type\":\"BreadcrumbList\",\"@id\":\"https:\\\/\\\/vb-bachstein.de\\\/salzgitter\\\/neu-alle-infos-zum-busverkehr-jetzt-auch-auf-whatsapp\\\/#breadcrumb\",\"itemListElement\":[{\"@type\":\"ListItem\",\"position\":1,\"name\":\"Startseite\",\"item\":\"https:\\\/\\\/vb-bachstein.de\\\/salzgitter\\\/\"},{\"@type\":\"ListItem\",\"position\":2,\"name\":\"Infos zum Busverkehr jetzt auch auf WhatsApp!\"}]},{\"@type\":\"WebSite\",\"@id\":\"https:\\\/\\\/vb-bachstein.de\\\/salzgitter\\\/#website\",\"url\":\"https:\\\/\\\/vb-bachstein.de\\\/salzgitter\\\/\",\"name\":\"VB-Salzgitter\",\"description\":\"\",\"publisher\":{\"@id\":\"https:\\\/\\\/vb-bachstein.de\\\/salzgitter\\\/#organization\"},\"potentialAction\":[{\"@type\":\"SearchAction\",\"target\":{\"@type\":\"EntryPoint\",\"urlTemplate\":\"https:\\\/\\\/vb-bachstein.de\\\/salzgitter\\\/?s={search_term_string}\"},\"query-input\":{\"@type\":\"PropertyValueSpecification\",\"valueRequired\":true,\"valueName\":\"search_term_string\"}}],\"inLanguage\":\"es\"},{\"@type\":\"Organization\",\"@id\":\"https:\\\/\\\/vb-bachstein.de\\\/salzgitter\\\/#organization\",\"name\":\"VB-Salzgitter\",\"url\":\"https:\\\/\\\/vb-bachstein.de\\\/salzgitter\\\/\",\"logo\":{\"@type\":\"ImageObject\",\"inLanguage\":\"es\",\"@id\":\"https:\\\/\\\/vb-bachstein.de\\\/salzgitter\\\/#\\\/schema\\\/logo\\\/image\\\/\",\"url\":\"https:\\\/\\\/vb-bachstein.de\\\/salzgitter\\\/wp-content\\\/uploads\\\/sites\\\/14\\\/Bachstein_Logo.png\",\"contentUrl\":\"https:\\\/\\\/vb-bachstein.de\\\/salzgitter\\\/wp-content\\\/uploads\\\/sites\\\/14\\\/Bachstein_Logo.png\",\"width\":1966,\"height\":293,\"caption\":\"VB-Salzgitter\"},\"image\":{\"@id\":\"https:\\\/\\\/vb-bachstein.de\\\/salzgitter\\\/#\\\/schema\\\/logo\\\/image\\\/\"}},{\"@type\":\"Person\",\"@id\":\"https:\\\/\\\/vb-bachstein.de\\\/salzgitter\\\/#\\\/schema\\\/person\\\/b008f998d49926c8ddca013e5a810139\",\"name\":\"sprager\",\"image\":{\"@type\":\"ImageObject\",\"inLanguage\":\"es\",\"@id\":\"https:\\\/\\\/secure.gravatar.com\\\/avatar\\\/c9f4904d5ee6846a305eba03c67dfde589dc71ebb212f17ea973f97cbdd5f980?s=96&d=mm&r=g\",\"url\":\"https:\\\/\\\/secure.gravatar.com\\\/avatar\\\/c9f4904d5ee6846a305eba03c67dfde589dc71ebb212f17ea973f97cbdd5f980?s=96&d=mm&r=g\",\"contentUrl\":\"https:\\\/\\\/secure.gravatar.com\\\/avatar\\\/c9f4904d5ee6846a305eba03c67dfde589dc71ebb212f17ea973f97cbdd5f980?s=96&d=mm&r=g\",\"caption\":\"sprager\"},\"url\":\"https:\\\/\\\/vb-bachstein.de\\\/salzgitter\\\/es\\\/author\\\/sprager\\\/\"}]}<\/script>\n<!-- \/ Yoast SEO plugin. -->","yoast_head_json":{"title":"Informaci\u00f3n sobre el transporte en autob\u00fas ahora tambi\u00e9n en WhatsApp - VB-Salzgitter","robots":{"index":"index","follow":"follow","max-snippet":"max-snippet:-1","max-image-preview":"max-image-preview:large","max-video-preview":"max-video-preview:-1"},"canonical":"https:\/\/vb-bachstein.de\/salzgitter\/nueva-toda-la-informacion-sobre-el-transporte-en-autobus-ahora-tambien-en-whatsapp\/","og_locale":"es_ES","og_type":"article","og_title":"Infos zum Busverkehr jetzt auch auf WhatsApp! - VB-Salzgitter","og_description":"Aktuelle Meldungen zu Fahrplanabweichungen kannst du jederzeit schnell und einfach \u00fcber unseren WhatsApp Kanal abrufen. Immer aktuell informiert Alle Fahrplanabweichungen und St\u00f6rungsmeldungen auf einem Blick Alle wichtigen News, die du wissen solltest JETZT ABONNIEREN!","og_url":"https:\/\/vb-bachstein.de\/salzgitter\/nueva-toda-la-informacion-sobre-el-transporte-en-autobus-ahora-tambien-en-whatsapp\/","og_site_name":"VB-Salzgitter","article_published_time":"2025-12-11T09:59:09+00:00","article_modified_time":"2026-01-20T12:39:43+00:00","og_image":[{"width":1920,"height":640,"url":"https:\/\/vb-bachstein.de\/salzgitter\/wp-content\/uploads\/sites\/14\/header_whatsapp-3.png","type":"image\/png"}],"author":"sprager","twitter_card":"summary_large_image","twitter_misc":{"Escrito por":"sprager","Tiempo de lectura":"1 minuto"},"schema":{"@context":"https:\/\/schema.org","@graph":[{"@type":"Article","@id":"https:\/\/vb-bachstein.de\/salzgitter\/neu-alle-infos-zum-busverkehr-jetzt-auch-auf-whatsapp\/#article","isPartOf":{"@id":"https:\/\/vb-bachstein.de\/salzgitter\/neu-alle-infos-zum-busverkehr-jetzt-auch-auf-whatsapp\/"},"author":{"name":"sprager","@id":"https:\/\/vb-bachstein.de\/salzgitter\/#\/schema\/person\/b008f998d49926c8ddca013e5a810139"},"headline":"Infos zum Busverkehr jetzt auch auf WhatsApp!","datePublished":"2025-12-11T09:59:09+00:00","dateModified":"2026-01-20T12:39:43+00:00","mainEntityOfPage":{"@id":"https:\/\/vb-bachstein.de\/salzgitter\/neu-alle-infos-zum-busverkehr-jetzt-auch-auf-whatsapp\/"},"wordCount":42,"commentCount":0,"publisher":{"@id":"https:\/\/vb-bachstein.de\/salzgitter\/#organization"},"image":{"@id":"https:\/\/vb-bachstein.de\/salzgitter\/neu-alle-infos-zum-busverkehr-jetzt-auch-auf-whatsapp\/#primaryimage"},"thumbnailUrl":"https:\/\/vb-bachstein.de\/salzgitter\/wp-content\/uploads\/sites\/14\/header_whatsapp-3.png","articleSection":["News"],"inLanguage":"es","potentialAction":[{"@type":"CommentAction","name":"Comment","target":["https:\/\/vb-bachstein.de\/salzgitter\/neu-alle-infos-zum-busverkehr-jetzt-auch-auf-whatsapp\/#respond"]}]},{"@type":"WebPage","@id":"https:\/\/vb-bachstein.de\/salzgitter\/neu-alle-infos-zum-busverkehr-jetzt-auch-auf-whatsapp\/","url":"https:\/\/vb-bachstein.de\/salzgitter\/neu-alle-infos-zum-busverkehr-jetzt-auch-auf-whatsapp\/","name":"Informaci\u00f3n sobre el transporte en autob\u00fas ahora tambi\u00e9n en WhatsApp - VB-Salzgitter","isPartOf":{"@id":"https:\/\/vb-bachstein.de\/salzgitter\/#website"},"primaryImageOfPage":{"@id":"https:\/\/vb-bachstein.de\/salzgitter\/neu-alle-infos-zum-busverkehr-jetzt-auch-auf-whatsapp\/#primaryimage"},"image":{"@id":"https:\/\/vb-bachstein.de\/salzgitter\/neu-alle-infos-zum-busverkehr-jetzt-auch-auf-whatsapp\/#primaryimage"},"thumbnailUrl":"https:\/\/vb-bachstein.de\/salzgitter\/wp-content\/uploads\/sites\/14\/header_whatsapp-3.png","datePublished":"2025-12-11T09:59:09+00:00","dateModified":"2026-01-20T12:39:43+00:00","breadcrumb":{"@id":"https:\/\/vb-bachstein.de\/salzgitter\/neu-alle-infos-zum-busverkehr-jetzt-auch-auf-whatsapp\/#breadcrumb"},"inLanguage":"es","potentialAction":[{"@type":"ReadAction","target":["https:\/\/vb-bachstein.de\/salzgitter\/neu-alle-infos-zum-busverkehr-jetzt-auch-auf-whatsapp\/"]}]},{"@type":"ImageObject","inLanguage":"es","@id":"https:\/\/vb-bachstein.de\/salzgitter\/neu-alle-infos-zum-busverkehr-jetzt-auch-auf-whatsapp\/#primaryimage","url":"https:\/\/vb-bachstein.de\/salzgitter\/wp-content\/uploads\/sites\/14\/header_whatsapp-3.png","contentUrl":"https:\/\/vb-bachstein.de\/salzgitter\/wp-content\/uploads\/sites\/14\/header_whatsapp-3.png","width":1920,"height":640},{"@type":"BreadcrumbList","@id":"https:\/\/vb-bachstein.de\/salzgitter\/neu-alle-infos-zum-busverkehr-jetzt-auch-auf-whatsapp\/#breadcrumb","itemListElement":[{"@type":"ListItem","position":1,"name":"Startseite","item":"https:\/\/vb-bachstein.de\/salzgitter\/"},{"@type":"ListItem","position":2,"name":"Infos zum Busverkehr jetzt auch auf WhatsApp!"}]},{"@type":"WebSite","@id":"https:\/\/vb-bachstein.de\/salzgitter\/#website","url":"https:\/\/vb-bachstein.de\/salzgitter\/","name":"Rejilla de sal VB","description":"","publisher":{"@id":"https:\/\/vb-bachstein.de\/salzgitter\/#organization"},"potentialAction":[{"@type":"SearchAction","target":{"@type":"EntryPoint","urlTemplate":"https:\/\/vb-bachstein.de\/salzgitter\/?s={search_term_string}"},"query-input":{"@type":"PropertyValueSpecification","valueRequired":true,"valueName":"search_term_string"}}],"inLanguage":"es"},{"@type":"Organization","@id":"https:\/\/vb-bachstein.de\/salzgitter\/#organization","name":"Rejilla de sal VB","url":"https:\/\/vb-bachstein.de\/salzgitter\/","logo":{"@type":"ImageObject","inLanguage":"es","@id":"https:\/\/vb-bachstein.de\/salzgitter\/#\/schema\/logo\/image\/","url":"https:\/\/vb-bachstein.de\/salzgitter\/wp-content\/uploads\/sites\/14\/Bachstein_Logo.png","contentUrl":"https:\/\/vb-bachstein.de\/salzgitter\/wp-content\/uploads\/sites\/14\/Bachstein_Logo.png","width":1966,"height":293,"caption":"VB-Salzgitter"},"image":{"@id":"https:\/\/vb-bachstein.de\/salzgitter\/#\/schema\/logo\/image\/"}},{"@type":"Person","@id":"https:\/\/vb-bachstein.de\/salzgitter\/#\/schema\/person\/b008f998d49926c8ddca013e5a810139","name":"sprager","image":{"@type":"ImageObject","inLanguage":"es","@id":"https:\/\/secure.gravatar.com\/avatar\/c9f4904d5ee6846a305eba03c67dfde589dc71ebb212f17ea973f97cbdd5f980?s=96&d=mm&r=g","url":"https:\/\/secure.gravatar.com\/avatar\/c9f4904d5ee6846a305eba03c67dfde589dc71ebb212f17ea973f97cbdd5f980?s=96&d=mm&r=g","contentUrl":"https:\/\/secure.gravatar.com\/avatar\/c9f4904d5ee6846a305eba03c67dfde589dc71ebb212f17ea973f97cbdd5f980?s=96&d=mm&r=g","caption":"sprager"},"url":"https:\/\/vb-bachstein.de\/salzgitter\/es\/author\/sprager\/"}]}},"_links":{"self":[{"href":"https:\/\/vb-bachstein.de\/salzgitter\/es\/wp-json\/wp\/v2\/posts\/3375","targetHints":{"allow":["GET"]}}],"collection":[{"href":"https:\/\/vb-bachstein.de\/salzgitter\/es\/wp-json\/wp\/v2\/posts"}],"about":[{"href":"https:\/\/vb-bachstein.de\/salzgitter\/es\/wp-json\/wp\/v2\/types\/post"}],"author":[{"embeddable":true,"href":"https:\/\/vb-bachstein.de\/salzgitter\/es\/wp-json\/wp\/v2\/users\/4"}],"replies":[{"embeddable":true,"href":"https:\/\/vb-bachstein.de\/salzgitter\/es\/wp-json\/wp\/v2\/comments?post=3375"}],"version-history":[{"count":0,"href":"https:\/\/vb-bachstein.de\/salzgitter\/es\/wp-json\/wp\/v2\/posts\/3375\/revisions"}],"wp:featuredmedia":[{"embeddable":true,"href":"https:\/\/vb-bachstein.de\/salzgitter\/es\/wp-json\/wp\/v2\/media\/2414"}],"wp:attachment":[{"href":"https:\/\/vb-bachstein.de\/salzgitter\/es\/wp-json\/wp\/v2\/media?parent=3375"}],"wp:term":[{"taxonomy":"category","embeddable":true,"href":"https:\/\/vb-bachstein.de\/salzgitter\/es\/wp-json\/wp\/v2\/categories?post=3375"},{"taxonomy":"post_tag","embeddable":true,"href":"https:\/\/vb-bachstein.de\/salzgitter\/es\/wp-json\/wp\/v2\/tags?post=3375"}],"curies":[{"name":"wp","href":"https:\/\/api.w.org\/{rel}","templated":true}]}}