{"id":3404,"date":"2026-03-19T15:24:58","date_gmt":"2026-03-19T14:24:58","guid":{"rendered":"https:\/\/vb-bachstein.de\/salzgitter\/?p=3404"},"modified":"2026-03-19T15:27:15","modified_gmt":"2026-03-19T14:27:15","slug":"lines-656-660-one-sided-closure-salzgitter-bad-am-pfingstanger-23-03-10-04-2026","status":"publish","type":"post","link":"https:\/\/vb-bachstein.de\/salzgitter\/en\/linien-656-660-einseitige-sperrung-salzgitter-bad-am-pfingstanger-23-03-10-04-2026\/","title":{"rendered":"Lines 656 &amp; 660 | One-sided closure Salzgitter-Bad, Am Pfingstanger: 23\/03 - 10\/04\/2026"},"content":{"rendered":"<p>Due to construction work, the street Am Pfingstanger, in Salzgitter-Bad, will be closed on one side from Monday, 23 March to Friday, 10 April 2026. The \u201eSch\u00fctzenplatz\u201c stop cannot be served in the direction of Goslar; the \u201eKaiserstra\u00dfe\u201c stop will serve as the final stop.<\/p>\n<p>For the \u201eSch\u00fctzenplatz\u201c stop in the direction of Salzgitter-Bad\/Bahnhof, an alternative stop is available approx. 50 metres before the regular stop.<\/p>","protected":false},"excerpt":{"rendered":"<p>Due to construction work, the street Am Pfingstanger, in Salzgitter-Bad, will be closed on one side from Monday, 23 March to Friday, 10 April 2026. The \u201eSch\u00fctzenplatz\u201c stop cannot be served in the direction of Goslar; the \u201eKaiserstra\u00dfe\u201c stop will serve as the final stop. For the \u201eSch\u00fctzenplatz\u201c stop in the direction of Salzgitter-Bad\/Bahnhof, a replacement stop is available approx. 50m before the regular stop.<\/p>","protected":false},"author":6,"featured_media":4003,"comment_status":"open","ping_status":"open","sticky":false,"template":"","format":"standard","meta":{"footnotes":""},"categories":[33],"tags":[],"class_list":["post-3404","post","type-post","status-publish","format-standard","has-post-thumbnail","hentry","category-fahrplanabweichungen"],"yoast_head":"<!-- This site is optimized with the Yoast SEO plugin v27.4 - https:\/\/yoast.com\/product\/yoast-seo-wordpress\/ -->\n<title>Linien 656 &amp; 660 | Einseitige Sperrung Salzgitter-Bad, Am Pfingstanger: 23.03. - 10.04.2026 - VB-Salzgitter<\/title>\n<meta name=\"robots\" content=\"index, follow, max-snippet:-1, max-image-preview:large, max-video-preview:-1\" \/>\n<link rel=\"canonical\" href=\"https:\/\/vb-bachstein.de\/salzgitter\/lines-656-660-one-sided-closure-salzgitter-bad-am-pfingstanger-23-03-10-04-2026\/\" \/>\n<meta property=\"og:locale\" content=\"en_GB\" \/>\n<meta property=\"og:type\" content=\"article\" \/>\n<meta property=\"og:title\" content=\"Linien 656 &amp; 660 | Einseitige Sperrung Salzgitter-Bad, Am Pfingstanger: 23.03. - 10.04.2026 - VB-Salzgitter\" \/>\n<meta property=\"og:description\" content=\"Aufgrund von Bauarbeiten ist die Stra\u00dfe Am Pfingstanger, in Salzgitter-Bad, im Zeitraum von Montag, 23. M\u00e4rz bis Freitag, 10. April 2026 habseitig gesperrt. Die Haltestelle &#8222;Sch\u00fctzenplatz&#8220; kann in Fahrtrichtung Goslar nicht bedient werden, als Endhaltestelle dient die Haltestelle &#8222;Kaiserstra\u00dfe&#8220;. F\u00fcr die Haltestelle &#8222;Sch\u00fctzenplatz&#8220; in Fahrtrichtung Salzgitter-Bad\/Bahnhof, steht eine Ersatzhaltestelle ca. 50m vor der regul\u00e4ren Haltestelle zur Verf\u00fcgung.\" \/>\n<meta property=\"og:url\" content=\"https:\/\/vb-bachstein.de\/salzgitter\/lines-656-660-one-sided-closure-salzgitter-bad-am-pfingstanger-23-03-10-04-2026\/\" \/>\n<meta property=\"og:site_name\" content=\"VB-Salzgitter\" \/>\n<meta property=\"article:published_time\" content=\"2026-03-19T14:24:58+00:00\" \/>\n<meta property=\"article:modified_time\" content=\"2026-03-19T14:27:15+00:00\" \/>\n<meta name=\"author\" content=\"peters\" \/>\n<meta name=\"twitter:card\" content=\"summary_large_image\" \/>\n<meta name=\"twitter:label1\" content=\"Written by\" \/>\n\t<meta name=\"twitter:data1\" content=\"peters\" \/>\n\t<meta name=\"twitter:label2\" content=\"Estimated reading time\" \/>\n\t<meta name=\"twitter:data2\" content=\"1 minute\" \/>\n<script type=\"application\/ld+json\" class=\"yoast-schema-graph\">{\"@context\":\"https:\\\/\\\/schema.org\",\"@graph\":[{\"@type\":\"Article\",\"@id\":\"https:\\\/\\\/vb-bachstein.de\\\/salzgitter\\\/linien-656-660-einseitige-sperrung-salzgitter-bad-am-pfingstanger-23-03-10-04-2026\\\/#article\",\"isPartOf\":{\"@id\":\"https:\\\/\\\/vb-bachstein.de\\\/salzgitter\\\/linien-656-660-einseitige-sperrung-salzgitter-bad-am-pfingstanger-23-03-10-04-2026\\\/\"},\"author\":{\"name\":\"peters\",\"@id\":\"https:\\\/\\\/vb-bachstein.de\\\/salzgitter\\\/#\\\/schema\\\/person\\\/a751b88c01dcbf14a5413f0808dacb67\"},\"headline\":\"Linien 656 &amp; 660 | Einseitige Sperrung Salzgitter-Bad, Am Pfingstanger: 23.03. &#8211; 10.04.2026\",\"datePublished\":\"2026-03-19T14:24:58+00:00\",\"dateModified\":\"2026-03-19T14:27:15+00:00\",\"mainEntityOfPage\":{\"@id\":\"https:\\\/\\\/vb-bachstein.de\\\/salzgitter\\\/linien-656-660-einseitige-sperrung-salzgitter-bad-am-pfingstanger-23-03-10-04-2026\\\/\"},\"wordCount\":71,\"commentCount\":0,\"publisher\":{\"@id\":\"https:\\\/\\\/vb-bachstein.de\\\/salzgitter\\\/#organization\"},\"image\":{\"@id\":\"https:\\\/\\\/vb-bachstein.de\\\/salzgitter\\\/linien-656-660-einseitige-sperrung-salzgitter-bad-am-pfingstanger-23-03-10-04-2026\\\/#primaryimage\"},\"thumbnailUrl\":\"https:\\\/\\\/vb-bachstein.de\\\/salzgitter\\\/wp-content\\\/uploads\\\/sites\\\/14\\\/header-subsite_stoerungen-vb.jpg\",\"articleSection\":[\"Fahrplanabweichungen\"],\"inLanguage\":\"en-GB\",\"potentialAction\":[{\"@type\":\"CommentAction\",\"name\":\"Comment\",\"target\":[\"https:\\\/\\\/vb-bachstein.de\\\/salzgitter\\\/linien-656-660-einseitige-sperrung-salzgitter-bad-am-pfingstanger-23-03-10-04-2026\\\/#respond\"]}]},{\"@type\":\"WebPage\",\"@id\":\"https:\\\/\\\/vb-bachstein.de\\\/salzgitter\\\/linien-656-660-einseitige-sperrung-salzgitter-bad-am-pfingstanger-23-03-10-04-2026\\\/\",\"url\":\"https:\\\/\\\/vb-bachstein.de\\\/salzgitter\\\/linien-656-660-einseitige-sperrung-salzgitter-bad-am-pfingstanger-23-03-10-04-2026\\\/\",\"name\":\"Linien 656 &amp; 660 | Einseitige Sperrung Salzgitter-Bad, Am Pfingstanger: 23.03. - 10.04.2026 - VB-Salzgitter\",\"isPartOf\":{\"@id\":\"https:\\\/\\\/vb-bachstein.de\\\/salzgitter\\\/#website\"},\"primaryImageOfPage\":{\"@id\":\"https:\\\/\\\/vb-bachstein.de\\\/salzgitter\\\/linien-656-660-einseitige-sperrung-salzgitter-bad-am-pfingstanger-23-03-10-04-2026\\\/#primaryimage\"},\"image\":{\"@id\":\"https:\\\/\\\/vb-bachstein.de\\\/salzgitter\\\/linien-656-660-einseitige-sperrung-salzgitter-bad-am-pfingstanger-23-03-10-04-2026\\\/#primaryimage\"},\"thumbnailUrl\":\"https:\\\/\\\/vb-bachstein.de\\\/salzgitter\\\/wp-content\\\/uploads\\\/sites\\\/14\\\/header-subsite_stoerungen-vb.jpg\",\"datePublished\":\"2026-03-19T14:24:58+00:00\",\"dateModified\":\"2026-03-19T14:27:15+00:00\",\"breadcrumb\":{\"@id\":\"https:\\\/\\\/vb-bachstein.de\\\/salzgitter\\\/linien-656-660-einseitige-sperrung-salzgitter-bad-am-pfingstanger-23-03-10-04-2026\\\/#breadcrumb\"},\"inLanguage\":\"en-GB\",\"potentialAction\":[{\"@type\":\"ReadAction\",\"target\":[\"https:\\\/\\\/vb-bachstein.de\\\/salzgitter\\\/linien-656-660-einseitige-sperrung-salzgitter-bad-am-pfingstanger-23-03-10-04-2026\\\/\"]}]},{\"@type\":\"ImageObject\",\"inLanguage\":\"en-GB\",\"@id\":\"https:\\\/\\\/vb-bachstein.de\\\/salzgitter\\\/linien-656-660-einseitige-sperrung-salzgitter-bad-am-pfingstanger-23-03-10-04-2026\\\/#primaryimage\",\"url\":\"https:\\\/\\\/vb-bachstein.de\\\/salzgitter\\\/wp-content\\\/uploads\\\/sites\\\/14\\\/header-subsite_stoerungen-vb.jpg\",\"contentUrl\":\"https:\\\/\\\/vb-bachstein.de\\\/salzgitter\\\/wp-content\\\/uploads\\\/sites\\\/14\\\/header-subsite_stoerungen-vb.jpg\"},{\"@type\":\"BreadcrumbList\",\"@id\":\"https:\\\/\\\/vb-bachstein.de\\\/salzgitter\\\/linien-656-660-einseitige-sperrung-salzgitter-bad-am-pfingstanger-23-03-10-04-2026\\\/#breadcrumb\",\"itemListElement\":[{\"@type\":\"ListItem\",\"position\":1,\"name\":\"Startseite\",\"item\":\"https:\\\/\\\/vb-bachstein.de\\\/salzgitter\\\/\"},{\"@type\":\"ListItem\",\"position\":2,\"name\":\"Linien 656 &amp; 660 | Einseitige Sperrung Salzgitter-Bad, Am Pfingstanger: 23.03. &#8211; 10.04.2026\"}]},{\"@type\":\"WebSite\",\"@id\":\"https:\\\/\\\/vb-bachstein.de\\\/salzgitter\\\/#website\",\"url\":\"https:\\\/\\\/vb-bachstein.de\\\/salzgitter\\\/\",\"name\":\"VB-Salzgitter\",\"description\":\"\",\"publisher\":{\"@id\":\"https:\\\/\\\/vb-bachstein.de\\\/salzgitter\\\/#organization\"},\"potentialAction\":[{\"@type\":\"SearchAction\",\"target\":{\"@type\":\"EntryPoint\",\"urlTemplate\":\"https:\\\/\\\/vb-bachstein.de\\\/salzgitter\\\/?s={search_term_string}\"},\"query-input\":{\"@type\":\"PropertyValueSpecification\",\"valueRequired\":true,\"valueName\":\"search_term_string\"}}],\"inLanguage\":\"en-GB\"},{\"@type\":\"Organization\",\"@id\":\"https:\\\/\\\/vb-bachstein.de\\\/salzgitter\\\/#organization\",\"name\":\"VB-Salzgitter\",\"url\":\"https:\\\/\\\/vb-bachstein.de\\\/salzgitter\\\/\",\"logo\":{\"@type\":\"ImageObject\",\"inLanguage\":\"en-GB\",\"@id\":\"https:\\\/\\\/vb-bachstein.de\\\/salzgitter\\\/#\\\/schema\\\/logo\\\/image\\\/\",\"url\":\"https:\\\/\\\/vb-bachstein.de\\\/salzgitter\\\/wp-content\\\/uploads\\\/sites\\\/14\\\/Bachstein_Logo.png\",\"contentUrl\":\"https:\\\/\\\/vb-bachstein.de\\\/salzgitter\\\/wp-content\\\/uploads\\\/sites\\\/14\\\/Bachstein_Logo.png\",\"width\":1966,\"height\":293,\"caption\":\"VB-Salzgitter\"},\"image\":{\"@id\":\"https:\\\/\\\/vb-bachstein.de\\\/salzgitter\\\/#\\\/schema\\\/logo\\\/image\\\/\"}},{\"@type\":\"Person\",\"@id\":\"https:\\\/\\\/vb-bachstein.de\\\/salzgitter\\\/#\\\/schema\\\/person\\\/a751b88c01dcbf14a5413f0808dacb67\",\"name\":\"peters\",\"image\":{\"@type\":\"ImageObject\",\"inLanguage\":\"en-GB\",\"@id\":\"https:\\\/\\\/secure.gravatar.com\\\/avatar\\\/9c3605722559827488fe70366f5a76c8bb200aca3e281d85f4011ea07a22d91d?s=96&d=mm&r=g\",\"url\":\"https:\\\/\\\/secure.gravatar.com\\\/avatar\\\/9c3605722559827488fe70366f5a76c8bb200aca3e281d85f4011ea07a22d91d?s=96&d=mm&r=g\",\"contentUrl\":\"https:\\\/\\\/secure.gravatar.com\\\/avatar\\\/9c3605722559827488fe70366f5a76c8bb200aca3e281d85f4011ea07a22d91d?s=96&d=mm&r=g\",\"caption\":\"peters\"},\"url\":\"https:\\\/\\\/vb-bachstein.de\\\/salzgitter\\\/en\\\/author\\\/peters\\\/\"}]}<\/script>\n<!-- \/ Yoast SEO plugin. -->","yoast_head_json":{"title":"Lines 656 &amp; 660 | One-sided closure Salzgitter-Bad, Am Pfingstanger: 23\/03 - 10\/04\/2026 - VB-Salzgitter","robots":{"index":"index","follow":"follow","max-snippet":"max-snippet:-1","max-image-preview":"max-image-preview:large","max-video-preview":"max-video-preview:-1"},"canonical":"https:\/\/vb-bachstein.de\/salzgitter\/lines-656-660-one-sided-closure-salzgitter-bad-am-pfingstanger-23-03-10-04-2026\/","og_locale":"en_GB","og_type":"article","og_title":"Linien 656 &amp; 660 | Einseitige Sperrung Salzgitter-Bad, Am Pfingstanger: 23.03. - 10.04.2026 - VB-Salzgitter","og_description":"Aufgrund von Bauarbeiten ist die Stra\u00dfe Am Pfingstanger, in Salzgitter-Bad, im Zeitraum von Montag, 23. M\u00e4rz bis Freitag, 10. April 2026 habseitig gesperrt. Die Haltestelle &#8222;Sch\u00fctzenplatz&#8220; kann in Fahrtrichtung Goslar nicht bedient werden, als Endhaltestelle dient die Haltestelle &#8222;Kaiserstra\u00dfe&#8220;. F\u00fcr die Haltestelle &#8222;Sch\u00fctzenplatz&#8220; in Fahrtrichtung Salzgitter-Bad\/Bahnhof, steht eine Ersatzhaltestelle ca. 50m vor der regul\u00e4ren Haltestelle zur Verf\u00fcgung.","og_url":"https:\/\/vb-bachstein.de\/salzgitter\/lines-656-660-one-sided-closure-salzgitter-bad-am-pfingstanger-23-03-10-04-2026\/","og_site_name":"VB-Salzgitter","article_published_time":"2026-03-19T14:24:58+00:00","article_modified_time":"2026-03-19T14:27:15+00:00","author":"peters","twitter_card":"summary_large_image","twitter_misc":{"Written by":"peters","Estimated reading time":"1 minute"},"schema":{"@context":"https:\/\/schema.org","@graph":[{"@type":"Article","@id":"https:\/\/vb-bachstein.de\/salzgitter\/linien-656-660-einseitige-sperrung-salzgitter-bad-am-pfingstanger-23-03-10-04-2026\/#article","isPartOf":{"@id":"https:\/\/vb-bachstein.de\/salzgitter\/linien-656-660-einseitige-sperrung-salzgitter-bad-am-pfingstanger-23-03-10-04-2026\/"},"author":{"name":"peters","@id":"https:\/\/vb-bachstein.de\/salzgitter\/#\/schema\/person\/a751b88c01dcbf14a5413f0808dacb67"},"headline":"Linien 656 &amp; 660 | Einseitige Sperrung Salzgitter-Bad, Am Pfingstanger: 23.03. &#8211; 10.04.2026","datePublished":"2026-03-19T14:24:58+00:00","dateModified":"2026-03-19T14:27:15+00:00","mainEntityOfPage":{"@id":"https:\/\/vb-bachstein.de\/salzgitter\/linien-656-660-einseitige-sperrung-salzgitter-bad-am-pfingstanger-23-03-10-04-2026\/"},"wordCount":71,"commentCount":0,"publisher":{"@id":"https:\/\/vb-bachstein.de\/salzgitter\/#organization"},"image":{"@id":"https:\/\/vb-bachstein.de\/salzgitter\/linien-656-660-einseitige-sperrung-salzgitter-bad-am-pfingstanger-23-03-10-04-2026\/#primaryimage"},"thumbnailUrl":"https:\/\/vb-bachstein.de\/salzgitter\/wp-content\/uploads\/sites\/14\/header-subsite_stoerungen-vb.jpg","articleSection":["Fahrplanabweichungen"],"inLanguage":"en-GB","potentialAction":[{"@type":"CommentAction","name":"Comment","target":["https:\/\/vb-bachstein.de\/salzgitter\/linien-656-660-einseitige-sperrung-salzgitter-bad-am-pfingstanger-23-03-10-04-2026\/#respond"]}]},{"@type":"WebPage","@id":"https:\/\/vb-bachstein.de\/salzgitter\/linien-656-660-einseitige-sperrung-salzgitter-bad-am-pfingstanger-23-03-10-04-2026\/","url":"https:\/\/vb-bachstein.de\/salzgitter\/linien-656-660-einseitige-sperrung-salzgitter-bad-am-pfingstanger-23-03-10-04-2026\/","name":"Lines 656 &amp; 660 | One-sided closure Salzgitter-Bad, Am Pfingstanger: 23\/03 - 10\/04\/2026 - VB-Salzgitter","isPartOf":{"@id":"https:\/\/vb-bachstein.de\/salzgitter\/#website"},"primaryImageOfPage":{"@id":"https:\/\/vb-bachstein.de\/salzgitter\/linien-656-660-einseitige-sperrung-salzgitter-bad-am-pfingstanger-23-03-10-04-2026\/#primaryimage"},"image":{"@id":"https:\/\/vb-bachstein.de\/salzgitter\/linien-656-660-einseitige-sperrung-salzgitter-bad-am-pfingstanger-23-03-10-04-2026\/#primaryimage"},"thumbnailUrl":"https:\/\/vb-bachstein.de\/salzgitter\/wp-content\/uploads\/sites\/14\/header-subsite_stoerungen-vb.jpg","datePublished":"2026-03-19T14:24:58+00:00","dateModified":"2026-03-19T14:27:15+00:00","breadcrumb":{"@id":"https:\/\/vb-bachstein.de\/salzgitter\/linien-656-660-einseitige-sperrung-salzgitter-bad-am-pfingstanger-23-03-10-04-2026\/#breadcrumb"},"inLanguage":"en-GB","potentialAction":[{"@type":"ReadAction","target":["https:\/\/vb-bachstein.de\/salzgitter\/linien-656-660-einseitige-sperrung-salzgitter-bad-am-pfingstanger-23-03-10-04-2026\/"]}]},{"@type":"ImageObject","inLanguage":"en-GB","@id":"https:\/\/vb-bachstein.de\/salzgitter\/linien-656-660-einseitige-sperrung-salzgitter-bad-am-pfingstanger-23-03-10-04-2026\/#primaryimage","url":"https:\/\/vb-bachstein.de\/salzgitter\/wp-content\/uploads\/sites\/14\/header-subsite_stoerungen-vb.jpg","contentUrl":"https:\/\/vb-bachstein.de\/salzgitter\/wp-content\/uploads\/sites\/14\/header-subsite_stoerungen-vb.jpg"},{"@type":"BreadcrumbList","@id":"https:\/\/vb-bachstein.de\/salzgitter\/linien-656-660-einseitige-sperrung-salzgitter-bad-am-pfingstanger-23-03-10-04-2026\/#breadcrumb","itemListElement":[{"@type":"ListItem","position":1,"name":"Startseite","item":"https:\/\/vb-bachstein.de\/salzgitter\/"},{"@type":"ListItem","position":2,"name":"Linien 656 &amp; 660 | Einseitige Sperrung Salzgitter-Bad, Am Pfingstanger: 23.03. &#8211; 10.04.2026"}]},{"@type":"WebSite","@id":"https:\/\/vb-bachstein.de\/salzgitter\/#website","url":"https:\/\/vb-bachstein.de\/salzgitter\/","name":"VB-Salzgitter","description":"","publisher":{"@id":"https:\/\/vb-bachstein.de\/salzgitter\/#organization"},"potentialAction":[{"@type":"SearchAction","target":{"@type":"EntryPoint","urlTemplate":"https:\/\/vb-bachstein.de\/salzgitter\/?s={search_term_string}"},"query-input":{"@type":"PropertyValueSpecification","valueRequired":true,"valueName":"search_term_string"}}],"inLanguage":"en-GB"},{"@type":"Organization","@id":"https:\/\/vb-bachstein.de\/salzgitter\/#organization","name":"VB-Salzgitter","url":"https:\/\/vb-bachstein.de\/salzgitter\/","logo":{"@type":"ImageObject","inLanguage":"en-GB","@id":"https:\/\/vb-bachstein.de\/salzgitter\/#\/schema\/logo\/image\/","url":"https:\/\/vb-bachstein.de\/salzgitter\/wp-content\/uploads\/sites\/14\/Bachstein_Logo.png","contentUrl":"https:\/\/vb-bachstein.de\/salzgitter\/wp-content\/uploads\/sites\/14\/Bachstein_Logo.png","width":1966,"height":293,"caption":"VB-Salzgitter"},"image":{"@id":"https:\/\/vb-bachstein.de\/salzgitter\/#\/schema\/logo\/image\/"}},{"@type":"Person","@id":"https:\/\/vb-bachstein.de\/salzgitter\/#\/schema\/person\/a751b88c01dcbf14a5413f0808dacb67","name":"peters","image":{"@type":"ImageObject","inLanguage":"en-GB","@id":"https:\/\/secure.gravatar.com\/avatar\/9c3605722559827488fe70366f5a76c8bb200aca3e281d85f4011ea07a22d91d?s=96&d=mm&r=g","url":"https:\/\/secure.gravatar.com\/avatar\/9c3605722559827488fe70366f5a76c8bb200aca3e281d85f4011ea07a22d91d?s=96&d=mm&r=g","contentUrl":"https:\/\/secure.gravatar.com\/avatar\/9c3605722559827488fe70366f5a76c8bb200aca3e281d85f4011ea07a22d91d?s=96&d=mm&r=g","caption":"peters"},"url":"https:\/\/vb-bachstein.de\/salzgitter\/en\/author\/peters\/"}]}},"_links":{"self":[{"href":"https:\/\/vb-bachstein.de\/salzgitter\/en\/wp-json\/wp\/v2\/posts\/3404","targetHints":{"allow":["GET"]}}],"collection":[{"href":"https:\/\/vb-bachstein.de\/salzgitter\/en\/wp-json\/wp\/v2\/posts"}],"about":[{"href":"https:\/\/vb-bachstein.de\/salzgitter\/en\/wp-json\/wp\/v2\/types\/post"}],"author":[{"embeddable":true,"href":"https:\/\/vb-bachstein.de\/salzgitter\/en\/wp-json\/wp\/v2\/users\/6"}],"replies":[{"embeddable":true,"href":"https:\/\/vb-bachstein.de\/salzgitter\/en\/wp-json\/wp\/v2\/comments?post=3404"}],"version-history":[{"count":0,"href":"https:\/\/vb-bachstein.de\/salzgitter\/en\/wp-json\/wp\/v2\/posts\/3404\/revisions"}],"wp:featuredmedia":[{"embeddable":true,"href":"https:\/\/vb-bachstein.de\/salzgitter\/en\/wp-json\/"}],"wp:attachment":[{"href":"https:\/\/vb-bachstein.de\/salzgitter\/en\/wp-json\/wp\/v2\/media?parent=3404"}],"wp:term":[{"taxonomy":"category","embeddable":true,"href":"https:\/\/vb-bachstein.de\/salzgitter\/en\/wp-json\/wp\/v2\/categories?post=3404"},{"taxonomy":"post_tag","embeddable":true,"href":"https:\/\/vb-bachstein.de\/salzgitter\/en\/wp-json\/wp\/v2\/tags?post=3404"}],"curies":[{"name":"wp","href":"https:\/\/api.w.org\/{rel}","templated":true}]}}