{"id":3403,"date":"2026-03-09T12:39:27","date_gmt":"2026-03-09T11:39:27","guid":{"rendered":"https:\/\/vb-bachstein.de\/salzgitter\/?p=3403"},"modified":"2026-04-09T11:31:58","modified_gmt":"2026-04-09T09:31:58","slug":"uprava-jizdniho-radu-linky-658-mezi-berel-hohenassel-a-baddeckenstedtzum-13-04-2026","status":"publish","type":"post","link":"https:\/\/vb-bachstein.de\/salzgitter\/cs\/linie-658-fahrplananpassungen-zwischen-berel-hohenassel-und-baddeckenstedtzum-13-04-2026\/","title":{"rendered":"Linka 658 | \u00daprava j\u00edzdn\u00edho \u0159\u00e1du mezi Berlem, Hohenasselem a Baddeckenstedtzumem: 13.04.2026"},"content":{"rendered":"<p data-start=\"42\" data-end=\"311\">Na <strong data-start=\"46\" data-end=\"64\">13. dubna 2026<\/strong> prov\u00e1d\u00edme drobn\u00e9 \u00fapravy j\u00edzdn\u00edho \u0159\u00e1du u n\u011bkter\u00fdch j\u00edzd. D\u016fvodem je oprava polohy zast\u00e1vek a \u00faprava tras v n\u011bkter\u00fdch m\u00edstech. V d\u016fsledku toho se m\u00edrn\u011b zm\u011bn\u00ed n\u011bkter\u00e9 \u010dasy odjezd\u016f a p\u0159\u00edjezd\u016f.<\/p>\n<h3 data-section-id=\"1e93qr5\" data-start=\"313\" data-end=\"352\">Adaptace Berel, Ort stop<\/h3>\n<p data-section-id=\"1e93qr5\" data-start=\"313\" data-end=\"352\">Trasa v <strong data-start=\"502\" data-end=\"511\">Berel<\/strong> bude p\u0159izp\u016fsobena m\u00edstn\u00edm podm\u00ednk\u00e1m; nov\u00e1 trasa prodlou\u017e\u00ed dobu j\u00edzdy na n\u011bkter\u00fdch tras\u00e1ch p\u0159ibli\u017en\u011b o 2 hodiny. <strong data-start=\"630\" data-end=\"645\">jedna minuta<\/strong>.<\/p>\n<h3 data-section-id=\"vlubtx\" data-start=\"648\" data-end=\"678\">\u00dapravy tras<\/h3>\n<p data-start=\"679\" data-end=\"740\">Trasa bude upravena tak\u00e9 v n\u00e1sleduj\u00edc\u00edch m\u00edstech:<\/p>\n<ul data-start=\"741\" data-end=\"788\">\n<li data-section-id=\"1pfuwqs\" data-start=\"741\" data-end=\"757\">\n<p data-start=\"743\" data-end=\"757\"><strong data-start=\"743\" data-end=\"757\">Hohenassel<\/strong><\/p>\n<\/li>\n<li data-section-id=\"1khw4yo\" data-start=\"758\" data-end=\"775\">\n<p data-start=\"760\" data-end=\"775\"><strong data-start=\"760\" data-end=\"775\">Westerlinde<\/strong><\/p>\n<\/li>\n<li data-section-id=\"dwkev2\" data-start=\"776\" data-end=\"788\">\n<p data-start=\"778\" data-end=\"788\"><strong data-start=\"778\" data-end=\"788\">Vazba<\/strong><\/p>\n<\/li>\n<\/ul>\n<p data-start=\"790\" data-end=\"890\">Na adrese <strong data-start=\"793\" data-end=\"808\">Westerlinde<\/strong> doba j\u00edzdy p\u0159i jednotliv\u00fdch j\u00edzd\u00e1ch se m\u016f\u017ee zkr\u00e1tit p\u0159ibli\u017en\u011b o. <strong data-start=\"862\" data-end=\"878\">dv\u011b minuty<\/strong> roz\u0161\u00ed\u0159it.<\/p>\n<p data-start=\"934\" data-end=\"1141\">Autobusov\u00e1 zast\u00e1vka <strong data-start=\"950\" data-end=\"967\">Nordassel\/Place<\/strong> bude v budoucnu <strong data-start=\"981\" data-end=\"1030\">p\u0159ed zast\u00e1vkou Burgdorf (WF) \/ fara<\/strong> slou\u017eil.<br data-start=\"1039\" data-end=\"1042\" \/>To znamen\u00e1, \u017ee trasa bude v budoucnu odpov\u00eddat skute\u010dn\u00e9 trase.<\/p>\n<h3 data-section-id=\"h526xn\" data-start=\"1143\" data-end=\"1172\">Upraven\u00e9 \u010dasy odjezd\u016f<\/h3>\n<p data-start=\"1173\" data-end=\"1432\">U n\u00e1sleduj\u00edc\u00edch j\u00edzd se \u010dasy odjezd\u016f pohybuj\u00ed v rozmez\u00ed 1-3 minut. <strong>p\u0159edlo\u017eeny:<\/strong><\/p>\n<ul>\n<li data-start=\"1173\" data-end=\"1432\"><strong data-start=\"1327\" data-end=\"1376\">6.01 hod. od Berel, m\u011bsto<\/strong><\/li>\n<li data-start=\"1173\" data-end=\"1432\"><strong data-start=\"1327\" data-end=\"1376\">6.47 hod. od Berel, m\u011bsto<\/strong><\/li>\n<li data-start=\"1173\" data-end=\"1432\"><strong data-start=\"1327\" data-end=\"1376\">7.33 hod. od Berel, m\u011bsto<\/strong><\/li>\n<li data-start=\"1173\" data-end=\"1432\"><strong data-start=\"1327\" data-end=\"1376\">7.43 hod. z Westerlinde, Ort<\/strong><\/li>\n<li data-start=\"1173\" data-end=\"1432\"><strong>13.44 od Berel, m\u011bsto<\/strong><\/li>\n<\/ul>\n<p data-start=\"1668\" data-end=\"1868\" data-is-last-node=\"\" data-is-only-node=\"\"><strong data-start=\"1700\" data-end=\"1766\">Vezm\u011bte pros\u00edm na v\u011bdom\u00ed, \u017ee od 13. dubna 2026 budou platit n\u00e1sleduj\u00edc\u00ed pravidla <a href=\"https:\/\/vb-bachstein.de\/salzgitter\/wp-content\/uploads\/sites\/14\/658_260413_FP.pdf\" target=\"_blank\" rel=\"noopener\">J\u00edzdn\u00ed \u0159\u00e1d<\/a><\/strong><\/p>","protected":false},"excerpt":{"rendered":"<p>Od 13. dubna 2026 provedeme drobn\u00e9 \u00fapravy j\u00edzdn\u00edho \u0159\u00e1du u n\u011bkter\u00fdch j\u00edzd. D\u016fvodem je oprava polohy zast\u00e1vek a \u00faprava tras v n\u011bkter\u00fdch lokalit\u00e1ch. V d\u016fsledku toho se m\u00edrn\u011b zm\u011bn\u00ed n\u011bkter\u00e9 \u010dasy odjezd\u016f a p\u0159\u00edjezd\u016f. \u00daprava zast\u00e1vky Berel, Ort Trasa v Berelu bude upravena podle m\u00edstn\u00edch podm\u00ednek; nov\u00e1 trasa prodlou\u017e\u00ed j\u00edzdn\u00ed dobu u n\u011bkter\u00fdch j\u00edzd p\u0159ibli\u017en\u011b o jednu minutu. \u00dapravy trasy Trasa bude upravena tak\u00e9 v n\u00e1sleduj\u00edc\u00edch m\u00edstech: Hohenassel Westerlinde Binder Ve Westerlinde se m\u016f\u017ee doba j\u00edzdy u n\u011bkter\u00fdch j\u00edzd prodlou\u017eit p\u0159ibli\u017en\u011b o dv\u011b minuty. V budoucnu bude zast\u00e1vka Nordassel\/Ort obsluhov\u00e1na p\u0159ed zast\u00e1vkou Burgdorf (WF)\/Pfarrhaus, co\u017e znamen\u00e1, \u017ee trasa bude v budoucnu odpov\u00eddat skute\u010dn\u00e9 trase. Upraven\u00e9 \u010dasy odjezd\u016f \u010casy odjezd\u016f n\u00e1sleduj\u00edc\u00edch j\u00edzd budou posunuty o 1-3 minuty: 6.01 hod. z Berelu, Ort 6.47 hod. z Berelu, Ort 7.33 hod. z Berelu, Ort 7.43 hod. z Westerlinde, Ort 13.44 hod. z Berelu, Ort Upozor\u0148ujeme na j\u00edzdn\u00ed \u0159\u00e1d platn\u00fd od 13. dubna 2026.<\/p>","protected":false},"author":6,"featured_media":4003,"comment_status":"open","ping_status":"open","sticky":false,"template":"","format":"standard","meta":{"footnotes":""},"categories":[33,1],"tags":[],"class_list":["post-3403","post","type-post","status-publish","format-standard","has-post-thumbnail","hentry","category-fahrplanabweichungen","category-news"],"yoast_head":"<!-- This site is optimized with the Yoast SEO plugin v27.4 - https:\/\/yoast.com\/product\/yoast-seo-wordpress\/ -->\n<title>Linie 658 | Fahrplananpassungen zwischen Berel, Hohenassel und Baddeckenstedtzum: 13.04.2026 - VB-Salzgitter<\/title>\n<meta name=\"robots\" content=\"index, follow, max-snippet:-1, max-image-preview:large, max-video-preview:-1\" \/>\n<link rel=\"canonical\" href=\"https:\/\/vb-bachstein.de\/salzgitter\/uprava-jizdniho-radu-linky-658-mezi-berel-hohenassel-a-baddeckenstedtzum-13-04-2026\/\" \/>\n<meta property=\"og:locale\" content=\"cs_CZ\" \/>\n<meta property=\"og:type\" content=\"article\" \/>\n<meta property=\"og:title\" content=\"Linie 658 | Fahrplananpassungen zwischen Berel, Hohenassel und Baddeckenstedtzum: 13.04.2026 - VB-Salzgitter\" \/>\n<meta property=\"og:description\" content=\"Zum 13. April 2026 nehmen wir bei einigen Fahrten kleinere Anpassungen im Fahrplan vor. Hintergrund sind korrigierte Haltestellenpositionen sowie angepasste Linienwege in einigen Orten. Dadurch ver\u00e4ndern sich teilweise Abfahrts- und Ankunftszeiten geringf\u00fcgig. Anpassung der Haltestelle Berel, Ort Der Linienweg in Berel wird den \u00f6rtlichen Gegebenheiten angepasst, durch den neuen Fahrweg verl\u00e4ngert sich die Fahrzeit auf einigen Fahrten um etwa eine Minute. Anpassungen der Linienwege Die Linienf\u00fchrung wird au\u00dferdem in folgenden Orten angepasst: Hohenassel Westerlinde Binder In Westerlinde kann sich die Fahrzeit auf einzelnen Fahrten um etwa zwei Minuten verl\u00e4ngern. Die Haltestelle Nordassel\/Ort wird k\u00fcnftig vor der Haltestelle Burgdorf (WF) \/ Pfarrhaus bedient.Damit entspricht die Linienf\u00fchrung k\u00fcnftig dem tats\u00e4chlichen Fahrweg. Angepasste Abfahrtszeiten Bei den folgenden Fahrten werden die Abfahrtszeiten zwischen 1\u20133 Minuten vorverlegt: 6.01 Uhr ab Berel, Ort 6.47 Uhr ab Berel, Ort 7.33 Uhr ab Berel, Ort 7.43 Uhr ab Westerlinde, Ort 13.44 Uhr ab Berel, Ort Bitte beachte den ab dem 13. April 2026 geltenden Fahrplan\" \/>\n<meta property=\"og:url\" content=\"https:\/\/vb-bachstein.de\/salzgitter\/uprava-jizdniho-radu-linky-658-mezi-berel-hohenassel-a-baddeckenstedtzum-13-04-2026\/\" \/>\n<meta property=\"og:site_name\" content=\"VB-Salzgitter\" \/>\n<meta property=\"article:published_time\" content=\"2026-03-09T11:39:27+00:00\" \/>\n<meta property=\"article:modified_time\" content=\"2026-04-09T09:31:58+00:00\" \/>\n<meta name=\"author\" content=\"peters\" \/>\n<meta name=\"twitter:card\" content=\"summary_large_image\" \/>\n<meta name=\"twitter:label1\" content=\"Napsal(a)\" \/>\n\t<meta name=\"twitter:data1\" content=\"peters\" \/>\n\t<meta name=\"twitter:label2\" content=\"Odhadovan\u00e1 doba \u010dten\u00ed\" \/>\n\t<meta name=\"twitter:data2\" content=\"2 minuty\" \/>\n<script type=\"application\/ld+json\" class=\"yoast-schema-graph\">{\"@context\":\"https:\\\/\\\/schema.org\",\"@graph\":[{\"@type\":\"Article\",\"@id\":\"https:\\\/\\\/vb-bachstein.de\\\/salzgitter\\\/linie-658-fahrplananpassungen-zwischen-berel-hohenassel-und-baddeckenstedtzum-13-04-2026\\\/#article\",\"isPartOf\":{\"@id\":\"https:\\\/\\\/vb-bachstein.de\\\/salzgitter\\\/linie-658-fahrplananpassungen-zwischen-berel-hohenassel-und-baddeckenstedtzum-13-04-2026\\\/\"},\"author\":{\"name\":\"peters\",\"@id\":\"https:\\\/\\\/vb-bachstein.de\\\/salzgitter\\\/#\\\/schema\\\/person\\\/a751b88c01dcbf14a5413f0808dacb67\"},\"headline\":\"Linie 658 | Fahrplananpassungen zwischen Berel, Hohenassel und Baddeckenstedtzum: 13.04.2026\",\"datePublished\":\"2026-03-09T11:39:27+00:00\",\"dateModified\":\"2026-04-09T09:31:58+00:00\",\"mainEntityOfPage\":{\"@id\":\"https:\\\/\\\/vb-bachstein.de\\\/salzgitter\\\/linie-658-fahrplananpassungen-zwischen-berel-hohenassel-und-baddeckenstedtzum-13-04-2026\\\/\"},\"wordCount\":165,\"commentCount\":0,\"publisher\":{\"@id\":\"https:\\\/\\\/vb-bachstein.de\\\/salzgitter\\\/#organization\"},\"image\":{\"@id\":\"https:\\\/\\\/vb-bachstein.de\\\/salzgitter\\\/linie-658-fahrplananpassungen-zwischen-berel-hohenassel-und-baddeckenstedtzum-13-04-2026\\\/#primaryimage\"},\"thumbnailUrl\":\"https:\\\/\\\/vb-bachstein.de\\\/salzgitter\\\/wp-content\\\/uploads\\\/sites\\\/14\\\/header-subsite_stoerungen-vb.jpg\",\"articleSection\":[\"Fahrplanabweichungen\",\"News\"],\"inLanguage\":\"cs\",\"potentialAction\":[{\"@type\":\"CommentAction\",\"name\":\"Comment\",\"target\":[\"https:\\\/\\\/vb-bachstein.de\\\/salzgitter\\\/linie-658-fahrplananpassungen-zwischen-berel-hohenassel-und-baddeckenstedtzum-13-04-2026\\\/#respond\"]}]},{\"@type\":\"WebPage\",\"@id\":\"https:\\\/\\\/vb-bachstein.de\\\/salzgitter\\\/linie-658-fahrplananpassungen-zwischen-berel-hohenassel-und-baddeckenstedtzum-13-04-2026\\\/\",\"url\":\"https:\\\/\\\/vb-bachstein.de\\\/salzgitter\\\/linie-658-fahrplananpassungen-zwischen-berel-hohenassel-und-baddeckenstedtzum-13-04-2026\\\/\",\"name\":\"Linie 658 | Fahrplananpassungen zwischen Berel, Hohenassel und Baddeckenstedtzum: 13.04.2026 - VB-Salzgitter\",\"isPartOf\":{\"@id\":\"https:\\\/\\\/vb-bachstein.de\\\/salzgitter\\\/#website\"},\"primaryImageOfPage\":{\"@id\":\"https:\\\/\\\/vb-bachstein.de\\\/salzgitter\\\/linie-658-fahrplananpassungen-zwischen-berel-hohenassel-und-baddeckenstedtzum-13-04-2026\\\/#primaryimage\"},\"image\":{\"@id\":\"https:\\\/\\\/vb-bachstein.de\\\/salzgitter\\\/linie-658-fahrplananpassungen-zwischen-berel-hohenassel-und-baddeckenstedtzum-13-04-2026\\\/#primaryimage\"},\"thumbnailUrl\":\"https:\\\/\\\/vb-bachstein.de\\\/salzgitter\\\/wp-content\\\/uploads\\\/sites\\\/14\\\/header-subsite_stoerungen-vb.jpg\",\"datePublished\":\"2026-03-09T11:39:27+00:00\",\"dateModified\":\"2026-04-09T09:31:58+00:00\",\"breadcrumb\":{\"@id\":\"https:\\\/\\\/vb-bachstein.de\\\/salzgitter\\\/linie-658-fahrplananpassungen-zwischen-berel-hohenassel-und-baddeckenstedtzum-13-04-2026\\\/#breadcrumb\"},\"inLanguage\":\"cs\",\"potentialAction\":[{\"@type\":\"ReadAction\",\"target\":[\"https:\\\/\\\/vb-bachstein.de\\\/salzgitter\\\/linie-658-fahrplananpassungen-zwischen-berel-hohenassel-und-baddeckenstedtzum-13-04-2026\\\/\"]}]},{\"@type\":\"ImageObject\",\"inLanguage\":\"cs\",\"@id\":\"https:\\\/\\\/vb-bachstein.de\\\/salzgitter\\\/linie-658-fahrplananpassungen-zwischen-berel-hohenassel-und-baddeckenstedtzum-13-04-2026\\\/#primaryimage\",\"url\":\"https:\\\/\\\/vb-bachstein.de\\\/salzgitter\\\/wp-content\\\/uploads\\\/sites\\\/14\\\/header-subsite_stoerungen-vb.jpg\",\"contentUrl\":\"https:\\\/\\\/vb-bachstein.de\\\/salzgitter\\\/wp-content\\\/uploads\\\/sites\\\/14\\\/header-subsite_stoerungen-vb.jpg\"},{\"@type\":\"BreadcrumbList\",\"@id\":\"https:\\\/\\\/vb-bachstein.de\\\/salzgitter\\\/linie-658-fahrplananpassungen-zwischen-berel-hohenassel-und-baddeckenstedtzum-13-04-2026\\\/#breadcrumb\",\"itemListElement\":[{\"@type\":\"ListItem\",\"position\":1,\"name\":\"Startseite\",\"item\":\"https:\\\/\\\/vb-bachstein.de\\\/salzgitter\\\/\"},{\"@type\":\"ListItem\",\"position\":2,\"name\":\"Linie 658 | Fahrplananpassungen zwischen Berel, Hohenassel und Baddeckenstedtzum: 13.04.2026\"}]},{\"@type\":\"WebSite\",\"@id\":\"https:\\\/\\\/vb-bachstein.de\\\/salzgitter\\\/#website\",\"url\":\"https:\\\/\\\/vb-bachstein.de\\\/salzgitter\\\/\",\"name\":\"VB-Salzgitter\",\"description\":\"\",\"publisher\":{\"@id\":\"https:\\\/\\\/vb-bachstein.de\\\/salzgitter\\\/#organization\"},\"potentialAction\":[{\"@type\":\"SearchAction\",\"target\":{\"@type\":\"EntryPoint\",\"urlTemplate\":\"https:\\\/\\\/vb-bachstein.de\\\/salzgitter\\\/?s={search_term_string}\"},\"query-input\":{\"@type\":\"PropertyValueSpecification\",\"valueRequired\":true,\"valueName\":\"search_term_string\"}}],\"inLanguage\":\"cs\"},{\"@type\":\"Organization\",\"@id\":\"https:\\\/\\\/vb-bachstein.de\\\/salzgitter\\\/#organization\",\"name\":\"VB-Salzgitter\",\"url\":\"https:\\\/\\\/vb-bachstein.de\\\/salzgitter\\\/\",\"logo\":{\"@type\":\"ImageObject\",\"inLanguage\":\"cs\",\"@id\":\"https:\\\/\\\/vb-bachstein.de\\\/salzgitter\\\/#\\\/schema\\\/logo\\\/image\\\/\",\"url\":\"https:\\\/\\\/vb-bachstein.de\\\/salzgitter\\\/wp-content\\\/uploads\\\/sites\\\/14\\\/Bachstein_Logo.png\",\"contentUrl\":\"https:\\\/\\\/vb-bachstein.de\\\/salzgitter\\\/wp-content\\\/uploads\\\/sites\\\/14\\\/Bachstein_Logo.png\",\"width\":1966,\"height\":293,\"caption\":\"VB-Salzgitter\"},\"image\":{\"@id\":\"https:\\\/\\\/vb-bachstein.de\\\/salzgitter\\\/#\\\/schema\\\/logo\\\/image\\\/\"}},{\"@type\":\"Person\",\"@id\":\"https:\\\/\\\/vb-bachstein.de\\\/salzgitter\\\/#\\\/schema\\\/person\\\/a751b88c01dcbf14a5413f0808dacb67\",\"name\":\"peters\",\"image\":{\"@type\":\"ImageObject\",\"inLanguage\":\"cs\",\"@id\":\"https:\\\/\\\/secure.gravatar.com\\\/avatar\\\/9c3605722559827488fe70366f5a76c8bb200aca3e281d85f4011ea07a22d91d?s=96&d=mm&r=g\",\"url\":\"https:\\\/\\\/secure.gravatar.com\\\/avatar\\\/9c3605722559827488fe70366f5a76c8bb200aca3e281d85f4011ea07a22d91d?s=96&d=mm&r=g\",\"contentUrl\":\"https:\\\/\\\/secure.gravatar.com\\\/avatar\\\/9c3605722559827488fe70366f5a76c8bb200aca3e281d85f4011ea07a22d91d?s=96&d=mm&r=g\",\"caption\":\"peters\"},\"url\":\"https:\\\/\\\/vb-bachstein.de\\\/salzgitter\\\/cs\\\/author\\\/peters\\\/\"}]}<\/script>\n<!-- \/ Yoast SEO plugin. -->","yoast_head_json":{"title":"Linka 658 | \u00dapravy j\u00edzdn\u00edho \u0159\u00e1du mezi Berel, Hohenassel a Baddeckenstedtzum: 13.04.2026 - VB-Salzgitter","robots":{"index":"index","follow":"follow","max-snippet":"max-snippet:-1","max-image-preview":"max-image-preview:large","max-video-preview":"max-video-preview:-1"},"canonical":"https:\/\/vb-bachstein.de\/salzgitter\/uprava-jizdniho-radu-linky-658-mezi-berel-hohenassel-a-baddeckenstedtzum-13-04-2026\/","og_locale":"cs_CZ","og_type":"article","og_title":"Linie 658 | Fahrplananpassungen zwischen Berel, Hohenassel und Baddeckenstedtzum: 13.04.2026 - VB-Salzgitter","og_description":"Zum 13. April 2026 nehmen wir bei einigen Fahrten kleinere Anpassungen im Fahrplan vor. Hintergrund sind korrigierte Haltestellenpositionen sowie angepasste Linienwege in einigen Orten. Dadurch ver\u00e4ndern sich teilweise Abfahrts- und Ankunftszeiten geringf\u00fcgig. Anpassung der Haltestelle Berel, Ort Der Linienweg in Berel wird den \u00f6rtlichen Gegebenheiten angepasst, durch den neuen Fahrweg verl\u00e4ngert sich die Fahrzeit auf einigen Fahrten um etwa eine Minute. Anpassungen der Linienwege Die Linienf\u00fchrung wird au\u00dferdem in folgenden Orten angepasst: Hohenassel Westerlinde Binder In Westerlinde kann sich die Fahrzeit auf einzelnen Fahrten um etwa zwei Minuten verl\u00e4ngern. Die Haltestelle Nordassel\/Ort wird k\u00fcnftig vor der Haltestelle Burgdorf (WF) \/ Pfarrhaus bedient.Damit entspricht die Linienf\u00fchrung k\u00fcnftig dem tats\u00e4chlichen Fahrweg. Angepasste Abfahrtszeiten Bei den folgenden Fahrten werden die Abfahrtszeiten zwischen 1\u20133 Minuten vorverlegt: 6.01 Uhr ab Berel, Ort 6.47 Uhr ab Berel, Ort 7.33 Uhr ab Berel, Ort 7.43 Uhr ab Westerlinde, Ort 13.44 Uhr ab Berel, Ort Bitte beachte den ab dem 13. April 2026 geltenden Fahrplan","og_url":"https:\/\/vb-bachstein.de\/salzgitter\/uprava-jizdniho-radu-linky-658-mezi-berel-hohenassel-a-baddeckenstedtzum-13-04-2026\/","og_site_name":"VB-Salzgitter","article_published_time":"2026-03-09T11:39:27+00:00","article_modified_time":"2026-04-09T09:31:58+00:00","author":"peters","twitter_card":"summary_large_image","twitter_misc":{"Napsal(a)":"peters","Odhadovan\u00e1 doba \u010dten\u00ed":"2 minuty"},"schema":{"@context":"https:\/\/schema.org","@graph":[{"@type":"Article","@id":"https:\/\/vb-bachstein.de\/salzgitter\/linie-658-fahrplananpassungen-zwischen-berel-hohenassel-und-baddeckenstedtzum-13-04-2026\/#article","isPartOf":{"@id":"https:\/\/vb-bachstein.de\/salzgitter\/linie-658-fahrplananpassungen-zwischen-berel-hohenassel-und-baddeckenstedtzum-13-04-2026\/"},"author":{"name":"peters","@id":"https:\/\/vb-bachstein.de\/salzgitter\/#\/schema\/person\/a751b88c01dcbf14a5413f0808dacb67"},"headline":"Linie 658 | Fahrplananpassungen zwischen Berel, Hohenassel und Baddeckenstedtzum: 13.04.2026","datePublished":"2026-03-09T11:39:27+00:00","dateModified":"2026-04-09T09:31:58+00:00","mainEntityOfPage":{"@id":"https:\/\/vb-bachstein.de\/salzgitter\/linie-658-fahrplananpassungen-zwischen-berel-hohenassel-und-baddeckenstedtzum-13-04-2026\/"},"wordCount":165,"commentCount":0,"publisher":{"@id":"https:\/\/vb-bachstein.de\/salzgitter\/#organization"},"image":{"@id":"https:\/\/vb-bachstein.de\/salzgitter\/linie-658-fahrplananpassungen-zwischen-berel-hohenassel-und-baddeckenstedtzum-13-04-2026\/#primaryimage"},"thumbnailUrl":"https:\/\/vb-bachstein.de\/salzgitter\/wp-content\/uploads\/sites\/14\/header-subsite_stoerungen-vb.jpg","articleSection":["Fahrplanabweichungen","News"],"inLanguage":"cs","potentialAction":[{"@type":"CommentAction","name":"Comment","target":["https:\/\/vb-bachstein.de\/salzgitter\/linie-658-fahrplananpassungen-zwischen-berel-hohenassel-und-baddeckenstedtzum-13-04-2026\/#respond"]}]},{"@type":"WebPage","@id":"https:\/\/vb-bachstein.de\/salzgitter\/linie-658-fahrplananpassungen-zwischen-berel-hohenassel-und-baddeckenstedtzum-13-04-2026\/","url":"https:\/\/vb-bachstein.de\/salzgitter\/linie-658-fahrplananpassungen-zwischen-berel-hohenassel-und-baddeckenstedtzum-13-04-2026\/","name":"Linka 658 | \u00dapravy j\u00edzdn\u00edho \u0159\u00e1du mezi Berel, Hohenassel a Baddeckenstedtzum: 13.04.2026 - VB-Salzgitter","isPartOf":{"@id":"https:\/\/vb-bachstein.de\/salzgitter\/#website"},"primaryImageOfPage":{"@id":"https:\/\/vb-bachstein.de\/salzgitter\/linie-658-fahrplananpassungen-zwischen-berel-hohenassel-und-baddeckenstedtzum-13-04-2026\/#primaryimage"},"image":{"@id":"https:\/\/vb-bachstein.de\/salzgitter\/linie-658-fahrplananpassungen-zwischen-berel-hohenassel-und-baddeckenstedtzum-13-04-2026\/#primaryimage"},"thumbnailUrl":"https:\/\/vb-bachstein.de\/salzgitter\/wp-content\/uploads\/sites\/14\/header-subsite_stoerungen-vb.jpg","datePublished":"2026-03-09T11:39:27+00:00","dateModified":"2026-04-09T09:31:58+00:00","breadcrumb":{"@id":"https:\/\/vb-bachstein.de\/salzgitter\/linie-658-fahrplananpassungen-zwischen-berel-hohenassel-und-baddeckenstedtzum-13-04-2026\/#breadcrumb"},"inLanguage":"cs","potentialAction":[{"@type":"ReadAction","target":["https:\/\/vb-bachstein.de\/salzgitter\/linie-658-fahrplananpassungen-zwischen-berel-hohenassel-und-baddeckenstedtzum-13-04-2026\/"]}]},{"@type":"ImageObject","inLanguage":"cs","@id":"https:\/\/vb-bachstein.de\/salzgitter\/linie-658-fahrplananpassungen-zwischen-berel-hohenassel-und-baddeckenstedtzum-13-04-2026\/#primaryimage","url":"https:\/\/vb-bachstein.de\/salzgitter\/wp-content\/uploads\/sites\/14\/header-subsite_stoerungen-vb.jpg","contentUrl":"https:\/\/vb-bachstein.de\/salzgitter\/wp-content\/uploads\/sites\/14\/header-subsite_stoerungen-vb.jpg"},{"@type":"BreadcrumbList","@id":"https:\/\/vb-bachstein.de\/salzgitter\/linie-658-fahrplananpassungen-zwischen-berel-hohenassel-und-baddeckenstedtzum-13-04-2026\/#breadcrumb","itemListElement":[{"@type":"ListItem","position":1,"name":"Startseite","item":"https:\/\/vb-bachstein.de\/salzgitter\/"},{"@type":"ListItem","position":2,"name":"Linie 658 | Fahrplananpassungen zwischen Berel, Hohenassel und Baddeckenstedtzum: 13.04.2026"}]},{"@type":"WebSite","@id":"https:\/\/vb-bachstein.de\/salzgitter\/#website","url":"https:\/\/vb-bachstein.de\/salzgitter\/","name":"M\u0159\u00ed\u017eka soli VB","description":"","publisher":{"@id":"https:\/\/vb-bachstein.de\/salzgitter\/#organization"},"potentialAction":[{"@type":"SearchAction","target":{"@type":"EntryPoint","urlTemplate":"https:\/\/vb-bachstein.de\/salzgitter\/?s={search_term_string}"},"query-input":{"@type":"PropertyValueSpecification","valueRequired":true,"valueName":"search_term_string"}}],"inLanguage":"cs"},{"@type":"Organization","@id":"https:\/\/vb-bachstein.de\/salzgitter\/#organization","name":"M\u0159\u00ed\u017eka soli VB","url":"https:\/\/vb-bachstein.de\/salzgitter\/","logo":{"@type":"ImageObject","inLanguage":"cs","@id":"https:\/\/vb-bachstein.de\/salzgitter\/#\/schema\/logo\/image\/","url":"https:\/\/vb-bachstein.de\/salzgitter\/wp-content\/uploads\/sites\/14\/Bachstein_Logo.png","contentUrl":"https:\/\/vb-bachstein.de\/salzgitter\/wp-content\/uploads\/sites\/14\/Bachstein_Logo.png","width":1966,"height":293,"caption":"VB-Salzgitter"},"image":{"@id":"https:\/\/vb-bachstein.de\/salzgitter\/#\/schema\/logo\/image\/"}},{"@type":"Person","@id":"https:\/\/vb-bachstein.de\/salzgitter\/#\/schema\/person\/a751b88c01dcbf14a5413f0808dacb67","name":"peters","image":{"@type":"ImageObject","inLanguage":"cs","@id":"https:\/\/secure.gravatar.com\/avatar\/9c3605722559827488fe70366f5a76c8bb200aca3e281d85f4011ea07a22d91d?s=96&d=mm&r=g","url":"https:\/\/secure.gravatar.com\/avatar\/9c3605722559827488fe70366f5a76c8bb200aca3e281d85f4011ea07a22d91d?s=96&d=mm&r=g","contentUrl":"https:\/\/secure.gravatar.com\/avatar\/9c3605722559827488fe70366f5a76c8bb200aca3e281d85f4011ea07a22d91d?s=96&d=mm&r=g","caption":"peters"},"url":"https:\/\/vb-bachstein.de\/salzgitter\/cs\/author\/peters\/"}]}},"_links":{"self":[{"href":"https:\/\/vb-bachstein.de\/salzgitter\/cs\/wp-json\/wp\/v2\/posts\/3403","targetHints":{"allow":["GET"]}}],"collection":[{"href":"https:\/\/vb-bachstein.de\/salzgitter\/cs\/wp-json\/wp\/v2\/posts"}],"about":[{"href":"https:\/\/vb-bachstein.de\/salzgitter\/cs\/wp-json\/wp\/v2\/types\/post"}],"author":[{"embeddable":true,"href":"https:\/\/vb-bachstein.de\/salzgitter\/cs\/wp-json\/wp\/v2\/users\/6"}],"replies":[{"embeddable":true,"href":"https:\/\/vb-bachstein.de\/salzgitter\/cs\/wp-json\/wp\/v2\/comments?post=3403"}],"version-history":[{"count":0,"href":"https:\/\/vb-bachstein.de\/salzgitter\/cs\/wp-json\/wp\/v2\/posts\/3403\/revisions"}],"wp:featuredmedia":[{"embeddable":true,"href":"https:\/\/vb-bachstein.de\/salzgitter\/cs\/wp-json\/"}],"wp:attachment":[{"href":"https:\/\/vb-bachstein.de\/salzgitter\/cs\/wp-json\/wp\/v2\/media?parent=3403"}],"wp:term":[{"taxonomy":"category","embeddable":true,"href":"https:\/\/vb-bachstein.de\/salzgitter\/cs\/wp-json\/wp\/v2\/categories?post=3403"},{"taxonomy":"post_tag","embeddable":true,"href":"https:\/\/vb-bachstein.de\/salzgitter\/cs\/wp-json\/wp\/v2\/tags?post=3403"}],"curies":[{"name":"wp","href":"https:\/\/api.w.org\/{rel}","templated":true}]}}