{"id":3374,"date":"2025-12-11T10:38:05","date_gmt":"2025-12-11T09:38:05","guid":{"rendered":"https:\/\/vb-bachstein.de\/salzgitter\/?p=3374"},"modified":"2025-12-11T15:21:03","modified_gmt":"2025-12-11T14:21:03","slug":"uzavirka-linky-656-l498-mezi-ringelheimem-a-sehlde-od-14-8-2025-do-odvolani","status":"publish","type":"post","link":"https:\/\/vb-bachstein.de\/salzgitter\/cs\/linie-656-sperrung-l498-zwischen-ringelheim-und-sehlde-ab-14-08-2025-bis-auf-weiteres\/","title":{"rendered":"Uzav\u00edrka linky 656 | L498 mezi Ringelheimem a Sehlde: od 14.8.2025 do odvol\u00e1n\u00ed"},"content":{"rendered":"<p>Z d\u016fvodu uzav\u00edrky silnice L498 v oblasti k\u0159i\u017eovatky Banh na konci Ringelheimu ve sm\u011bru na Sehlde bude trasa 656 oboustrann\u011b odklon\u011bna p\u0159es Alt Wallmoden do Sehlde. L498 bude uzav\u0159ena na dobu neur\u010ditou. Aby byla zachov\u00e1na \u0161koln\u00ed doprava v S\u00f6derhofu, budou v\u0161echny cesty souvisej\u00edc\u00ed se \u0161kolou do a ze S\u00f6derhofu vedeny p\u0159es Sehlde.<\/p>\n<p>Tyto zast\u00e1vky nelze b\u011bhem stavebn\u00edch prac\u00ed obsluhovat:<\/p>\n<ul class=\"icons\">\n<li>S\u00f6derhof (krom\u011b \u0161koln\u00edch v\u00fdlet\u016f)<\/li>\n<li>Sehlde, Auf der Laake<\/li>\n<li>Sehlde, Hubertusstra\u00dfe<\/li>\n<li>Sehlde, centrum m\u011bsta<\/li>\n<li>SZ Ringelheim, Goslarsche Stra\u00dfe sm\u011brem na Baddeckenstedt<\/li>\n<\/ul>\n<p><a href=\"https:\/\/vb-bachstein.de\/salzgitter\/jizdni-plany\/\">Kliknut\u00edm sem z\u00edsk\u00e1te rozvrh hodin<\/a><\/p>","protected":false},"excerpt":{"rendered":"<p>Z d\u016fvodu uzav\u00edrky silnice L498 v oblasti k\u0159i\u017eovatky Banh na konci Ringelheimu ve sm\u011bru na Sehlde bude trasa 656 oboustrann\u011b odklon\u011bna p\u0159es Alt Wallmoden do Sehlde. Uzav\u00edrka silnice L498 je \u010dasov\u011b neomezen\u00e1. V z\u00e1jmu zachov\u00e1n\u00ed \u0161koln\u00ed dopravy v S\u00f6derhofu budou v\u0161echny cesty souvisej\u00edc\u00ed se \u0161kolou do a ze S\u00f6derhofu vedeny p\u0159es Sehlde. Tyto zast\u00e1vky nemohou b\u00fdt b\u011bhem stavebn\u00edch prac\u00ed obsluhov\u00e1ny: S\u00f6derhof (krom\u011b \u0161koln\u00edch j\u00edzd) Sehlde, Auf der Laake Sehlde, Hubertusstra\u00dfe Sehlde, centrum m\u011bsta SZ Ringelheim, Goslarsche Stra\u00dfe ve sm\u011bru Baddeckenstedt Klikn\u011bte zde pro j\u00edzdn\u00ed \u0159\u00e1d.<\/p>","protected":false},"author":4,"featured_media":4003,"comment_status":"open","ping_status":"open","sticky":false,"template":"","format":"standard","meta":{"footnotes":""},"categories":[33],"tags":[],"class_list":["post-3374","post","type-post","status-publish","format-standard","has-post-thumbnail","hentry","category-fahrplanabweichungen"],"yoast_head":"<!-- This site is optimized with the Yoast SEO plugin v27.4 - https:\/\/yoast.com\/product\/yoast-seo-wordpress\/ -->\n<title>Linie 656 | Sperrung L498, zwischen Ringelheim und Sehlde: ab 14.08.2025 bis auf Weiteres - VB-Salzgitter<\/title>\n<meta name=\"robots\" content=\"index, follow, max-snippet:-1, max-image-preview:large, max-video-preview:-1\" \/>\n<link rel=\"canonical\" href=\"https:\/\/vb-bachstein.de\/salzgitter\/uzavirka-linky-656-l498-mezi-ringelheimem-a-sehlde-od-14-8-2025-do-odvolani\/\" \/>\n<meta property=\"og:locale\" content=\"cs_CZ\" \/>\n<meta property=\"og:type\" content=\"article\" \/>\n<meta property=\"og:title\" content=\"Linie 656 | Sperrung L498, zwischen Ringelheim und Sehlde: ab 14.08.2025 bis auf Weiteres - VB-Salzgitter\" \/>\n<meta property=\"og:description\" content=\"Aufgrund der Sperrung der L498 im Bereich des Banh\u00fcbergangs am Ortsausgang Ringelheim in Richtung Sehlde, wird die Linie 656 beidseitig \u00fcber Alt Wallmoden nach Sehlde umgeleitet. Die Sperrung der L498 erfolgt auf unbestimmte Zeit. Um die Sch\u00fclerbef\u00f6rderung in S\u00f6derhof aufrecht zu erhalten, erfolgen alle schulrelevanten Fahrt von und nach S\u00f6derhof \u00fcber Sehlde. Diese Haltestellen k\u00f6nnen w\u00e4hrend der Bauma\u00dfnahmen nicht bedient werden: S\u00f6derhof (au\u00dfer Schulfahrten) Sehlde, Auf der Laake Sehlde, Hubertusstra\u00dfe Sehlde, Ortsmitte SZ Ringelheim, Goslarsche Stra\u00dfe in Fahrtrichtung Baddeckenstedt Hier geht\u00b4s zum Fahrplan\" \/>\n<meta property=\"og:url\" content=\"https:\/\/vb-bachstein.de\/salzgitter\/uzavirka-linky-656-l498-mezi-ringelheimem-a-sehlde-od-14-8-2025-do-odvolani\/\" \/>\n<meta property=\"og:site_name\" content=\"VB-Salzgitter\" \/>\n<meta property=\"article:published_time\" content=\"2025-12-11T09:38:05+00:00\" \/>\n<meta property=\"article:modified_time\" content=\"2025-12-11T14:21:03+00:00\" \/>\n<meta name=\"author\" content=\"sprager\" \/>\n<meta name=\"twitter:card\" content=\"summary_large_image\" \/>\n<meta name=\"twitter:label1\" content=\"Napsal(a)\" \/>\n\t<meta name=\"twitter:data1\" content=\"sprager\" \/>\n\t<meta name=\"twitter:label2\" content=\"Odhadovan\u00e1 doba \u010dten\u00ed\" \/>\n\t<meta name=\"twitter:data2\" content=\"1 minuta\" \/>\n<script type=\"application\/ld+json\" class=\"yoast-schema-graph\">{\"@context\":\"https:\\\/\\\/schema.org\",\"@graph\":[{\"@type\":\"Article\",\"@id\":\"https:\\\/\\\/vb-bachstein.de\\\/salzgitter\\\/linie-656-sperrung-l498-zwischen-ringelheim-und-sehlde-ab-14-08-2025-bis-auf-weiteres\\\/#article\",\"isPartOf\":{\"@id\":\"https:\\\/\\\/vb-bachstein.de\\\/salzgitter\\\/linie-656-sperrung-l498-zwischen-ringelheim-und-sehlde-ab-14-08-2025-bis-auf-weiteres\\\/\"},\"author\":{\"name\":\"sprager\",\"@id\":\"https:\\\/\\\/vb-bachstein.de\\\/salzgitter\\\/#\\\/schema\\\/person\\\/b008f998d49926c8ddca013e5a810139\"},\"headline\":\"Linie 656 | Sperrung L498, zwischen Ringelheim und Sehlde: ab 14.08.2025 bis auf Weiteres\",\"datePublished\":\"2025-12-11T09:38:05+00:00\",\"dateModified\":\"2025-12-11T14:21:03+00:00\",\"mainEntityOfPage\":{\"@id\":\"https:\\\/\\\/vb-bachstein.de\\\/salzgitter\\\/linie-656-sperrung-l498-zwischen-ringelheim-und-sehlde-ab-14-08-2025-bis-auf-weiteres\\\/\"},\"wordCount\":106,\"commentCount\":0,\"publisher\":{\"@id\":\"https:\\\/\\\/vb-bachstein.de\\\/salzgitter\\\/#organization\"},\"image\":{\"@id\":\"https:\\\/\\\/vb-bachstein.de\\\/salzgitter\\\/linie-656-sperrung-l498-zwischen-ringelheim-und-sehlde-ab-14-08-2025-bis-auf-weiteres\\\/#primaryimage\"},\"thumbnailUrl\":\"https:\\\/\\\/vb-bachstein.de\\\/salzgitter\\\/wp-content\\\/uploads\\\/sites\\\/14\\\/header-subsite_stoerungen-vb.jpg\",\"articleSection\":[\"Fahrplanabweichungen\"],\"inLanguage\":\"cs\",\"potentialAction\":[{\"@type\":\"CommentAction\",\"name\":\"Comment\",\"target\":[\"https:\\\/\\\/vb-bachstein.de\\\/salzgitter\\\/linie-656-sperrung-l498-zwischen-ringelheim-und-sehlde-ab-14-08-2025-bis-auf-weiteres\\\/#respond\"]}]},{\"@type\":\"WebPage\",\"@id\":\"https:\\\/\\\/vb-bachstein.de\\\/salzgitter\\\/linie-656-sperrung-l498-zwischen-ringelheim-und-sehlde-ab-14-08-2025-bis-auf-weiteres\\\/\",\"url\":\"https:\\\/\\\/vb-bachstein.de\\\/salzgitter\\\/linie-656-sperrung-l498-zwischen-ringelheim-und-sehlde-ab-14-08-2025-bis-auf-weiteres\\\/\",\"name\":\"Linie 656 | Sperrung L498, zwischen Ringelheim und Sehlde: ab 14.08.2025 bis auf Weiteres - VB-Salzgitter\",\"isPartOf\":{\"@id\":\"https:\\\/\\\/vb-bachstein.de\\\/salzgitter\\\/#website\"},\"primaryImageOfPage\":{\"@id\":\"https:\\\/\\\/vb-bachstein.de\\\/salzgitter\\\/linie-656-sperrung-l498-zwischen-ringelheim-und-sehlde-ab-14-08-2025-bis-auf-weiteres\\\/#primaryimage\"},\"image\":{\"@id\":\"https:\\\/\\\/vb-bachstein.de\\\/salzgitter\\\/linie-656-sperrung-l498-zwischen-ringelheim-und-sehlde-ab-14-08-2025-bis-auf-weiteres\\\/#primaryimage\"},\"thumbnailUrl\":\"https:\\\/\\\/vb-bachstein.de\\\/salzgitter\\\/wp-content\\\/uploads\\\/sites\\\/14\\\/header-subsite_stoerungen-vb.jpg\",\"datePublished\":\"2025-12-11T09:38:05+00:00\",\"dateModified\":\"2025-12-11T14:21:03+00:00\",\"breadcrumb\":{\"@id\":\"https:\\\/\\\/vb-bachstein.de\\\/salzgitter\\\/linie-656-sperrung-l498-zwischen-ringelheim-und-sehlde-ab-14-08-2025-bis-auf-weiteres\\\/#breadcrumb\"},\"inLanguage\":\"cs\",\"potentialAction\":[{\"@type\":\"ReadAction\",\"target\":[\"https:\\\/\\\/vb-bachstein.de\\\/salzgitter\\\/linie-656-sperrung-l498-zwischen-ringelheim-und-sehlde-ab-14-08-2025-bis-auf-weiteres\\\/\"]}]},{\"@type\":\"ImageObject\",\"inLanguage\":\"cs\",\"@id\":\"https:\\\/\\\/vb-bachstein.de\\\/salzgitter\\\/linie-656-sperrung-l498-zwischen-ringelheim-und-sehlde-ab-14-08-2025-bis-auf-weiteres\\\/#primaryimage\",\"url\":\"https:\\\/\\\/vb-bachstein.de\\\/salzgitter\\\/wp-content\\\/uploads\\\/sites\\\/14\\\/header-subsite_stoerungen-vb.jpg\",\"contentUrl\":\"https:\\\/\\\/vb-bachstein.de\\\/salzgitter\\\/wp-content\\\/uploads\\\/sites\\\/14\\\/header-subsite_stoerungen-vb.jpg\"},{\"@type\":\"BreadcrumbList\",\"@id\":\"https:\\\/\\\/vb-bachstein.de\\\/salzgitter\\\/linie-656-sperrung-l498-zwischen-ringelheim-und-sehlde-ab-14-08-2025-bis-auf-weiteres\\\/#breadcrumb\",\"itemListElement\":[{\"@type\":\"ListItem\",\"position\":1,\"name\":\"Startseite\",\"item\":\"https:\\\/\\\/vb-bachstein.de\\\/salzgitter\\\/\"},{\"@type\":\"ListItem\",\"position\":2,\"name\":\"Linie 656 | Sperrung L498, zwischen Ringelheim und Sehlde: ab 14.08.2025 bis auf Weiteres\"}]},{\"@type\":\"WebSite\",\"@id\":\"https:\\\/\\\/vb-bachstein.de\\\/salzgitter\\\/#website\",\"url\":\"https:\\\/\\\/vb-bachstein.de\\\/salzgitter\\\/\",\"name\":\"VB-Salzgitter\",\"description\":\"\",\"publisher\":{\"@id\":\"https:\\\/\\\/vb-bachstein.de\\\/salzgitter\\\/#organization\"},\"potentialAction\":[{\"@type\":\"SearchAction\",\"target\":{\"@type\":\"EntryPoint\",\"urlTemplate\":\"https:\\\/\\\/vb-bachstein.de\\\/salzgitter\\\/?s={search_term_string}\"},\"query-input\":{\"@type\":\"PropertyValueSpecification\",\"valueRequired\":true,\"valueName\":\"search_term_string\"}}],\"inLanguage\":\"cs\"},{\"@type\":\"Organization\",\"@id\":\"https:\\\/\\\/vb-bachstein.de\\\/salzgitter\\\/#organization\",\"name\":\"VB-Salzgitter\",\"url\":\"https:\\\/\\\/vb-bachstein.de\\\/salzgitter\\\/\",\"logo\":{\"@type\":\"ImageObject\",\"inLanguage\":\"cs\",\"@id\":\"https:\\\/\\\/vb-bachstein.de\\\/salzgitter\\\/#\\\/schema\\\/logo\\\/image\\\/\",\"url\":\"https:\\\/\\\/vb-bachstein.de\\\/salzgitter\\\/wp-content\\\/uploads\\\/sites\\\/14\\\/Bachstein_Logo.png\",\"contentUrl\":\"https:\\\/\\\/vb-bachstein.de\\\/salzgitter\\\/wp-content\\\/uploads\\\/sites\\\/14\\\/Bachstein_Logo.png\",\"width\":1966,\"height\":293,\"caption\":\"VB-Salzgitter\"},\"image\":{\"@id\":\"https:\\\/\\\/vb-bachstein.de\\\/salzgitter\\\/#\\\/schema\\\/logo\\\/image\\\/\"}},{\"@type\":\"Person\",\"@id\":\"https:\\\/\\\/vb-bachstein.de\\\/salzgitter\\\/#\\\/schema\\\/person\\\/b008f998d49926c8ddca013e5a810139\",\"name\":\"sprager\",\"image\":{\"@type\":\"ImageObject\",\"inLanguage\":\"cs\",\"@id\":\"https:\\\/\\\/secure.gravatar.com\\\/avatar\\\/c9f4904d5ee6846a305eba03c67dfde589dc71ebb212f17ea973f97cbdd5f980?s=96&d=mm&r=g\",\"url\":\"https:\\\/\\\/secure.gravatar.com\\\/avatar\\\/c9f4904d5ee6846a305eba03c67dfde589dc71ebb212f17ea973f97cbdd5f980?s=96&d=mm&r=g\",\"contentUrl\":\"https:\\\/\\\/secure.gravatar.com\\\/avatar\\\/c9f4904d5ee6846a305eba03c67dfde589dc71ebb212f17ea973f97cbdd5f980?s=96&d=mm&r=g\",\"caption\":\"sprager\"},\"url\":\"https:\\\/\\\/vb-bachstein.de\\\/salzgitter\\\/cs\\\/author\\\/sprager\\\/\"}]}<\/script>\n<!-- \/ Yoast SEO plugin. -->","yoast_head_json":{"title":"Uzav\u00edrka linky 656 | L498 mezi Ringelheimem a Sehlde: od 14. srpna 2025 a\u017e do odvol\u00e1n\u00ed - VB-Salzgitter","robots":{"index":"index","follow":"follow","max-snippet":"max-snippet:-1","max-image-preview":"max-image-preview:large","max-video-preview":"max-video-preview:-1"},"canonical":"https:\/\/vb-bachstein.de\/salzgitter\/uzavirka-linky-656-l498-mezi-ringelheimem-a-sehlde-od-14-8-2025-do-odvolani\/","og_locale":"cs_CZ","og_type":"article","og_title":"Linie 656 | Sperrung L498, zwischen Ringelheim und Sehlde: ab 14.08.2025 bis auf Weiteres - VB-Salzgitter","og_description":"Aufgrund der Sperrung der L498 im Bereich des Banh\u00fcbergangs am Ortsausgang Ringelheim in Richtung Sehlde, wird die Linie 656 beidseitig \u00fcber Alt Wallmoden nach Sehlde umgeleitet. Die Sperrung der L498 erfolgt auf unbestimmte Zeit. Um die Sch\u00fclerbef\u00f6rderung in S\u00f6derhof aufrecht zu erhalten, erfolgen alle schulrelevanten Fahrt von und nach S\u00f6derhof \u00fcber Sehlde. Diese Haltestellen k\u00f6nnen w\u00e4hrend der Bauma\u00dfnahmen nicht bedient werden: S\u00f6derhof (au\u00dfer Schulfahrten) Sehlde, Auf der Laake Sehlde, Hubertusstra\u00dfe Sehlde, Ortsmitte SZ Ringelheim, Goslarsche Stra\u00dfe in Fahrtrichtung Baddeckenstedt Hier geht\u00b4s zum Fahrplan","og_url":"https:\/\/vb-bachstein.de\/salzgitter\/uzavirka-linky-656-l498-mezi-ringelheimem-a-sehlde-od-14-8-2025-do-odvolani\/","og_site_name":"VB-Salzgitter","article_published_time":"2025-12-11T09:38:05+00:00","article_modified_time":"2025-12-11T14:21:03+00:00","author":"sprager","twitter_card":"summary_large_image","twitter_misc":{"Napsal(a)":"sprager","Odhadovan\u00e1 doba \u010dten\u00ed":"1 minuta"},"schema":{"@context":"https:\/\/schema.org","@graph":[{"@type":"Article","@id":"https:\/\/vb-bachstein.de\/salzgitter\/linie-656-sperrung-l498-zwischen-ringelheim-und-sehlde-ab-14-08-2025-bis-auf-weiteres\/#article","isPartOf":{"@id":"https:\/\/vb-bachstein.de\/salzgitter\/linie-656-sperrung-l498-zwischen-ringelheim-und-sehlde-ab-14-08-2025-bis-auf-weiteres\/"},"author":{"name":"sprager","@id":"https:\/\/vb-bachstein.de\/salzgitter\/#\/schema\/person\/b008f998d49926c8ddca013e5a810139"},"headline":"Linie 656 | Sperrung L498, zwischen Ringelheim und Sehlde: ab 14.08.2025 bis auf Weiteres","datePublished":"2025-12-11T09:38:05+00:00","dateModified":"2025-12-11T14:21:03+00:00","mainEntityOfPage":{"@id":"https:\/\/vb-bachstein.de\/salzgitter\/linie-656-sperrung-l498-zwischen-ringelheim-und-sehlde-ab-14-08-2025-bis-auf-weiteres\/"},"wordCount":106,"commentCount":0,"publisher":{"@id":"https:\/\/vb-bachstein.de\/salzgitter\/#organization"},"image":{"@id":"https:\/\/vb-bachstein.de\/salzgitter\/linie-656-sperrung-l498-zwischen-ringelheim-und-sehlde-ab-14-08-2025-bis-auf-weiteres\/#primaryimage"},"thumbnailUrl":"https:\/\/vb-bachstein.de\/salzgitter\/wp-content\/uploads\/sites\/14\/header-subsite_stoerungen-vb.jpg","articleSection":["Fahrplanabweichungen"],"inLanguage":"cs","potentialAction":[{"@type":"CommentAction","name":"Comment","target":["https:\/\/vb-bachstein.de\/salzgitter\/linie-656-sperrung-l498-zwischen-ringelheim-und-sehlde-ab-14-08-2025-bis-auf-weiteres\/#respond"]}]},{"@type":"WebPage","@id":"https:\/\/vb-bachstein.de\/salzgitter\/linie-656-sperrung-l498-zwischen-ringelheim-und-sehlde-ab-14-08-2025-bis-auf-weiteres\/","url":"https:\/\/vb-bachstein.de\/salzgitter\/linie-656-sperrung-l498-zwischen-ringelheim-und-sehlde-ab-14-08-2025-bis-auf-weiteres\/","name":"Uzav\u00edrka linky 656 | L498 mezi Ringelheimem a Sehlde: od 14. srpna 2025 a\u017e do odvol\u00e1n\u00ed - VB-Salzgitter","isPartOf":{"@id":"https:\/\/vb-bachstein.de\/salzgitter\/#website"},"primaryImageOfPage":{"@id":"https:\/\/vb-bachstein.de\/salzgitter\/linie-656-sperrung-l498-zwischen-ringelheim-und-sehlde-ab-14-08-2025-bis-auf-weiteres\/#primaryimage"},"image":{"@id":"https:\/\/vb-bachstein.de\/salzgitter\/linie-656-sperrung-l498-zwischen-ringelheim-und-sehlde-ab-14-08-2025-bis-auf-weiteres\/#primaryimage"},"thumbnailUrl":"https:\/\/vb-bachstein.de\/salzgitter\/wp-content\/uploads\/sites\/14\/header-subsite_stoerungen-vb.jpg","datePublished":"2025-12-11T09:38:05+00:00","dateModified":"2025-12-11T14:21:03+00:00","breadcrumb":{"@id":"https:\/\/vb-bachstein.de\/salzgitter\/linie-656-sperrung-l498-zwischen-ringelheim-und-sehlde-ab-14-08-2025-bis-auf-weiteres\/#breadcrumb"},"inLanguage":"cs","potentialAction":[{"@type":"ReadAction","target":["https:\/\/vb-bachstein.de\/salzgitter\/linie-656-sperrung-l498-zwischen-ringelheim-und-sehlde-ab-14-08-2025-bis-auf-weiteres\/"]}]},{"@type":"ImageObject","inLanguage":"cs","@id":"https:\/\/vb-bachstein.de\/salzgitter\/linie-656-sperrung-l498-zwischen-ringelheim-und-sehlde-ab-14-08-2025-bis-auf-weiteres\/#primaryimage","url":"https:\/\/vb-bachstein.de\/salzgitter\/wp-content\/uploads\/sites\/14\/header-subsite_stoerungen-vb.jpg","contentUrl":"https:\/\/vb-bachstein.de\/salzgitter\/wp-content\/uploads\/sites\/14\/header-subsite_stoerungen-vb.jpg"},{"@type":"BreadcrumbList","@id":"https:\/\/vb-bachstein.de\/salzgitter\/linie-656-sperrung-l498-zwischen-ringelheim-und-sehlde-ab-14-08-2025-bis-auf-weiteres\/#breadcrumb","itemListElement":[{"@type":"ListItem","position":1,"name":"Startseite","item":"https:\/\/vb-bachstein.de\/salzgitter\/"},{"@type":"ListItem","position":2,"name":"Linie 656 | Sperrung L498, zwischen Ringelheim und Sehlde: ab 14.08.2025 bis auf Weiteres"}]},{"@type":"WebSite","@id":"https:\/\/vb-bachstein.de\/salzgitter\/#website","url":"https:\/\/vb-bachstein.de\/salzgitter\/","name":"M\u0159\u00ed\u017eka soli VB","description":"","publisher":{"@id":"https:\/\/vb-bachstein.de\/salzgitter\/#organization"},"potentialAction":[{"@type":"SearchAction","target":{"@type":"EntryPoint","urlTemplate":"https:\/\/vb-bachstein.de\/salzgitter\/?s={search_term_string}"},"query-input":{"@type":"PropertyValueSpecification","valueRequired":true,"valueName":"search_term_string"}}],"inLanguage":"cs"},{"@type":"Organization","@id":"https:\/\/vb-bachstein.de\/salzgitter\/#organization","name":"M\u0159\u00ed\u017eka soli VB","url":"https:\/\/vb-bachstein.de\/salzgitter\/","logo":{"@type":"ImageObject","inLanguage":"cs","@id":"https:\/\/vb-bachstein.de\/salzgitter\/#\/schema\/logo\/image\/","url":"https:\/\/vb-bachstein.de\/salzgitter\/wp-content\/uploads\/sites\/14\/Bachstein_Logo.png","contentUrl":"https:\/\/vb-bachstein.de\/salzgitter\/wp-content\/uploads\/sites\/14\/Bachstein_Logo.png","width":1966,"height":293,"caption":"VB-Salzgitter"},"image":{"@id":"https:\/\/vb-bachstein.de\/salzgitter\/#\/schema\/logo\/image\/"}},{"@type":"Person","@id":"https:\/\/vb-bachstein.de\/salzgitter\/#\/schema\/person\/b008f998d49926c8ddca013e5a810139","name":"sprager","image":{"@type":"ImageObject","inLanguage":"cs","@id":"https:\/\/secure.gravatar.com\/avatar\/c9f4904d5ee6846a305eba03c67dfde589dc71ebb212f17ea973f97cbdd5f980?s=96&d=mm&r=g","url":"https:\/\/secure.gravatar.com\/avatar\/c9f4904d5ee6846a305eba03c67dfde589dc71ebb212f17ea973f97cbdd5f980?s=96&d=mm&r=g","contentUrl":"https:\/\/secure.gravatar.com\/avatar\/c9f4904d5ee6846a305eba03c67dfde589dc71ebb212f17ea973f97cbdd5f980?s=96&d=mm&r=g","caption":"sprager"},"url":"https:\/\/vb-bachstein.de\/salzgitter\/cs\/author\/sprager\/"}]}},"_links":{"self":[{"href":"https:\/\/vb-bachstein.de\/salzgitter\/cs\/wp-json\/wp\/v2\/posts\/3374","targetHints":{"allow":["GET"]}}],"collection":[{"href":"https:\/\/vb-bachstein.de\/salzgitter\/cs\/wp-json\/wp\/v2\/posts"}],"about":[{"href":"https:\/\/vb-bachstein.de\/salzgitter\/cs\/wp-json\/wp\/v2\/types\/post"}],"author":[{"embeddable":true,"href":"https:\/\/vb-bachstein.de\/salzgitter\/cs\/wp-json\/wp\/v2\/users\/4"}],"replies":[{"embeddable":true,"href":"https:\/\/vb-bachstein.de\/salzgitter\/cs\/wp-json\/wp\/v2\/comments?post=3374"}],"version-history":[{"count":0,"href":"https:\/\/vb-bachstein.de\/salzgitter\/cs\/wp-json\/wp\/v2\/posts\/3374\/revisions"}],"wp:featuredmedia":[{"embeddable":true,"href":"https:\/\/vb-bachstein.de\/salzgitter\/cs\/wp-json\/"}],"wp:attachment":[{"href":"https:\/\/vb-bachstein.de\/salzgitter\/cs\/wp-json\/wp\/v2\/media?parent=3374"}],"wp:term":[{"taxonomy":"category","embeddable":true,"href":"https:\/\/vb-bachstein.de\/salzgitter\/cs\/wp-json\/wp\/v2\/categories?post=3374"},{"taxonomy":"post_tag","embeddable":true,"href":"https:\/\/vb-bachstein.de\/salzgitter\/cs\/wp-json\/wp\/v2\/tags?post=3374"}],"curies":[{"name":"wp","href":"https:\/\/api.w.org\/{rel}","templated":true}]}}