{"id":3437,"date":"2026-04-14T07:29:20","date_gmt":"2026-04-14T05:29:20","guid":{"rendered":"https:\/\/vb-bachstein.de\/hornburg\/?p=3437"},"modified":"2026-04-15T07:27:00","modified_gmt":"2026-04-15T05:27:00","slug":"verdi-svolava-stavku-na-02-02-206-nestavkujeme","status":"publish","type":"post","link":"https:\/\/vb-bachstein.de\/hornburg\/cs\/verdi-ruft-zum-streik-am-02-02-206-auf-wir-streiken-nicht\/","title":{"rendered":"V\u00fdstra\u017en\u00e1 st\u00e1vka 20. a 21. dubna 2026 | N\u00e1s se to net\u00fdk\u00e1!"},"content":{"rendered":"<p>Na pond\u011bl\u00ed 20. a \u00fater\u00fd 21. dubna 2026 byla vyhl\u00e1\u0161ena dal\u0161\u00ed v\u00fdstra\u017en\u00e1 st\u00e1vka ve ve\u0159ejn\u00e9 doprav\u011b - ale nebojte se: n\u00e1s se net\u00fdk\u00e1. <strong>nen\u00ed ovlivn\u011bno!<\/strong><\/p>","protected":false},"excerpt":{"rendered":"<p>Na pond\u011bl\u00ed 20. a \u00fater\u00fd 21. dubna 2026 byla vyhl\u00e1\u0161ena dal\u0161\u00ed v\u00fdstra\u017en\u00e1 st\u00e1vka ve ve\u0159ejn\u00e9 doprav\u011b - ale nebojte se: n\u00e1s se net\u00fdk\u00e1!<\/p>","protected":false},"author":6,"featured_media":4125,"comment_status":"open","ping_status":"open","sticky":false,"template":"","format":"standard","meta":{"footnotes":""},"categories":[33,1],"tags":[],"class_list":["post-3437","post","type-post","status-publish","format-standard","has-post-thumbnail","hentry","category-fahrplanabweichungen","category-news"],"yoast_head":"<!-- This site is optimized with the Yoast SEO plugin v27.4 - https:\/\/yoast.com\/product\/yoast-seo-wordpress\/ -->\n<title>Warnstreik am 20. und 21.04.2026 | Wir sind NICHT betroffen! - VB-Hornburg<\/title>\n<meta name=\"robots\" content=\"index, follow, max-snippet:-1, max-image-preview:large, max-video-preview:-1\" \/>\n<link rel=\"canonical\" href=\"https:\/\/vb-bachstein.de\/hornburg\/verdi-svolava-stavku-na-02-02-206-nestavkujeme\/\" \/>\n<meta property=\"og:locale\" content=\"cs_CZ\" \/>\n<meta property=\"og:type\" content=\"article\" \/>\n<meta property=\"og:title\" content=\"Warnstreik am 20. und 21.04.2026 | Wir sind NICHT betroffen! - VB-Hornburg\" \/>\n<meta property=\"og:description\" content=\"F\u00fcr Montag, 20 und Dienstag, 21. April 2026 ist wieder ein Warnstreik im \u00d6PNV angek\u00fcndigt \u2013 aber keine Sorge: Wir sind davon nicht betroffen!\" \/>\n<meta property=\"og:url\" content=\"https:\/\/vb-bachstein.de\/hornburg\/verdi-svolava-stavku-na-02-02-206-nestavkujeme\/\" \/>\n<meta property=\"og:site_name\" content=\"VB-Hornburg\" \/>\n<meta property=\"article:published_time\" content=\"2026-04-14T05:29:20+00:00\" \/>\n<meta property=\"article:modified_time\" content=\"2026-04-15T05:27:00+00:00\" \/>\n<meta name=\"author\" content=\"peters\" \/>\n<meta name=\"twitter:card\" content=\"summary_large_image\" \/>\n<meta name=\"twitter:label1\" content=\"Napsal(a)\" \/>\n\t<meta name=\"twitter:data1\" content=\"peters\" \/>\n\t<meta name=\"twitter:label2\" content=\"Odhadovan\u00e1 doba \u010dten\u00ed\" \/>\n\t<meta name=\"twitter:data2\" content=\"1 minuta\" \/>\n<script type=\"application\/ld+json\" class=\"yoast-schema-graph\">{\"@context\":\"https:\\\/\\\/schema.org\",\"@graph\":[{\"@type\":\"Article\",\"@id\":\"https:\\\/\\\/vb-bachstein.de\\\/hornburg\\\/verdi-ruft-zum-streik-am-02-02-206-auf-wir-streiken-nicht\\\/#article\",\"isPartOf\":{\"@id\":\"https:\\\/\\\/vb-bachstein.de\\\/hornburg\\\/verdi-ruft-zum-streik-am-02-02-206-auf-wir-streiken-nicht\\\/\"},\"author\":{\"name\":\"peters\",\"@id\":\"https:\\\/\\\/vb-bachstein.de\\\/hornburg\\\/#\\\/schema\\\/person\\\/a751b88c01dcbf14a5413f0808dacb67\"},\"headline\":\"Warnstreik am 20. und 21.04.2026 | Wir sind NICHT betroffen!\",\"datePublished\":\"2026-04-14T05:29:20+00:00\",\"dateModified\":\"2026-04-15T05:27:00+00:00\",\"mainEntityOfPage\":{\"@id\":\"https:\\\/\\\/vb-bachstein.de\\\/hornburg\\\/verdi-ruft-zum-streik-am-02-02-206-auf-wir-streiken-nicht\\\/\"},\"wordCount\":29,\"commentCount\":0,\"publisher\":{\"@id\":\"https:\\\/\\\/vb-bachstein.de\\\/hornburg\\\/#organization\"},\"image\":{\"@id\":\"https:\\\/\\\/vb-bachstein.de\\\/hornburg\\\/verdi-ruft-zum-streik-am-02-02-206-auf-wir-streiken-nicht\\\/#primaryimage\"},\"thumbnailUrl\":\"https:\\\/\\\/vb-bachstein.de\\\/hornburg\\\/wp-content\\\/uploads\\\/sites\\\/14\\\/Beitrag-Streik.png\",\"articleSection\":[\"Fahrplanabweichungen\",\"News\"],\"inLanguage\":\"cs\",\"potentialAction\":[{\"@type\":\"CommentAction\",\"name\":\"Comment\",\"target\":[\"https:\\\/\\\/vb-bachstein.de\\\/hornburg\\\/verdi-ruft-zum-streik-am-02-02-206-auf-wir-streiken-nicht\\\/#respond\"]}]},{\"@type\":\"WebPage\",\"@id\":\"https:\\\/\\\/vb-bachstein.de\\\/hornburg\\\/verdi-ruft-zum-streik-am-02-02-206-auf-wir-streiken-nicht\\\/\",\"url\":\"https:\\\/\\\/vb-bachstein.de\\\/hornburg\\\/verdi-ruft-zum-streik-am-02-02-206-auf-wir-streiken-nicht\\\/\",\"name\":\"Warnstreik am 20. und 21.04.2026 | Wir sind NICHT betroffen! - VB-Hornburg\",\"isPartOf\":{\"@id\":\"https:\\\/\\\/vb-bachstein.de\\\/hornburg\\\/#website\"},\"primaryImageOfPage\":{\"@id\":\"https:\\\/\\\/vb-bachstein.de\\\/hornburg\\\/verdi-ruft-zum-streik-am-02-02-206-auf-wir-streiken-nicht\\\/#primaryimage\"},\"image\":{\"@id\":\"https:\\\/\\\/vb-bachstein.de\\\/hornburg\\\/verdi-ruft-zum-streik-am-02-02-206-auf-wir-streiken-nicht\\\/#primaryimage\"},\"thumbnailUrl\":\"https:\\\/\\\/vb-bachstein.de\\\/hornburg\\\/wp-content\\\/uploads\\\/sites\\\/14\\\/Beitrag-Streik.png\",\"datePublished\":\"2026-04-14T05:29:20+00:00\",\"dateModified\":\"2026-04-15T05:27:00+00:00\",\"breadcrumb\":{\"@id\":\"https:\\\/\\\/vb-bachstein.de\\\/hornburg\\\/verdi-ruft-zum-streik-am-02-02-206-auf-wir-streiken-nicht\\\/#breadcrumb\"},\"inLanguage\":\"cs\",\"potentialAction\":[{\"@type\":\"ReadAction\",\"target\":[\"https:\\\/\\\/vb-bachstein.de\\\/hornburg\\\/verdi-ruft-zum-streik-am-02-02-206-auf-wir-streiken-nicht\\\/\"]}]},{\"@type\":\"ImageObject\",\"inLanguage\":\"cs\",\"@id\":\"https:\\\/\\\/vb-bachstein.de\\\/hornburg\\\/verdi-ruft-zum-streik-am-02-02-206-auf-wir-streiken-nicht\\\/#primaryimage\",\"url\":\"https:\\\/\\\/vb-bachstein.de\\\/hornburg\\\/wp-content\\\/uploads\\\/sites\\\/14\\\/Beitrag-Streik.png\",\"contentUrl\":\"https:\\\/\\\/vb-bachstein.de\\\/hornburg\\\/wp-content\\\/uploads\\\/sites\\\/14\\\/Beitrag-Streik.png\"},{\"@type\":\"BreadcrumbList\",\"@id\":\"https:\\\/\\\/vb-bachstein.de\\\/hornburg\\\/verdi-ruft-zum-streik-am-02-02-206-auf-wir-streiken-nicht\\\/#breadcrumb\",\"itemListElement\":[{\"@type\":\"ListItem\",\"position\":1,\"name\":\"Startseite\",\"item\":\"https:\\\/\\\/vb-bachstein.de\\\/hornburg\\\/\"},{\"@type\":\"ListItem\",\"position\":2,\"name\":\"Warnstreik am 20. und 21.04.2026 | Wir sind NICHT betroffen!\"}]},{\"@type\":\"WebSite\",\"@id\":\"https:\\\/\\\/vb-bachstein.de\\\/hornburg\\\/#website\",\"url\":\"https:\\\/\\\/vb-bachstein.de\\\/hornburg\\\/\",\"name\":\"VB-Hornburg\",\"description\":\"\",\"publisher\":{\"@id\":\"https:\\\/\\\/vb-bachstein.de\\\/hornburg\\\/#organization\"},\"potentialAction\":[{\"@type\":\"SearchAction\",\"target\":{\"@type\":\"EntryPoint\",\"urlTemplate\":\"https:\\\/\\\/vb-bachstein.de\\\/hornburg\\\/?s={search_term_string}\"},\"query-input\":{\"@type\":\"PropertyValueSpecification\",\"valueRequired\":true,\"valueName\":\"search_term_string\"}}],\"inLanguage\":\"cs\"},{\"@type\":\"Organization\",\"@id\":\"https:\\\/\\\/vb-bachstein.de\\\/hornburg\\\/#organization\",\"name\":\"VB-Hornburg\",\"url\":\"https:\\\/\\\/vb-bachstein.de\\\/hornburg\\\/\",\"logo\":{\"@type\":\"ImageObject\",\"inLanguage\":\"cs\",\"@id\":\"https:\\\/\\\/vb-bachstein.de\\\/hornburg\\\/#\\\/schema\\\/logo\\\/image\\\/\",\"url\":\"https:\\\/\\\/vb-bachstein.de\\\/hornburg\\\/wp-content\\\/uploads\\\/sites\\\/14\\\/vb-bachstein_logo.svg\",\"contentUrl\":\"https:\\\/\\\/vb-bachstein.de\\\/hornburg\\\/wp-content\\\/uploads\\\/sites\\\/14\\\/vb-bachstein_logo.svg\",\"caption\":\"VB-Hornburg\"},\"image\":{\"@id\":\"https:\\\/\\\/vb-bachstein.de\\\/hornburg\\\/#\\\/schema\\\/logo\\\/image\\\/\"}},{\"@type\":\"Person\",\"@id\":\"https:\\\/\\\/vb-bachstein.de\\\/hornburg\\\/#\\\/schema\\\/person\\\/a751b88c01dcbf14a5413f0808dacb67\",\"name\":\"peters\",\"image\":{\"@type\":\"ImageObject\",\"inLanguage\":\"cs\",\"@id\":\"https:\\\/\\\/secure.gravatar.com\\\/avatar\\\/9c3605722559827488fe70366f5a76c8bb200aca3e281d85f4011ea07a22d91d?s=96&d=mm&r=g\",\"url\":\"https:\\\/\\\/secure.gravatar.com\\\/avatar\\\/9c3605722559827488fe70366f5a76c8bb200aca3e281d85f4011ea07a22d91d?s=96&d=mm&r=g\",\"contentUrl\":\"https:\\\/\\\/secure.gravatar.com\\\/avatar\\\/9c3605722559827488fe70366f5a76c8bb200aca3e281d85f4011ea07a22d91d?s=96&d=mm&r=g\",\"caption\":\"peters\"},\"url\":\"https:\\\/\\\/vb-bachstein.de\\\/hornburg\\\/cs\\\/author\\\/peters\\\/\"}]}<\/script>\n<!-- \/ Yoast SEO plugin. -->","yoast_head_json":{"title":"V\u00fdstra\u017en\u00e1 st\u00e1vka 20. a 21. dubna 2026 | N\u00e1s se to net\u00fdk\u00e1! - VB-Hornburg","robots":{"index":"index","follow":"follow","max-snippet":"max-snippet:-1","max-image-preview":"max-image-preview:large","max-video-preview":"max-video-preview:-1"},"canonical":"https:\/\/vb-bachstein.de\/hornburg\/verdi-svolava-stavku-na-02-02-206-nestavkujeme\/","og_locale":"cs_CZ","og_type":"article","og_title":"Warnstreik am 20. und 21.04.2026 | Wir sind NICHT betroffen! - VB-Hornburg","og_description":"F\u00fcr Montag, 20 und Dienstag, 21. April 2026 ist wieder ein Warnstreik im \u00d6PNV angek\u00fcndigt \u2013 aber keine Sorge: Wir sind davon nicht betroffen!","og_url":"https:\/\/vb-bachstein.de\/hornburg\/verdi-svolava-stavku-na-02-02-206-nestavkujeme\/","og_site_name":"VB-Hornburg","article_published_time":"2026-04-14T05:29:20+00:00","article_modified_time":"2026-04-15T05:27:00+00:00","author":"peters","twitter_card":"summary_large_image","twitter_misc":{"Napsal(a)":"peters","Odhadovan\u00e1 doba \u010dten\u00ed":"1 minuta"},"schema":{"@context":"https:\/\/schema.org","@graph":[{"@type":"Article","@id":"https:\/\/vb-bachstein.de\/hornburg\/verdi-ruft-zum-streik-am-02-02-206-auf-wir-streiken-nicht\/#article","isPartOf":{"@id":"https:\/\/vb-bachstein.de\/hornburg\/verdi-ruft-zum-streik-am-02-02-206-auf-wir-streiken-nicht\/"},"author":{"name":"peters","@id":"https:\/\/vb-bachstein.de\/hornburg\/#\/schema\/person\/a751b88c01dcbf14a5413f0808dacb67"},"headline":"Warnstreik am 20. und 21.04.2026 | Wir sind NICHT betroffen!","datePublished":"2026-04-14T05:29:20+00:00","dateModified":"2026-04-15T05:27:00+00:00","mainEntityOfPage":{"@id":"https:\/\/vb-bachstein.de\/hornburg\/verdi-ruft-zum-streik-am-02-02-206-auf-wir-streiken-nicht\/"},"wordCount":29,"commentCount":0,"publisher":{"@id":"https:\/\/vb-bachstein.de\/hornburg\/#organization"},"image":{"@id":"https:\/\/vb-bachstein.de\/hornburg\/verdi-ruft-zum-streik-am-02-02-206-auf-wir-streiken-nicht\/#primaryimage"},"thumbnailUrl":"https:\/\/vb-bachstein.de\/hornburg\/wp-content\/uploads\/sites\/14\/Beitrag-Streik.png","articleSection":["Fahrplanabweichungen","News"],"inLanguage":"cs","potentialAction":[{"@type":"CommentAction","name":"Comment","target":["https:\/\/vb-bachstein.de\/hornburg\/verdi-ruft-zum-streik-am-02-02-206-auf-wir-streiken-nicht\/#respond"]}]},{"@type":"WebPage","@id":"https:\/\/vb-bachstein.de\/hornburg\/verdi-ruft-zum-streik-am-02-02-206-auf-wir-streiken-nicht\/","url":"https:\/\/vb-bachstein.de\/hornburg\/verdi-ruft-zum-streik-am-02-02-206-auf-wir-streiken-nicht\/","name":"V\u00fdstra\u017en\u00e1 st\u00e1vka 20. a 21. dubna 2026 | N\u00e1s se to net\u00fdk\u00e1! - VB-Hornburg","isPartOf":{"@id":"https:\/\/vb-bachstein.de\/hornburg\/#website"},"primaryImageOfPage":{"@id":"https:\/\/vb-bachstein.de\/hornburg\/verdi-ruft-zum-streik-am-02-02-206-auf-wir-streiken-nicht\/#primaryimage"},"image":{"@id":"https:\/\/vb-bachstein.de\/hornburg\/verdi-ruft-zum-streik-am-02-02-206-auf-wir-streiken-nicht\/#primaryimage"},"thumbnailUrl":"https:\/\/vb-bachstein.de\/hornburg\/wp-content\/uploads\/sites\/14\/Beitrag-Streik.png","datePublished":"2026-04-14T05:29:20+00:00","dateModified":"2026-04-15T05:27:00+00:00","breadcrumb":{"@id":"https:\/\/vb-bachstein.de\/hornburg\/verdi-ruft-zum-streik-am-02-02-206-auf-wir-streiken-nicht\/#breadcrumb"},"inLanguage":"cs","potentialAction":[{"@type":"ReadAction","target":["https:\/\/vb-bachstein.de\/hornburg\/verdi-ruft-zum-streik-am-02-02-206-auf-wir-streiken-nicht\/"]}]},{"@type":"ImageObject","inLanguage":"cs","@id":"https:\/\/vb-bachstein.de\/hornburg\/verdi-ruft-zum-streik-am-02-02-206-auf-wir-streiken-nicht\/#primaryimage","url":"https:\/\/vb-bachstein.de\/hornburg\/wp-content\/uploads\/sites\/14\/Beitrag-Streik.png","contentUrl":"https:\/\/vb-bachstein.de\/hornburg\/wp-content\/uploads\/sites\/14\/Beitrag-Streik.png"},{"@type":"BreadcrumbList","@id":"https:\/\/vb-bachstein.de\/hornburg\/verdi-ruft-zum-streik-am-02-02-206-auf-wir-streiken-nicht\/#breadcrumb","itemListElement":[{"@type":"ListItem","position":1,"name":"Startseite","item":"https:\/\/vb-bachstein.de\/hornburg\/"},{"@type":"ListItem","position":2,"name":"Warnstreik am 20. und 21.04.2026 | Wir sind NICHT betroffen!"}]},{"@type":"WebSite","@id":"https:\/\/vb-bachstein.de\/hornburg\/#website","url":"https:\/\/vb-bachstein.de\/hornburg\/","name":"VB-Hornburg","description":"","publisher":{"@id":"https:\/\/vb-bachstein.de\/hornburg\/#organization"},"potentialAction":[{"@type":"SearchAction","target":{"@type":"EntryPoint","urlTemplate":"https:\/\/vb-bachstein.de\/hornburg\/?s={search_term_string}"},"query-input":{"@type":"PropertyValueSpecification","valueRequired":true,"valueName":"search_term_string"}}],"inLanguage":"cs"},{"@type":"Organization","@id":"https:\/\/vb-bachstein.de\/hornburg\/#organization","name":"VB-Hornburg","url":"https:\/\/vb-bachstein.de\/hornburg\/","logo":{"@type":"ImageObject","inLanguage":"cs","@id":"https:\/\/vb-bachstein.de\/hornburg\/#\/schema\/logo\/image\/","url":"https:\/\/vb-bachstein.de\/hornburg\/wp-content\/uploads\/sites\/14\/vb-bachstein_logo.svg","contentUrl":"https:\/\/vb-bachstein.de\/hornburg\/wp-content\/uploads\/sites\/14\/vb-bachstein_logo.svg","caption":"VB-Hornburg"},"image":{"@id":"https:\/\/vb-bachstein.de\/hornburg\/#\/schema\/logo\/image\/"}},{"@type":"Person","@id":"https:\/\/vb-bachstein.de\/hornburg\/#\/schema\/person\/a751b88c01dcbf14a5413f0808dacb67","name":"peters","image":{"@type":"ImageObject","inLanguage":"cs","@id":"https:\/\/secure.gravatar.com\/avatar\/9c3605722559827488fe70366f5a76c8bb200aca3e281d85f4011ea07a22d91d?s=96&d=mm&r=g","url":"https:\/\/secure.gravatar.com\/avatar\/9c3605722559827488fe70366f5a76c8bb200aca3e281d85f4011ea07a22d91d?s=96&d=mm&r=g","contentUrl":"https:\/\/secure.gravatar.com\/avatar\/9c3605722559827488fe70366f5a76c8bb200aca3e281d85f4011ea07a22d91d?s=96&d=mm&r=g","caption":"peters"},"url":"https:\/\/vb-bachstein.de\/hornburg\/cs\/author\/peters\/"}]}},"_links":{"self":[{"href":"https:\/\/vb-bachstein.de\/hornburg\/cs\/wp-json\/wp\/v2\/posts\/3437","targetHints":{"allow":["GET"]}}],"collection":[{"href":"https:\/\/vb-bachstein.de\/hornburg\/cs\/wp-json\/wp\/v2\/posts"}],"about":[{"href":"https:\/\/vb-bachstein.de\/hornburg\/cs\/wp-json\/wp\/v2\/types\/post"}],"author":[{"embeddable":true,"href":"https:\/\/vb-bachstein.de\/hornburg\/cs\/wp-json\/wp\/v2\/users\/6"}],"replies":[{"embeddable":true,"href":"https:\/\/vb-bachstein.de\/hornburg\/cs\/wp-json\/wp\/v2\/comments?post=3437"}],"version-history":[{"count":0,"href":"https:\/\/vb-bachstein.de\/hornburg\/cs\/wp-json\/wp\/v2\/posts\/3437\/revisions"}],"wp:featuredmedia":[{"embeddable":true,"href":"https:\/\/vb-bachstein.de\/hornburg\/cs\/wp-json\/"}],"wp:attachment":[{"href":"https:\/\/vb-bachstein.de\/hornburg\/cs\/wp-json\/wp\/v2\/media?parent=3437"}],"wp:term":[{"taxonomy":"category","embeddable":true,"href":"https:\/\/vb-bachstein.de\/hornburg\/cs\/wp-json\/wp\/v2\/categories?post=3437"},{"taxonomy":"post_tag","embeddable":true,"href":"https:\/\/vb-bachstein.de\/hornburg\/cs\/wp-json\/wp\/v2\/tags?post=3437"}],"curies":[{"name":"wp","href":"https:\/\/api.w.org\/{rel}","templated":true}]}}