{"id":3460,"date":"2026-03-05T09:59:21","date_gmt":"2026-03-05T08:59:21","guid":{"rendered":"https:\/\/vb-bachstein.de\/fichtelgebirge\/?p=3460"},"modified":"2026-03-09T08:47:24","modified_gmt":"2026-03-09T07:47:24","slug":"odchylenie-w-rozkladzie-jazdy-linii-1545-miedzy-gefrees-i-muenchberg-od-09-03-2026-r-na-czas-nieokreslony","status":"publish","type":"post","link":"https:\/\/vb-bachstein.de\/fichtelgebirge\/pl\/linie-1545-fahrplanabweichung-zwischen-gefrees-und-muenchberg-ab-09-03-2026-bis-auf-unbestimmte-zeit\/","title":{"rendered":"Linia 1545 | Odchylenie rozk\u0142adu jazdy mi\u0119dzy Gefrees i M\u00fcnchberg: od 09.03.2026 r. na czas nieokre\u015blony."},"content":{"rendered":"<p>Ze wzgl\u0119du na prace budowlane, czasy odjazd\u00f3w dla nast\u0119puj\u0105cych dw\u00f3ch kurs\u00f3w mi\u0119dzy Gefrees i M\u00fcnchberg musz\u0105 zosta\u0107 przyspieszone o 5 minut:<\/p>\n<ul>\n<li>Gefrees, Kirche - M\u00fcnchberg, S\u00fc\u00dfe Ecke - wcze\u015bniejsza godzina 5.55 zostanie przesuni\u0119ta na 5.50.<\/li>\n<li>M\u00fcnchberg, S\u00fc\u00dfe Ecke - Gefrees, Kirche - poprzednio godzina 6.12 zostanie przesuni\u0119ta na 6.07.<\/li>\n<\/ul>\n<p>&nbsp;<\/p>","protected":false},"excerpt":{"rendered":"<p>Z powodu prac budowlanych godziny odjazd\u00f3w dla nast\u0119puj\u0105cych dw\u00f3ch kurs\u00f3w mi\u0119dzy Gefrees i M\u00fcnchberg musz\u0105 zosta\u0107 przyspieszone o 5 minut: Gefrees, Kirche - M\u00fcnchberg, S\u00fc\u00dfe Ecke - poprzednio godzina 5.55 zostanie przesuni\u0119ta na 5.50 M\u00fcnchberg, S\u00fc\u00dfe Ecke - Gefrees, Kirche - poprzednio godzina 6.12 zostanie przesuni\u0119ta na 6.07. &nbsp;<\/p>","protected":false},"author":6,"featured_media":4003,"comment_status":"open","ping_status":"open","sticky":false,"template":"","format":"standard","meta":{"footnotes":""},"categories":[33,1],"tags":[],"class_list":["post-3460","post","type-post","status-publish","format-standard","has-post-thumbnail","hentry","category-fahrplanabweichungen","category-news"],"yoast_head":"<!-- This site is optimized with the Yoast SEO plugin v27.4 - https:\/\/yoast.com\/product\/yoast-seo-wordpress\/ -->\n<title>Linie 1545 | Fahrplanabweichung zwischen Gefrees und M\u00fcnchberg: ab 09.03.2026 bis auf unbestimmte Zeit - VB-Fichtelgebirge<\/title>\n<meta name=\"robots\" content=\"index, follow, max-snippet:-1, max-image-preview:large, max-video-preview:-1\" \/>\n<link rel=\"canonical\" href=\"https:\/\/vb-bachstein.de\/fichtelgebirge\/odchylenie-w-rozkladzie-jazdy-linii-1545-miedzy-gefrees-i-muenchberg-od-09-03-2026-r-na-czas-nieokreslony\/\" \/>\n<meta property=\"og:locale\" content=\"pl_PL\" \/>\n<meta property=\"og:type\" content=\"article\" \/>\n<meta property=\"og:title\" content=\"Linie 1545 | Fahrplanabweichung zwischen Gefrees und M\u00fcnchberg: ab 09.03.2026 bis auf unbestimmte Zeit - VB-Fichtelgebirge\" \/>\n<meta property=\"og:description\" content=\"Aufgrund einer Bauma\u00dfnahme m\u00fcssen zwischen Gefrees und M\u00fcnchberg bei den folgenden zwei Fahrten die Abfahrtzeiten um jeweils 5 Minuten vorverlegt werden: Gefrees, Kirche &#8211; M\u00fcnchberg, S\u00fc\u00dfe Ecke &#8211; bisher 5.55 Uhr wird vorverlegt auf 5.50 Uhr M\u00fcnchberg, S\u00fc\u00dfe Ecke &#8211; Gefrees, Kirche &#8211; bisher 6.12 Uhr wird vorverlegt auf 6.07 Uhr &nbsp;\" \/>\n<meta property=\"og:url\" content=\"https:\/\/vb-bachstein.de\/fichtelgebirge\/odchylenie-w-rozkladzie-jazdy-linii-1545-miedzy-gefrees-i-muenchberg-od-09-03-2026-r-na-czas-nieokreslony\/\" \/>\n<meta property=\"og:site_name\" content=\"VB-Fichtelgebirge\" \/>\n<meta property=\"article:published_time\" content=\"2026-03-05T08:59:21+00:00\" \/>\n<meta property=\"article:modified_time\" content=\"2026-03-09T07:47:24+00:00\" \/>\n<meta name=\"author\" content=\"peters\" \/>\n<meta name=\"twitter:card\" content=\"summary_large_image\" \/>\n<meta name=\"twitter:label1\" content=\"Napisane przez\" \/>\n\t<meta name=\"twitter:data1\" content=\"peters\" \/>\n\t<meta name=\"twitter:label2\" content=\"Szacowany czas czytania\" \/>\n\t<meta name=\"twitter:data2\" content=\"1 minuta\" \/>\n<script type=\"application\/ld+json\" class=\"yoast-schema-graph\">{\"@context\":\"https:\\\/\\\/schema.org\",\"@graph\":[{\"@type\":\"Article\",\"@id\":\"https:\\\/\\\/vb-bachstein.de\\\/fichtelgebirge\\\/linie-1545-fahrplanabweichung-zwischen-gefrees-und-muenchberg-ab-09-03-2026-bis-auf-unbestimmte-zeit\\\/#article\",\"isPartOf\":{\"@id\":\"https:\\\/\\\/vb-bachstein.de\\\/fichtelgebirge\\\/linie-1545-fahrplanabweichung-zwischen-gefrees-und-muenchberg-ab-09-03-2026-bis-auf-unbestimmte-zeit\\\/\"},\"author\":{\"name\":\"peters\",\"@id\":\"https:\\\/\\\/vb-bachstein.de\\\/fichtelgebirge\\\/#\\\/schema\\\/person\\\/a751b88c01dcbf14a5413f0808dacb67\"},\"headline\":\"Linie 1545 | Fahrplanabweichung zwischen Gefrees und M\u00fcnchberg: ab 09.03.2026 bis auf unbestimmte Zeit\",\"datePublished\":\"2026-03-05T08:59:21+00:00\",\"dateModified\":\"2026-03-09T07:47:24+00:00\",\"mainEntityOfPage\":{\"@id\":\"https:\\\/\\\/vb-bachstein.de\\\/fichtelgebirge\\\/linie-1545-fahrplanabweichung-zwischen-gefrees-und-muenchberg-ab-09-03-2026-bis-auf-unbestimmte-zeit\\\/\"},\"wordCount\":66,\"commentCount\":0,\"publisher\":{\"@id\":\"https:\\\/\\\/vb-bachstein.de\\\/fichtelgebirge\\\/#organization\"},\"image\":{\"@id\":\"https:\\\/\\\/vb-bachstein.de\\\/fichtelgebirge\\\/linie-1545-fahrplanabweichung-zwischen-gefrees-und-muenchberg-ab-09-03-2026-bis-auf-unbestimmte-zeit\\\/#primaryimage\"},\"thumbnailUrl\":\"https:\\\/\\\/vb-bachstein.de\\\/fichtelgebirge\\\/wp-content\\\/uploads\\\/sites\\\/14\\\/header-subsite_stoerungen-vb.jpg\",\"articleSection\":[\"Fahrplanabweichungen\",\"News\"],\"inLanguage\":\"pl-PL\",\"potentialAction\":[{\"@type\":\"CommentAction\",\"name\":\"Comment\",\"target\":[\"https:\\\/\\\/vb-bachstein.de\\\/fichtelgebirge\\\/linie-1545-fahrplanabweichung-zwischen-gefrees-und-muenchberg-ab-09-03-2026-bis-auf-unbestimmte-zeit\\\/#respond\"]}]},{\"@type\":\"WebPage\",\"@id\":\"https:\\\/\\\/vb-bachstein.de\\\/fichtelgebirge\\\/linie-1545-fahrplanabweichung-zwischen-gefrees-und-muenchberg-ab-09-03-2026-bis-auf-unbestimmte-zeit\\\/\",\"url\":\"https:\\\/\\\/vb-bachstein.de\\\/fichtelgebirge\\\/linie-1545-fahrplanabweichung-zwischen-gefrees-und-muenchberg-ab-09-03-2026-bis-auf-unbestimmte-zeit\\\/\",\"name\":\"Linie 1545 | Fahrplanabweichung zwischen Gefrees und M\u00fcnchberg: ab 09.03.2026 bis auf unbestimmte Zeit - VB-Fichtelgebirge\",\"isPartOf\":{\"@id\":\"https:\\\/\\\/vb-bachstein.de\\\/fichtelgebirge\\\/#website\"},\"primaryImageOfPage\":{\"@id\":\"https:\\\/\\\/vb-bachstein.de\\\/fichtelgebirge\\\/linie-1545-fahrplanabweichung-zwischen-gefrees-und-muenchberg-ab-09-03-2026-bis-auf-unbestimmte-zeit\\\/#primaryimage\"},\"image\":{\"@id\":\"https:\\\/\\\/vb-bachstein.de\\\/fichtelgebirge\\\/linie-1545-fahrplanabweichung-zwischen-gefrees-und-muenchberg-ab-09-03-2026-bis-auf-unbestimmte-zeit\\\/#primaryimage\"},\"thumbnailUrl\":\"https:\\\/\\\/vb-bachstein.de\\\/fichtelgebirge\\\/wp-content\\\/uploads\\\/sites\\\/14\\\/header-subsite_stoerungen-vb.jpg\",\"datePublished\":\"2026-03-05T08:59:21+00:00\",\"dateModified\":\"2026-03-09T07:47:24+00:00\",\"breadcrumb\":{\"@id\":\"https:\\\/\\\/vb-bachstein.de\\\/fichtelgebirge\\\/linie-1545-fahrplanabweichung-zwischen-gefrees-und-muenchberg-ab-09-03-2026-bis-auf-unbestimmte-zeit\\\/#breadcrumb\"},\"inLanguage\":\"pl-PL\",\"potentialAction\":[{\"@type\":\"ReadAction\",\"target\":[\"https:\\\/\\\/vb-bachstein.de\\\/fichtelgebirge\\\/linie-1545-fahrplanabweichung-zwischen-gefrees-und-muenchberg-ab-09-03-2026-bis-auf-unbestimmte-zeit\\\/\"]}]},{\"@type\":\"ImageObject\",\"inLanguage\":\"pl-PL\",\"@id\":\"https:\\\/\\\/vb-bachstein.de\\\/fichtelgebirge\\\/linie-1545-fahrplanabweichung-zwischen-gefrees-und-muenchberg-ab-09-03-2026-bis-auf-unbestimmte-zeit\\\/#primaryimage\",\"url\":\"https:\\\/\\\/vb-bachstein.de\\\/fichtelgebirge\\\/wp-content\\\/uploads\\\/sites\\\/14\\\/header-subsite_stoerungen-vb.jpg\",\"contentUrl\":\"https:\\\/\\\/vb-bachstein.de\\\/fichtelgebirge\\\/wp-content\\\/uploads\\\/sites\\\/14\\\/header-subsite_stoerungen-vb.jpg\"},{\"@type\":\"BreadcrumbList\",\"@id\":\"https:\\\/\\\/vb-bachstein.de\\\/fichtelgebirge\\\/linie-1545-fahrplanabweichung-zwischen-gefrees-und-muenchberg-ab-09-03-2026-bis-auf-unbestimmte-zeit\\\/#breadcrumb\",\"itemListElement\":[{\"@type\":\"ListItem\",\"position\":1,\"name\":\"Startseite\",\"item\":\"https:\\\/\\\/vb-bachstein.de\\\/fichtelgebirge\\\/\"},{\"@type\":\"ListItem\",\"position\":2,\"name\":\"Linie 1545 | Fahrplanabweichung zwischen Gefrees und M\u00fcnchberg: ab 09.03.2026 bis auf unbestimmte Zeit\"}]},{\"@type\":\"WebSite\",\"@id\":\"https:\\\/\\\/vb-bachstein.de\\\/fichtelgebirge\\\/#website\",\"url\":\"https:\\\/\\\/vb-bachstein.de\\\/fichtelgebirge\\\/\",\"name\":\"VB-Fichtelgebirge\",\"description\":\"\",\"publisher\":{\"@id\":\"https:\\\/\\\/vb-bachstein.de\\\/fichtelgebirge\\\/#organization\"},\"potentialAction\":[{\"@type\":\"SearchAction\",\"target\":{\"@type\":\"EntryPoint\",\"urlTemplate\":\"https:\\\/\\\/vb-bachstein.de\\\/fichtelgebirge\\\/?s={search_term_string}\"},\"query-input\":{\"@type\":\"PropertyValueSpecification\",\"valueRequired\":true,\"valueName\":\"search_term_string\"}}],\"inLanguage\":\"pl-PL\"},{\"@type\":\"Organization\",\"@id\":\"https:\\\/\\\/vb-bachstein.de\\\/fichtelgebirge\\\/#organization\",\"name\":\"VB-Fichtelgebirge\",\"url\":\"https:\\\/\\\/vb-bachstein.de\\\/fichtelgebirge\\\/\",\"logo\":{\"@type\":\"ImageObject\",\"inLanguage\":\"pl-PL\",\"@id\":\"https:\\\/\\\/vb-bachstein.de\\\/fichtelgebirge\\\/#\\\/schema\\\/logo\\\/image\\\/\",\"url\":\"https:\\\/\\\/vb-bachstein.de\\\/fichtelgebirge\\\/wp-content\\\/uploads\\\/sites\\\/14\\\/vb-bachstein_logo.svg\",\"contentUrl\":\"https:\\\/\\\/vb-bachstein.de\\\/fichtelgebirge\\\/wp-content\\\/uploads\\\/sites\\\/14\\\/vb-bachstein_logo.svg\",\"caption\":\"VB-Fichtelgebirge\"},\"image\":{\"@id\":\"https:\\\/\\\/vb-bachstein.de\\\/fichtelgebirge\\\/#\\\/schema\\\/logo\\\/image\\\/\"}},{\"@type\":\"Person\",\"@id\":\"https:\\\/\\\/vb-bachstein.de\\\/fichtelgebirge\\\/#\\\/schema\\\/person\\\/a751b88c01dcbf14a5413f0808dacb67\",\"name\":\"peters\",\"image\":{\"@type\":\"ImageObject\",\"inLanguage\":\"pl-PL\",\"@id\":\"https:\\\/\\\/secure.gravatar.com\\\/avatar\\\/9c3605722559827488fe70366f5a76c8bb200aca3e281d85f4011ea07a22d91d?s=96&d=mm&r=g\",\"url\":\"https:\\\/\\\/secure.gravatar.com\\\/avatar\\\/9c3605722559827488fe70366f5a76c8bb200aca3e281d85f4011ea07a22d91d?s=96&d=mm&r=g\",\"contentUrl\":\"https:\\\/\\\/secure.gravatar.com\\\/avatar\\\/9c3605722559827488fe70366f5a76c8bb200aca3e281d85f4011ea07a22d91d?s=96&d=mm&r=g\",\"caption\":\"peters\"},\"url\":\"https:\\\/\\\/vb-bachstein.de\\\/fichtelgebirge\\\/pl\\\/author\\\/peters\\\/\"}]}<\/script>\n<!-- \/ Yoast SEO plugin. -->","yoast_head_json":{"title":"Linia 1545 | Zmiana rozk\u0142adu jazdy pomi\u0119dzy Gefrees i M\u00fcnchberg: od 09.03.2026 na czas nieokre\u015blony - VB-Fichtelgebirge","robots":{"index":"index","follow":"follow","max-snippet":"max-snippet:-1","max-image-preview":"max-image-preview:large","max-video-preview":"max-video-preview:-1"},"canonical":"https:\/\/vb-bachstein.de\/fichtelgebirge\/odchylenie-w-rozkladzie-jazdy-linii-1545-miedzy-gefrees-i-muenchberg-od-09-03-2026-r-na-czas-nieokreslony\/","og_locale":"pl_PL","og_type":"article","og_title":"Linie 1545 | Fahrplanabweichung zwischen Gefrees und M\u00fcnchberg: ab 09.03.2026 bis auf unbestimmte Zeit - VB-Fichtelgebirge","og_description":"Aufgrund einer Bauma\u00dfnahme m\u00fcssen zwischen Gefrees und M\u00fcnchberg bei den folgenden zwei Fahrten die Abfahrtzeiten um jeweils 5 Minuten vorverlegt werden: Gefrees, Kirche &#8211; M\u00fcnchberg, S\u00fc\u00dfe Ecke &#8211; bisher 5.55 Uhr wird vorverlegt auf 5.50 Uhr M\u00fcnchberg, S\u00fc\u00dfe Ecke &#8211; Gefrees, Kirche &#8211; bisher 6.12 Uhr wird vorverlegt auf 6.07 Uhr &nbsp;","og_url":"https:\/\/vb-bachstein.de\/fichtelgebirge\/odchylenie-w-rozkladzie-jazdy-linii-1545-miedzy-gefrees-i-muenchberg-od-09-03-2026-r-na-czas-nieokreslony\/","og_site_name":"VB-Fichtelgebirge","article_published_time":"2026-03-05T08:59:21+00:00","article_modified_time":"2026-03-09T07:47:24+00:00","author":"peters","twitter_card":"summary_large_image","twitter_misc":{"Napisane przez":"peters","Szacowany czas czytania":"1 minuta"},"schema":{"@context":"https:\/\/schema.org","@graph":[{"@type":"Article","@id":"https:\/\/vb-bachstein.de\/fichtelgebirge\/linie-1545-fahrplanabweichung-zwischen-gefrees-und-muenchberg-ab-09-03-2026-bis-auf-unbestimmte-zeit\/#article","isPartOf":{"@id":"https:\/\/vb-bachstein.de\/fichtelgebirge\/linie-1545-fahrplanabweichung-zwischen-gefrees-und-muenchberg-ab-09-03-2026-bis-auf-unbestimmte-zeit\/"},"author":{"name":"peters","@id":"https:\/\/vb-bachstein.de\/fichtelgebirge\/#\/schema\/person\/a751b88c01dcbf14a5413f0808dacb67"},"headline":"Linie 1545 | Fahrplanabweichung zwischen Gefrees und M\u00fcnchberg: ab 09.03.2026 bis auf unbestimmte Zeit","datePublished":"2026-03-05T08:59:21+00:00","dateModified":"2026-03-09T07:47:24+00:00","mainEntityOfPage":{"@id":"https:\/\/vb-bachstein.de\/fichtelgebirge\/linie-1545-fahrplanabweichung-zwischen-gefrees-und-muenchberg-ab-09-03-2026-bis-auf-unbestimmte-zeit\/"},"wordCount":66,"commentCount":0,"publisher":{"@id":"https:\/\/vb-bachstein.de\/fichtelgebirge\/#organization"},"image":{"@id":"https:\/\/vb-bachstein.de\/fichtelgebirge\/linie-1545-fahrplanabweichung-zwischen-gefrees-und-muenchberg-ab-09-03-2026-bis-auf-unbestimmte-zeit\/#primaryimage"},"thumbnailUrl":"https:\/\/vb-bachstein.de\/fichtelgebirge\/wp-content\/uploads\/sites\/14\/header-subsite_stoerungen-vb.jpg","articleSection":["Fahrplanabweichungen","News"],"inLanguage":"pl-PL","potentialAction":[{"@type":"CommentAction","name":"Comment","target":["https:\/\/vb-bachstein.de\/fichtelgebirge\/linie-1545-fahrplanabweichung-zwischen-gefrees-und-muenchberg-ab-09-03-2026-bis-auf-unbestimmte-zeit\/#respond"]}]},{"@type":"WebPage","@id":"https:\/\/vb-bachstein.de\/fichtelgebirge\/linie-1545-fahrplanabweichung-zwischen-gefrees-und-muenchberg-ab-09-03-2026-bis-auf-unbestimmte-zeit\/","url":"https:\/\/vb-bachstein.de\/fichtelgebirge\/linie-1545-fahrplanabweichung-zwischen-gefrees-und-muenchberg-ab-09-03-2026-bis-auf-unbestimmte-zeit\/","name":"Linia 1545 | Zmiana rozk\u0142adu jazdy pomi\u0119dzy Gefrees i M\u00fcnchberg: od 09.03.2026 na czas nieokre\u015blony - VB-Fichtelgebirge","isPartOf":{"@id":"https:\/\/vb-bachstein.de\/fichtelgebirge\/#website"},"primaryImageOfPage":{"@id":"https:\/\/vb-bachstein.de\/fichtelgebirge\/linie-1545-fahrplanabweichung-zwischen-gefrees-und-muenchberg-ab-09-03-2026-bis-auf-unbestimmte-zeit\/#primaryimage"},"image":{"@id":"https:\/\/vb-bachstein.de\/fichtelgebirge\/linie-1545-fahrplanabweichung-zwischen-gefrees-und-muenchberg-ab-09-03-2026-bis-auf-unbestimmte-zeit\/#primaryimage"},"thumbnailUrl":"https:\/\/vb-bachstein.de\/fichtelgebirge\/wp-content\/uploads\/sites\/14\/header-subsite_stoerungen-vb.jpg","datePublished":"2026-03-05T08:59:21+00:00","dateModified":"2026-03-09T07:47:24+00:00","breadcrumb":{"@id":"https:\/\/vb-bachstein.de\/fichtelgebirge\/linie-1545-fahrplanabweichung-zwischen-gefrees-und-muenchberg-ab-09-03-2026-bis-auf-unbestimmte-zeit\/#breadcrumb"},"inLanguage":"pl-PL","potentialAction":[{"@type":"ReadAction","target":["https:\/\/vb-bachstein.de\/fichtelgebirge\/linie-1545-fahrplanabweichung-zwischen-gefrees-und-muenchberg-ab-09-03-2026-bis-auf-unbestimmte-zeit\/"]}]},{"@type":"ImageObject","inLanguage":"pl-PL","@id":"https:\/\/vb-bachstein.de\/fichtelgebirge\/linie-1545-fahrplanabweichung-zwischen-gefrees-und-muenchberg-ab-09-03-2026-bis-auf-unbestimmte-zeit\/#primaryimage","url":"https:\/\/vb-bachstein.de\/fichtelgebirge\/wp-content\/uploads\/sites\/14\/header-subsite_stoerungen-vb.jpg","contentUrl":"https:\/\/vb-bachstein.de\/fichtelgebirge\/wp-content\/uploads\/sites\/14\/header-subsite_stoerungen-vb.jpg"},{"@type":"BreadcrumbList","@id":"https:\/\/vb-bachstein.de\/fichtelgebirge\/linie-1545-fahrplanabweichung-zwischen-gefrees-und-muenchberg-ab-09-03-2026-bis-auf-unbestimmte-zeit\/#breadcrumb","itemListElement":[{"@type":"ListItem","position":1,"name":"Startseite","item":"https:\/\/vb-bachstein.de\/fichtelgebirge\/"},{"@type":"ListItem","position":2,"name":"Linie 1545 | Fahrplanabweichung zwischen Gefrees und M\u00fcnchberg: ab 09.03.2026 bis auf unbestimmte Zeit"}]},{"@type":"WebSite","@id":"https:\/\/vb-bachstein.de\/fichtelgebirge\/#website","url":"https:\/\/vb-bachstein.de\/fichtelgebirge\/","name":"VB-Fichtelgebirge","description":"","publisher":{"@id":"https:\/\/vb-bachstein.de\/fichtelgebirge\/#organization"},"potentialAction":[{"@type":"SearchAction","target":{"@type":"EntryPoint","urlTemplate":"https:\/\/vb-bachstein.de\/fichtelgebirge\/?s={search_term_string}"},"query-input":{"@type":"PropertyValueSpecification","valueRequired":true,"valueName":"search_term_string"}}],"inLanguage":"pl-PL"},{"@type":"Organization","@id":"https:\/\/vb-bachstein.de\/fichtelgebirge\/#organization","name":"VB-Fichtelgebirge","url":"https:\/\/vb-bachstein.de\/fichtelgebirge\/","logo":{"@type":"ImageObject","inLanguage":"pl-PL","@id":"https:\/\/vb-bachstein.de\/fichtelgebirge\/#\/schema\/logo\/image\/","url":"https:\/\/vb-bachstein.de\/fichtelgebirge\/wp-content\/uploads\/sites\/14\/vb-bachstein_logo.svg","contentUrl":"https:\/\/vb-bachstein.de\/fichtelgebirge\/wp-content\/uploads\/sites\/14\/vb-bachstein_logo.svg","caption":"VB-Fichtelgebirge"},"image":{"@id":"https:\/\/vb-bachstein.de\/fichtelgebirge\/#\/schema\/logo\/image\/"}},{"@type":"Person","@id":"https:\/\/vb-bachstein.de\/fichtelgebirge\/#\/schema\/person\/a751b88c01dcbf14a5413f0808dacb67","name":"petery","image":{"@type":"ImageObject","inLanguage":"pl-PL","@id":"https:\/\/secure.gravatar.com\/avatar\/9c3605722559827488fe70366f5a76c8bb200aca3e281d85f4011ea07a22d91d?s=96&d=mm&r=g","url":"https:\/\/secure.gravatar.com\/avatar\/9c3605722559827488fe70366f5a76c8bb200aca3e281d85f4011ea07a22d91d?s=96&d=mm&r=g","contentUrl":"https:\/\/secure.gravatar.com\/avatar\/9c3605722559827488fe70366f5a76c8bb200aca3e281d85f4011ea07a22d91d?s=96&d=mm&r=g","caption":"peters"},"url":"https:\/\/vb-bachstein.de\/fichtelgebirge\/pl\/author\/peters\/"}]}},"_links":{"self":[{"href":"https:\/\/vb-bachstein.de\/fichtelgebirge\/pl\/wp-json\/wp\/v2\/posts\/3460","targetHints":{"allow":["GET"]}}],"collection":[{"href":"https:\/\/vb-bachstein.de\/fichtelgebirge\/pl\/wp-json\/wp\/v2\/posts"}],"about":[{"href":"https:\/\/vb-bachstein.de\/fichtelgebirge\/pl\/wp-json\/wp\/v2\/types\/post"}],"author":[{"embeddable":true,"href":"https:\/\/vb-bachstein.de\/fichtelgebirge\/pl\/wp-json\/wp\/v2\/users\/6"}],"replies":[{"embeddable":true,"href":"https:\/\/vb-bachstein.de\/fichtelgebirge\/pl\/wp-json\/wp\/v2\/comments?post=3460"}],"version-history":[{"count":0,"href":"https:\/\/vb-bachstein.de\/fichtelgebirge\/pl\/wp-json\/wp\/v2\/posts\/3460\/revisions"}],"wp:featuredmedia":[{"embeddable":true,"href":"https:\/\/vb-bachstein.de\/fichtelgebirge\/pl\/wp-json\/"}],"wp:attachment":[{"href":"https:\/\/vb-bachstein.de\/fichtelgebirge\/pl\/wp-json\/wp\/v2\/media?parent=3460"}],"wp:term":[{"taxonomy":"category","embeddable":true,"href":"https:\/\/vb-bachstein.de\/fichtelgebirge\/pl\/wp-json\/wp\/v2\/categories?post=3460"},{"taxonomy":"post_tag","embeddable":true,"href":"https:\/\/vb-bachstein.de\/fichtelgebirge\/pl\/wp-json\/wp\/v2\/tags?post=3460"}],"curies":[{"name":"wp","href":"https:\/\/api.w.org\/{rel}","templated":true}]}}