{"id":3408,"date":"2026-01-20T14:03:50","date_gmt":"2026-01-20T13:03:50","guid":{"rendered":"https:\/\/kvg-bus.de\/vb-hof\/?p=3408"},"modified":"2026-01-21T15:55:25","modified_gmt":"2026-01-21T14:55:25","slug":"we-move-at-17-18-12-2025-not-available","status":"publish","type":"post","link":"https:\/\/vb-bachstein.de\/fichtelgebirge\/en\/wir-ziehen-um-17-18-12-2025-nicht-erreichbar\/","title":{"rendered":"New location | We have moved!"},"content":{"rendered":"<p>On 1 January 2026, we moved to a joint location with RBO within Hof. By taking this step, we are specifically creating the conditions for even closer cooperation and collaboration between the two companies in the future. The move from Unterkotzauer Weg to the RBO site will enable significantly better coordination in our day-to-day work and open up additional potential thanks to the physical proximity - for example in processes, communication and joint planning.<\/p>\n<p>We look forward to continuing to work together in a spirit of trust and partnership, which will be further strengthened by the shared location and contribute to the long-term improvement and stability of transport services in the region.<\/p>\n<p>Our new address is:<\/p>\n<ul class=\"icons\">\n<li data-end=\"421\" data-start=\"0\"><strong>Am Bahnbetriebswerk 5, 95028 Hof\/Saale<\/strong><\/li>\n<\/ul>\n<p>&nbsp;<\/p>","protected":false},"excerpt":{"rendered":"<p>On 1 January 2026, we moved to a joint location with RBO within Hof. By taking this step, we are specifically creating the conditions for even closer cooperation and collaboration between the two companies in the future. The move from Unterkotzauer Weg to the RBO site will enable significantly better coordination in our day-to-day work and open up additional potential thanks to the physical proximity - for example in processes, communication and joint planning. We look forward to continuing to work together in a spirit of trust and partnership, which will be further strengthened by the shared location and contribute to the long-term improvement and stability of transport services in the region. Our new address is: Am Bahnbetriebswerk 5, 95028 Hof\/Saale &nbsp;<\/p>","protected":false},"author":4,"featured_media":4088,"comment_status":"open","ping_status":"open","sticky":false,"template":"","format":"standard","meta":{"footnotes":""},"categories":[1],"tags":[],"class_list":["post-3408","post","type-post","status-publish","format-standard","has-post-thumbnail","hentry","category-news"],"yoast_head":"<!-- This site is optimized with the Yoast SEO plugin v27.4 - https:\/\/yoast.com\/product\/yoast-seo-wordpress\/ -->\n<title>Neuer Standort | Wir sind umgezogen! - VB-Fichtelgebirge<\/title>\n<meta name=\"robots\" content=\"index, follow, max-snippet:-1, max-image-preview:large, max-video-preview:-1\" \/>\n<link rel=\"canonical\" href=\"https:\/\/vb-bachstein.de\/fichtelgebirge\/we-move-at-17-18-12-2025-not-available\/\" \/>\n<meta property=\"og:locale\" content=\"en_GB\" \/>\n<meta property=\"og:type\" content=\"article\" \/>\n<meta property=\"og:title\" content=\"Neuer Standort | Wir sind umgezogen! - VB-Fichtelgebirge\" \/>\n<meta property=\"og:description\" content=\"Zum 1. Januar 2026 sind wir innerhalb Hofs an einen gemeinsamen Standort mit der RBO umgezogen. Mit diesem Schritt schaffen wir gezielt die Voraussetzungen f\u00fcr eine k\u00fcnftig noch engere Kooperation und Zusammenarbeit beider Betriebe. Der Wechsel vom Unterkotzauer Weg an den Standort der RBO erm\u00f6glicht eine deutlich bessere Abstimmung im Arbeitsalltag und er\u00f6ffnet durch die r\u00e4umliche N\u00e4he zus\u00e4tzliche Potenziale \u2013 etwa bei Prozessen, Kommunikation und gemeinsamer Planung. Wir freuen uns auf eine weiterhin vertrauensvolle und partnerschaftliche Zusammenarbeit, die durch den gemeinsamen Standort weiter gest\u00e4rkt wird und langfristig zur Verbesserung und Stabilit\u00e4t der Verkehrsangebote in der Region beitr\u00e4gt. Unsere neue Adresse lautet: Am Bahnbetriebswerk 5,\u00a095028 Hof\/Saale &nbsp;\" \/>\n<meta property=\"og:url\" content=\"https:\/\/vb-bachstein.de\/fichtelgebirge\/we-move-at-17-18-12-2025-not-available\/\" \/>\n<meta property=\"og:site_name\" content=\"VB-Fichtelgebirge\" \/>\n<meta property=\"article:published_time\" content=\"2026-01-20T13:03:50+00:00\" \/>\n<meta property=\"article:modified_time\" content=\"2026-01-21T14:55:25+00:00\" \/>\n<meta name=\"author\" content=\"sprager\" \/>\n<meta name=\"twitter:card\" content=\"summary_large_image\" \/>\n<meta name=\"twitter:label1\" content=\"Written by\" \/>\n\t<meta name=\"twitter:data1\" content=\"sprager\" \/>\n\t<meta name=\"twitter:label2\" content=\"Estimated reading time\" \/>\n\t<meta name=\"twitter:data2\" content=\"1 minute\" \/>\n<script type=\"application\/ld+json\" class=\"yoast-schema-graph\">{\"@context\":\"https:\\\/\\\/schema.org\",\"@graph\":[{\"@type\":\"Article\",\"@id\":\"https:\\\/\\\/vb-bachstein.de\\\/fichtelgebirge\\\/wir-ziehen-um-17-18-12-2025-nicht-erreichbar\\\/#article\",\"isPartOf\":{\"@id\":\"https:\\\/\\\/vb-bachstein.de\\\/fichtelgebirge\\\/wir-ziehen-um-17-18-12-2025-nicht-erreichbar\\\/\"},\"author\":{\"name\":\"sprager\",\"@id\":\"https:\\\/\\\/vb-bachstein.de\\\/fichtelgebirge\\\/#\\\/schema\\\/person\\\/b008f998d49926c8ddca013e5a810139\"},\"headline\":\"Neuer Standort | Wir sind umgezogen!\",\"datePublished\":\"2026-01-20T13:03:50+00:00\",\"dateModified\":\"2026-01-21T14:55:25+00:00\",\"mainEntityOfPage\":{\"@id\":\"https:\\\/\\\/vb-bachstein.de\\\/fichtelgebirge\\\/wir-ziehen-um-17-18-12-2025-nicht-erreichbar\\\/\"},\"wordCount\":118,\"commentCount\":0,\"publisher\":{\"@id\":\"https:\\\/\\\/vb-bachstein.de\\\/fichtelgebirge\\\/#organization\"},\"image\":{\"@id\":\"https:\\\/\\\/vb-bachstein.de\\\/fichtelgebirge\\\/wir-ziehen-um-17-18-12-2025-nicht-erreichbar\\\/#primaryimage\"},\"thumbnailUrl\":\"https:\\\/\\\/vb-bachstein.de\\\/fichtelgebirge\\\/wp-content\\\/uploads\\\/sites\\\/14\\\/VB_Hof-01_2026Kein-Titel-1920-x-640-px-1920-x-640-px.jpg\",\"articleSection\":[\"News\"],\"inLanguage\":\"en-GB\",\"potentialAction\":[{\"@type\":\"CommentAction\",\"name\":\"Comment\",\"target\":[\"https:\\\/\\\/vb-bachstein.de\\\/fichtelgebirge\\\/wir-ziehen-um-17-18-12-2025-nicht-erreichbar\\\/#respond\"]}]},{\"@type\":\"WebPage\",\"@id\":\"https:\\\/\\\/vb-bachstein.de\\\/fichtelgebirge\\\/wir-ziehen-um-17-18-12-2025-nicht-erreichbar\\\/\",\"url\":\"https:\\\/\\\/vb-bachstein.de\\\/fichtelgebirge\\\/wir-ziehen-um-17-18-12-2025-nicht-erreichbar\\\/\",\"name\":\"Neuer Standort | Wir sind umgezogen! - VB-Fichtelgebirge\",\"isPartOf\":{\"@id\":\"https:\\\/\\\/vb-bachstein.de\\\/fichtelgebirge\\\/#website\"},\"primaryImageOfPage\":{\"@id\":\"https:\\\/\\\/vb-bachstein.de\\\/fichtelgebirge\\\/wir-ziehen-um-17-18-12-2025-nicht-erreichbar\\\/#primaryimage\"},\"image\":{\"@id\":\"https:\\\/\\\/vb-bachstein.de\\\/fichtelgebirge\\\/wir-ziehen-um-17-18-12-2025-nicht-erreichbar\\\/#primaryimage\"},\"thumbnailUrl\":\"https:\\\/\\\/vb-bachstein.de\\\/fichtelgebirge\\\/wp-content\\\/uploads\\\/sites\\\/14\\\/VB_Hof-01_2026Kein-Titel-1920-x-640-px-1920-x-640-px.jpg\",\"datePublished\":\"2026-01-20T13:03:50+00:00\",\"dateModified\":\"2026-01-21T14:55:25+00:00\",\"breadcrumb\":{\"@id\":\"https:\\\/\\\/vb-bachstein.de\\\/fichtelgebirge\\\/wir-ziehen-um-17-18-12-2025-nicht-erreichbar\\\/#breadcrumb\"},\"inLanguage\":\"en-GB\",\"potentialAction\":[{\"@type\":\"ReadAction\",\"target\":[\"https:\\\/\\\/vb-bachstein.de\\\/fichtelgebirge\\\/wir-ziehen-um-17-18-12-2025-nicht-erreichbar\\\/\"]}]},{\"@type\":\"ImageObject\",\"inLanguage\":\"en-GB\",\"@id\":\"https:\\\/\\\/vb-bachstein.de\\\/fichtelgebirge\\\/wir-ziehen-um-17-18-12-2025-nicht-erreichbar\\\/#primaryimage\",\"url\":\"https:\\\/\\\/vb-bachstein.de\\\/fichtelgebirge\\\/wp-content\\\/uploads\\\/sites\\\/14\\\/VB_Hof-01_2026Kein-Titel-1920-x-640-px-1920-x-640-px.jpg\",\"contentUrl\":\"https:\\\/\\\/vb-bachstein.de\\\/fichtelgebirge\\\/wp-content\\\/uploads\\\/sites\\\/14\\\/VB_Hof-01_2026Kein-Titel-1920-x-640-px-1920-x-640-px.jpg\"},{\"@type\":\"BreadcrumbList\",\"@id\":\"https:\\\/\\\/vb-bachstein.de\\\/fichtelgebirge\\\/wir-ziehen-um-17-18-12-2025-nicht-erreichbar\\\/#breadcrumb\",\"itemListElement\":[{\"@type\":\"ListItem\",\"position\":1,\"name\":\"Startseite\",\"item\":\"https:\\\/\\\/vb-bachstein.de\\\/fichtelgebirge\\\/\"},{\"@type\":\"ListItem\",\"position\":2,\"name\":\"Neuer Standort | Wir sind umgezogen!\"}]},{\"@type\":\"WebSite\",\"@id\":\"https:\\\/\\\/vb-bachstein.de\\\/fichtelgebirge\\\/#website\",\"url\":\"https:\\\/\\\/vb-bachstein.de\\\/fichtelgebirge\\\/\",\"name\":\"VB-Fichtelgebirge\",\"description\":\"\",\"publisher\":{\"@id\":\"https:\\\/\\\/vb-bachstein.de\\\/fichtelgebirge\\\/#organization\"},\"potentialAction\":[{\"@type\":\"SearchAction\",\"target\":{\"@type\":\"EntryPoint\",\"urlTemplate\":\"https:\\\/\\\/vb-bachstein.de\\\/fichtelgebirge\\\/?s={search_term_string}\"},\"query-input\":{\"@type\":\"PropertyValueSpecification\",\"valueRequired\":true,\"valueName\":\"search_term_string\"}}],\"inLanguage\":\"en-GB\"},{\"@type\":\"Organization\",\"@id\":\"https:\\\/\\\/vb-bachstein.de\\\/fichtelgebirge\\\/#organization\",\"name\":\"VB-Fichtelgebirge\",\"url\":\"https:\\\/\\\/vb-bachstein.de\\\/fichtelgebirge\\\/\",\"logo\":{\"@type\":\"ImageObject\",\"inLanguage\":\"en-GB\",\"@id\":\"https:\\\/\\\/vb-bachstein.de\\\/fichtelgebirge\\\/#\\\/schema\\\/logo\\\/image\\\/\",\"url\":\"https:\\\/\\\/vb-bachstein.de\\\/fichtelgebirge\\\/wp-content\\\/uploads\\\/sites\\\/14\\\/vb-bachstein_logo.svg\",\"contentUrl\":\"https:\\\/\\\/vb-bachstein.de\\\/fichtelgebirge\\\/wp-content\\\/uploads\\\/sites\\\/14\\\/vb-bachstein_logo.svg\",\"caption\":\"VB-Fichtelgebirge\"},\"image\":{\"@id\":\"https:\\\/\\\/vb-bachstein.de\\\/fichtelgebirge\\\/#\\\/schema\\\/logo\\\/image\\\/\"}},{\"@type\":\"Person\",\"@id\":\"https:\\\/\\\/vb-bachstein.de\\\/fichtelgebirge\\\/#\\\/schema\\\/person\\\/b008f998d49926c8ddca013e5a810139\",\"name\":\"sprager\",\"image\":{\"@type\":\"ImageObject\",\"inLanguage\":\"en-GB\",\"@id\":\"https:\\\/\\\/secure.gravatar.com\\\/avatar\\\/c9f4904d5ee6846a305eba03c67dfde589dc71ebb212f17ea973f97cbdd5f980?s=96&d=mm&r=g\",\"url\":\"https:\\\/\\\/secure.gravatar.com\\\/avatar\\\/c9f4904d5ee6846a305eba03c67dfde589dc71ebb212f17ea973f97cbdd5f980?s=96&d=mm&r=g\",\"contentUrl\":\"https:\\\/\\\/secure.gravatar.com\\\/avatar\\\/c9f4904d5ee6846a305eba03c67dfde589dc71ebb212f17ea973f97cbdd5f980?s=96&d=mm&r=g\",\"caption\":\"sprager\"},\"url\":\"https:\\\/\\\/vb-bachstein.de\\\/fichtelgebirge\\\/en\\\/author\\\/sprager\\\/\"}]}<\/script>\n<!-- \/ Yoast SEO plugin. -->","yoast_head_json":{"title":"New location | We have moved! - VB-Fichtelgebirge","robots":{"index":"index","follow":"follow","max-snippet":"max-snippet:-1","max-image-preview":"max-image-preview:large","max-video-preview":"max-video-preview:-1"},"canonical":"https:\/\/vb-bachstein.de\/fichtelgebirge\/we-move-at-17-18-12-2025-not-available\/","og_locale":"en_GB","og_type":"article","og_title":"Neuer Standort | Wir sind umgezogen! - VB-Fichtelgebirge","og_description":"Zum 1. Januar 2026 sind wir innerhalb Hofs an einen gemeinsamen Standort mit der RBO umgezogen. Mit diesem Schritt schaffen wir gezielt die Voraussetzungen f\u00fcr eine k\u00fcnftig noch engere Kooperation und Zusammenarbeit beider Betriebe. Der Wechsel vom Unterkotzauer Weg an den Standort der RBO erm\u00f6glicht eine deutlich bessere Abstimmung im Arbeitsalltag und er\u00f6ffnet durch die r\u00e4umliche N\u00e4he zus\u00e4tzliche Potenziale \u2013 etwa bei Prozessen, Kommunikation und gemeinsamer Planung. Wir freuen uns auf eine weiterhin vertrauensvolle und partnerschaftliche Zusammenarbeit, die durch den gemeinsamen Standort weiter gest\u00e4rkt wird und langfristig zur Verbesserung und Stabilit\u00e4t der Verkehrsangebote in der Region beitr\u00e4gt. Unsere neue Adresse lautet: Am Bahnbetriebswerk 5,\u00a095028 Hof\/Saale &nbsp;","og_url":"https:\/\/vb-bachstein.de\/fichtelgebirge\/we-move-at-17-18-12-2025-not-available\/","og_site_name":"VB-Fichtelgebirge","article_published_time":"2026-01-20T13:03:50+00:00","article_modified_time":"2026-01-21T14:55:25+00:00","author":"sprager","twitter_card":"summary_large_image","twitter_misc":{"Written by":"sprager","Estimated reading time":"1 minute"},"schema":{"@context":"https:\/\/schema.org","@graph":[{"@type":"Article","@id":"https:\/\/vb-bachstein.de\/fichtelgebirge\/wir-ziehen-um-17-18-12-2025-nicht-erreichbar\/#article","isPartOf":{"@id":"https:\/\/vb-bachstein.de\/fichtelgebirge\/wir-ziehen-um-17-18-12-2025-nicht-erreichbar\/"},"author":{"name":"sprager","@id":"https:\/\/vb-bachstein.de\/fichtelgebirge\/#\/schema\/person\/b008f998d49926c8ddca013e5a810139"},"headline":"Neuer Standort | Wir sind umgezogen!","datePublished":"2026-01-20T13:03:50+00:00","dateModified":"2026-01-21T14:55:25+00:00","mainEntityOfPage":{"@id":"https:\/\/vb-bachstein.de\/fichtelgebirge\/wir-ziehen-um-17-18-12-2025-nicht-erreichbar\/"},"wordCount":118,"commentCount":0,"publisher":{"@id":"https:\/\/vb-bachstein.de\/fichtelgebirge\/#organization"},"image":{"@id":"https:\/\/vb-bachstein.de\/fichtelgebirge\/wir-ziehen-um-17-18-12-2025-nicht-erreichbar\/#primaryimage"},"thumbnailUrl":"https:\/\/vb-bachstein.de\/fichtelgebirge\/wp-content\/uploads\/sites\/14\/VB_Hof-01_2026Kein-Titel-1920-x-640-px-1920-x-640-px.jpg","articleSection":["News"],"inLanguage":"en-GB","potentialAction":[{"@type":"CommentAction","name":"Comment","target":["https:\/\/vb-bachstein.de\/fichtelgebirge\/wir-ziehen-um-17-18-12-2025-nicht-erreichbar\/#respond"]}]},{"@type":"WebPage","@id":"https:\/\/vb-bachstein.de\/fichtelgebirge\/wir-ziehen-um-17-18-12-2025-nicht-erreichbar\/","url":"https:\/\/vb-bachstein.de\/fichtelgebirge\/wir-ziehen-um-17-18-12-2025-nicht-erreichbar\/","name":"New location | We have moved! - VB-Fichtelgebirge","isPartOf":{"@id":"https:\/\/vb-bachstein.de\/fichtelgebirge\/#website"},"primaryImageOfPage":{"@id":"https:\/\/vb-bachstein.de\/fichtelgebirge\/wir-ziehen-um-17-18-12-2025-nicht-erreichbar\/#primaryimage"},"image":{"@id":"https:\/\/vb-bachstein.de\/fichtelgebirge\/wir-ziehen-um-17-18-12-2025-nicht-erreichbar\/#primaryimage"},"thumbnailUrl":"https:\/\/vb-bachstein.de\/fichtelgebirge\/wp-content\/uploads\/sites\/14\/VB_Hof-01_2026Kein-Titel-1920-x-640-px-1920-x-640-px.jpg","datePublished":"2026-01-20T13:03:50+00:00","dateModified":"2026-01-21T14:55:25+00:00","breadcrumb":{"@id":"https:\/\/vb-bachstein.de\/fichtelgebirge\/wir-ziehen-um-17-18-12-2025-nicht-erreichbar\/#breadcrumb"},"inLanguage":"en-GB","potentialAction":[{"@type":"ReadAction","target":["https:\/\/vb-bachstein.de\/fichtelgebirge\/wir-ziehen-um-17-18-12-2025-nicht-erreichbar\/"]}]},{"@type":"ImageObject","inLanguage":"en-GB","@id":"https:\/\/vb-bachstein.de\/fichtelgebirge\/wir-ziehen-um-17-18-12-2025-nicht-erreichbar\/#primaryimage","url":"https:\/\/vb-bachstein.de\/fichtelgebirge\/wp-content\/uploads\/sites\/14\/VB_Hof-01_2026Kein-Titel-1920-x-640-px-1920-x-640-px.jpg","contentUrl":"https:\/\/vb-bachstein.de\/fichtelgebirge\/wp-content\/uploads\/sites\/14\/VB_Hof-01_2026Kein-Titel-1920-x-640-px-1920-x-640-px.jpg"},{"@type":"BreadcrumbList","@id":"https:\/\/vb-bachstein.de\/fichtelgebirge\/wir-ziehen-um-17-18-12-2025-nicht-erreichbar\/#breadcrumb","itemListElement":[{"@type":"ListItem","position":1,"name":"Startseite","item":"https:\/\/vb-bachstein.de\/fichtelgebirge\/"},{"@type":"ListItem","position":2,"name":"Neuer Standort | Wir sind umgezogen!"}]},{"@type":"WebSite","@id":"https:\/\/vb-bachstein.de\/fichtelgebirge\/#website","url":"https:\/\/vb-bachstein.de\/fichtelgebirge\/","name":"VB Fichtel Mountains","description":"","publisher":{"@id":"https:\/\/vb-bachstein.de\/fichtelgebirge\/#organization"},"potentialAction":[{"@type":"SearchAction","target":{"@type":"EntryPoint","urlTemplate":"https:\/\/vb-bachstein.de\/fichtelgebirge\/?s={search_term_string}"},"query-input":{"@type":"PropertyValueSpecification","valueRequired":true,"valueName":"search_term_string"}}],"inLanguage":"en-GB"},{"@type":"Organization","@id":"https:\/\/vb-bachstein.de\/fichtelgebirge\/#organization","name":"VB Fichtel Mountains","url":"https:\/\/vb-bachstein.de\/fichtelgebirge\/","logo":{"@type":"ImageObject","inLanguage":"en-GB","@id":"https:\/\/vb-bachstein.de\/fichtelgebirge\/#\/schema\/logo\/image\/","url":"https:\/\/vb-bachstein.de\/fichtelgebirge\/wp-content\/uploads\/sites\/14\/vb-bachstein_logo.svg","contentUrl":"https:\/\/vb-bachstein.de\/fichtelgebirge\/wp-content\/uploads\/sites\/14\/vb-bachstein_logo.svg","caption":"VB-Fichtelgebirge"},"image":{"@id":"https:\/\/vb-bachstein.de\/fichtelgebirge\/#\/schema\/logo\/image\/"}},{"@type":"Person","@id":"https:\/\/vb-bachstein.de\/fichtelgebirge\/#\/schema\/person\/b008f998d49926c8ddca013e5a810139","name":"sprager","image":{"@type":"ImageObject","inLanguage":"en-GB","@id":"https:\/\/secure.gravatar.com\/avatar\/c9f4904d5ee6846a305eba03c67dfde589dc71ebb212f17ea973f97cbdd5f980?s=96&d=mm&r=g","url":"https:\/\/secure.gravatar.com\/avatar\/c9f4904d5ee6846a305eba03c67dfde589dc71ebb212f17ea973f97cbdd5f980?s=96&d=mm&r=g","contentUrl":"https:\/\/secure.gravatar.com\/avatar\/c9f4904d5ee6846a305eba03c67dfde589dc71ebb212f17ea973f97cbdd5f980?s=96&d=mm&r=g","caption":"sprager"},"url":"https:\/\/vb-bachstein.de\/fichtelgebirge\/en\/author\/sprager\/"}]}},"_links":{"self":[{"href":"https:\/\/vb-bachstein.de\/fichtelgebirge\/en\/wp-json\/wp\/v2\/posts\/3408","targetHints":{"allow":["GET"]}}],"collection":[{"href":"https:\/\/vb-bachstein.de\/fichtelgebirge\/en\/wp-json\/wp\/v2\/posts"}],"about":[{"href":"https:\/\/vb-bachstein.de\/fichtelgebirge\/en\/wp-json\/wp\/v2\/types\/post"}],"author":[{"embeddable":true,"href":"https:\/\/vb-bachstein.de\/fichtelgebirge\/en\/wp-json\/wp\/v2\/users\/4"}],"replies":[{"embeddable":true,"href":"https:\/\/vb-bachstein.de\/fichtelgebirge\/en\/wp-json\/wp\/v2\/comments?post=3408"}],"version-history":[{"count":0,"href":"https:\/\/vb-bachstein.de\/fichtelgebirge\/en\/wp-json\/wp\/v2\/posts\/3408\/revisions"}],"wp:featuredmedia":[{"embeddable":true,"href":"https:\/\/vb-bachstein.de\/fichtelgebirge\/en\/wp-json\/"}],"wp:attachment":[{"href":"https:\/\/vb-bachstein.de\/fichtelgebirge\/en\/wp-json\/wp\/v2\/media?parent=3408"}],"wp:term":[{"taxonomy":"category","embeddable":true,"href":"https:\/\/vb-bachstein.de\/fichtelgebirge\/en\/wp-json\/wp\/v2\/categories?post=3408"},{"taxonomy":"post_tag","embeddable":true,"href":"https:\/\/vb-bachstein.de\/fichtelgebirge\/en\/wp-json\/wp\/v2\/tags?post=3408"}],"curies":[{"name":"wp","href":"https:\/\/api.w.org\/{rel}","templated":true}]}}